{"id":11168,"date":"2020-07-07T08:24:57","date_gmt":"2020-07-07T07:24:57","guid":{"rendered":"https:\/\/observatorioigualdadyempleo.es\/?p=11168"},"modified":"2020-07-28T11:22:49","modified_gmt":"2020-07-28T10:22:49","slug":"reconstruccion-estable-y-con-derechos","status":"publish","type":"post","link":"http:\/\/activat9-cp344.wordpresstemporal.com\/observatorio_igualdad_y_empleo\/reconstruccion-estable-y-con-derechos\/","title":{"rendered":"Reconstrucci\u00f3n estable y con derechos"},"content":{"rendered":"<p>Yolanda D\u00edaz, ministra de Trabajo y Econom\u00eda Social, intervino la semana pasada en la Cumbre Mundial virtual organizada por la <a href=\"https:\/\/observatorioigualdadyempleo.es\/?s=OIT\" target=\"_blank\" rel=\"noopener noreferrer\">Organizaci\u00f3n Internacional del Trabajo (OIT)<\/a> sobre la COVID-19 y el trabajo. En esta cumbre participaron diferentes representantes de gobierno, personas trabajadoras y empleadoras de distinta experiencia para intercambiar propuestas.<\/p>\n<p>Las l\u00edneas de la intervenci\u00f3n espa\u00f1ola se basaron en la protecci\u00f3n de las personas trabajadoras en el \u00e1mbito laboral, estimular la econom\u00eda y el empleo, mantenimiento de los puestos de trabajo y la importancia del di\u00e1logo social para buscar soluciones.<\/p>\n<p>Asimismo, la ministra ha expuesto que el Ministerio tiene como objetivo regular las plataformas digitales y adoptar herramientas que permitan garantizar la <strong>igualdad efectiva de hombres y mujeres y la distribuci\u00f3n de forma equitativa de los cuidado<\/strong>s.<\/p>\n<p>Para conocer m\u00e1s informaci\u00f3n sobre el tema, te recomendamos que consultes el siguiente <a href=\"http:\/\/prensa.mitramiss.gob.es\/WebPrensa\/noticias\/ministro\/detalle\/3852\" target=\"_blank\" rel=\"noopener noreferrer\">enlace<\/a>.<\/p>\n<p>El\u00a0<strong>Observatorio de Igualdad y Empleo<\/strong>\u00a0es una\u00a0acci\u00f3n de divulgaci\u00f3n que forma parte del proyecto\u00a0<a href=\"https:\/\/observatorioigualdadyempleo.es\/proyecto-dana\/\" target=\"_blank\" rel=\"noopener noreferrer\">DANA+<\/a>, financiado por el\u00a0<a href=\"https:\/\/ec.europa.eu\/social\/main.jsp?langId=es&amp;catId=325\" target=\"_blank\" rel=\"noopener noreferrer\">Fondo Social Europeo.<\/a><\/p>\n<p>*La foto incluida en esta noticia del Observatorio de Igualdad y Empleo fue obtenida de la p\u00e1gina web del Ministerio de Trabajo y Econom\u00eda Social, noticia publicada 01 de julio de 2020 (<a href=\"http:\/\/prensa.mitramiss.gob.es\/WebPrensa\/img\/noticias\/principal\/20200701_18_56_23_web2.jpg\" target=\"_blank\" rel=\"noopener noreferrer\">enlace a la foto<\/a>)<\/p>\n","protected":false},"excerpt":{"rendered":"<p>Yolanda D\u00edaz, ministra de Trabajo y Econom\u00eda Social, intervino la semana pasada en la Cumbre Mundial virtual organizada por la Organizaci\u00f3n Internacional del Trabajo (OIT) sobre la COVID-19 y el trabajo. En esta cumbre participaron diferentes representantes de gobierno, personas<span class=\"excerpt-hellip\"> [\u2026]<\/span><\/p>\n","protected":false},"author":1,"featured_media":0,"comment_status":"closed","ping_status":"open","sticky":false,"template":"","format":"standard","meta":{"footnotes":""},"categories":[396,181],"tags":[331,51,398,341,69,38,68],"class_list":["post-11168","post","type-post","status-publish","format-standard","hentry","category-covid-19","category-empleo","tag-331","tag-corresponsabilidad","tag-covid-19","tag-cuidados","tag-espana","tag-igualdad-de-oportunidades","tag-oit"],"yoast_head":"<!-- This site is optimized with the Yoast SEO plugin v27.5 - https:\/\/yoast.com\/product\/yoast-seo-wordpress\/ -->\n<title>Reconstrucci\u00f3n estable y con derechos - Observatorio de Igualdad y Empleo<\/title>\n<meta name=\"robots\" content=\"index, follow, max-snippet:-1, max-image-preview:large, max-video-preview:-1\" \/>\n<link rel=\"canonical\" href=\"http:\/\/activat9-cp344.wordpresstemporal.com\/observatorio_igualdad_y_empleo\/reconstruccion-estable-y-con-derechos\/\" \/>\n<meta property=\"og:locale\" content=\"es_ES\" \/>\n<meta property=\"og:type\" content=\"article\" \/>\n<meta property=\"og:title\" content=\"Reconstrucci\u00f3n estable y con derechos - Observatorio de Igualdad y Empleo\" \/>\n<meta property=\"og:description\" content=\"Yolanda D\u00edaz, ministra de Trabajo y Econom\u00eda Social, intervino la semana pasada en la Cumbre Mundial virtual organizada por la Organizaci\u00f3n Internacional del Trabajo (OIT) sobre la COVID-19 y el trabajo. En esta cumbre participaron diferentes representantes de gobierno, personas [\u2026]\" \/>\n<meta property=\"og:url\" content=\"http:\/\/activat9-cp344.wordpresstemporal.com\/observatorio_igualdad_y_empleo\/reconstruccion-estable-y-con-derechos\/\" \/>\n<meta property=\"og:site_name\" content=\"Observatorio de Igualdad y Empleo\" \/>\n<meta property=\"article:publisher\" content=\"https:\/\/www.facebook.com\/fundacionmujeres\" \/>\n<meta property=\"article:published_time\" content=\"2020-07-07T07:24:57+00:00\" \/>\n<meta property=\"article:modified_time\" content=\"2020-07-28T10:22:49+00:00\" \/>\n<meta property=\"og:image\" content=\"http:\/\/activat9-cp344.wordpresstemporal.com\/observatorio_igualdad_y_empleo\/wp-content\/uploads\/2017\/12\/icono-web.png\" \/>\n\t<meta property=\"og:image:width\" content=\"512\" \/>\n\t<meta property=\"og:image:height\" content=\"512\" \/>\n\t<meta property=\"og:image:type\" content=\"image\/png\" \/>\n<meta name=\"author\" content=\"adminigemp\" \/>\n<meta name=\"twitter:card\" content=\"summary_large_image\" \/>\n<meta name=\"twitter:creator\" content=\"@fmujeres\" \/>\n<meta name=\"twitter:site\" content=\"@fmujeres\" \/>\n<meta name=\"twitter:label1\" content=\"Escrito por\" \/>\n\t<meta name=\"twitter:data1\" content=\"adminigemp\" \/>\n\t<meta name=\"twitter:label2\" content=\"Tiempo de lectura\" \/>\n\t<meta name=\"twitter:data2\" content=\"1 minuto\" \/>\n<script type=\"application\/ld+json\" class=\"yoast-schema-graph\">{\"@context\":\"https:\\\/\\\/schema.org\",\"@graph\":[{\"@type\":\"Article\",\"@id\":\"http:\\\/\\\/activat9-cp344.wordpresstemporal.com\\\/observatorio_igualdad_y_empleo\\\/reconstruccion-estable-y-con-derechos\\\/#article\",\"isPartOf\":{\"@id\":\"http:\\\/\\\/activat9-cp344.wordpresstemporal.com\\\/observatorio_igualdad_y_empleo\\\/reconstruccion-estable-y-con-derechos\\\/\"},\"author\":{\"name\":\"adminigemp\",\"@id\":\"https:\\\/\\\/observatorioigualdadyempleo.es\\\/#\\\/schema\\\/person\\\/041ae622a50c0db746d7ed6e688d6141\"},\"headline\":\"Reconstrucci\u00f3n estable y con derechos\",\"datePublished\":\"2020-07-07T07:24:57+00:00\",\"dateModified\":\"2020-07-28T10:22:49+00:00\",\"mainEntityOfPage\":{\"@id\":\"http:\\\/\\\/activat9-cp344.wordpresstemporal.com\\\/observatorio_igualdad_y_empleo\\\/reconstruccion-estable-y-con-derechos\\\/\"},\"wordCount\":219,\"keywords\":[\"2020\",\"Corresponsabilidad\",\"COVID-19\",\"Cuidados\",\"Espa\u00f1a\",\"Igualdad de Oportunidades\",\"OIT\"],\"articleSection\":[\"COVID-19\",\"Empleo\"],\"inLanguage\":\"es\"},{\"@type\":\"WebPage\",\"@id\":\"http:\\\/\\\/activat9-cp344.wordpresstemporal.com\\\/observatorio_igualdad_y_empleo\\\/reconstruccion-estable-y-con-derechos\\\/\",\"url\":\"http:\\\/\\\/activat9-cp344.wordpresstemporal.com\\\/observatorio_igualdad_y_empleo\\\/reconstruccion-estable-y-con-derechos\\\/\",\"name\":\"Reconstrucci\u00f3n estable y con derechos - Observatorio de Igualdad y Empleo\",\"isPartOf\":{\"@id\":\"https:\\\/\\\/observatorioigualdadyempleo.es\\\/#website\"},\"datePublished\":\"2020-07-07T07:24:57+00:00\",\"dateModified\":\"2020-07-28T10:22:49+00:00\",\"author\":{\"@id\":\"https:\\\/\\\/observatorioigualdadyempleo.es\\\/#\\\/schema\\\/person\\\/041ae622a50c0db746d7ed6e688d6141\"},\"breadcrumb\":{\"@id\":\"http:\\\/\\\/activat9-cp344.wordpresstemporal.com\\\/observatorio_igualdad_y_empleo\\\/reconstruccion-estable-y-con-derechos\\\/#breadcrumb\"},\"inLanguage\":\"es\",\"potentialAction\":[{\"@type\":\"ReadAction\",\"target\":[\"http:\\\/\\\/activat9-cp344.wordpresstemporal.com\\\/observatorio_igualdad_y_empleo\\\/reconstruccion-estable-y-con-derechos\\\/\"]}]},{\"@type\":\"BreadcrumbList\",\"@id\":\"http:\\\/\\\/activat9-cp344.wordpresstemporal.com\\\/observatorio_igualdad_y_empleo\\\/reconstruccion-estable-y-con-derechos\\\/#breadcrumb\",\"itemListElement\":[{\"@type\":\"ListItem\",\"position\":1,\"name\":\"Portada\",\"item\":\"https:\\\/\\\/observatorioigualdadyempleo.es\\\/\"},{\"@type\":\"ListItem\",\"position\":2,\"name\":\"Reconstrucci\u00f3n estable y con derechos\"}]},{\"@type\":\"WebSite\",\"@id\":\"https:\\\/\\\/observatorioigualdadyempleo.es\\\/#website\",\"url\":\"https:\\\/\\\/observatorioigualdadyempleo.es\\\/\",\"name\":\"Observatorio de Igualdad y Empleo\",\"description\":\"Recopilatorio de conocimiento sobre igualdad  y empleo\",\"potentialAction\":[{\"@type\":\"SearchAction\",\"target\":{\"@type\":\"EntryPoint\",\"urlTemplate\":\"https:\\\/\\\/observatorioigualdadyempleo.es\\\/?s={search_term_string}\"},\"query-input\":{\"@type\":\"PropertyValueSpecification\",\"valueRequired\":true,\"valueName\":\"search_term_string\"}}],\"inLanguage\":\"es\"},{\"@type\":\"Person\",\"@id\":\"https:\\\/\\\/observatorioigualdadyempleo.es\\\/#\\\/schema\\\/person\\\/041ae622a50c0db746d7ed6e688d6141\",\"name\":\"adminigemp\",\"image\":{\"@type\":\"ImageObject\",\"inLanguage\":\"es\",\"@id\":\"https:\\\/\\\/secure.gravatar.com\\\/avatar\\\/cf076103850650f3e444b8c4446ee6f3f1efb3d7395463e7b84e7cbe4c8ec390?s=96&d=mm&r=g\",\"url\":\"https:\\\/\\\/secure.gravatar.com\\\/avatar\\\/cf076103850650f3e444b8c4446ee6f3f1efb3d7395463e7b84e7cbe4c8ec390?s=96&d=mm&r=g\",\"contentUrl\":\"https:\\\/\\\/secure.gravatar.com\\\/avatar\\\/cf076103850650f3e444b8c4446ee6f3f1efb3d7395463e7b84e7cbe4c8ec390?s=96&d=mm&r=g\",\"caption\":\"adminigemp\"},\"url\":\"http:\\\/\\\/activat9-cp344.wordpresstemporal.com\\\/observatorio_igualdad_y_empleo\\\/author\\\/adminigemp\\\/\"}]}<\/script>\n<!-- \/ Yoast SEO plugin. -->","yoast_head_json":{"title":"Reconstrucci\u00f3n estable y con derechos - Observatorio de Igualdad y Empleo","robots":{"index":"index","follow":"follow","max-snippet":"max-snippet:-1","max-image-preview":"max-image-preview:large","max-video-preview":"max-video-preview:-1"},"canonical":"http:\/\/activat9-cp344.wordpresstemporal.com\/observatorio_igualdad_y_empleo\/reconstruccion-estable-y-con-derechos\/","og_locale":"es_ES","og_type":"article","og_title":"Reconstrucci\u00f3n estable y con derechos - Observatorio de Igualdad y Empleo","og_description":"Yolanda D\u00edaz, ministra de Trabajo y Econom\u00eda Social, intervino la semana pasada en la Cumbre Mundial virtual organizada por la Organizaci\u00f3n Internacional del Trabajo (OIT) sobre la COVID-19 y el trabajo. En esta cumbre participaron diferentes representantes de gobierno, personas [\u2026]","og_url":"http:\/\/activat9-cp344.wordpresstemporal.com\/observatorio_igualdad_y_empleo\/reconstruccion-estable-y-con-derechos\/","og_site_name":"Observatorio de Igualdad y Empleo","article_publisher":"https:\/\/www.facebook.com\/fundacionmujeres","article_published_time":"2020-07-07T07:24:57+00:00","article_modified_time":"2020-07-28T10:22:49+00:00","og_image":[{"width":512,"height":512,"url":"http:\/\/activat9-cp344.wordpresstemporal.com\/observatorio_igualdad_y_empleo\/wp-content\/uploads\/2017\/12\/icono-web.png","type":"image\/png"}],"author":"adminigemp","twitter_card":"summary_large_image","twitter_creator":"@fmujeres","twitter_site":"@fmujeres","twitter_misc":{"Escrito por":"adminigemp","Tiempo de lectura":"1 minuto"},"schema":{"@context":"https:\/\/schema.org","@graph":[{"@type":"Article","@id":"http:\/\/activat9-cp344.wordpresstemporal.com\/observatorio_igualdad_y_empleo\/reconstruccion-estable-y-con-derechos\/#article","isPartOf":{"@id":"http:\/\/activat9-cp344.wordpresstemporal.com\/observatorio_igualdad_y_empleo\/reconstruccion-estable-y-con-derechos\/"},"author":{"name":"adminigemp","@id":"https:\/\/observatorioigualdadyempleo.es\/#\/schema\/person\/041ae622a50c0db746d7ed6e688d6141"},"headline":"Reconstrucci\u00f3n estable y con derechos","datePublished":"2020-07-07T07:24:57+00:00","dateModified":"2020-07-28T10:22:49+00:00","mainEntityOfPage":{"@id":"http:\/\/activat9-cp344.wordpresstemporal.com\/observatorio_igualdad_y_empleo\/reconstruccion-estable-y-con-derechos\/"},"wordCount":219,"keywords":["2020","Corresponsabilidad","COVID-19","Cuidados","Espa\u00f1a","Igualdad de Oportunidades","OIT"],"articleSection":["COVID-19","Empleo"],"inLanguage":"es"},{"@type":"WebPage","@id":"http:\/\/activat9-cp344.wordpresstemporal.com\/observatorio_igualdad_y_empleo\/reconstruccion-estable-y-con-derechos\/","url":"http:\/\/activat9-cp344.wordpresstemporal.com\/observatorio_igualdad_y_empleo\/reconstruccion-estable-y-con-derechos\/","name":"Reconstrucci\u00f3n estable y con derechos - Observatorio de Igualdad y Empleo","isPartOf":{"@id":"https:\/\/observatorioigualdadyempleo.es\/#website"},"datePublished":"2020-07-07T07:24:57+00:00","dateModified":"2020-07-28T10:22:49+00:00","author":{"@id":"https:\/\/observatorioigualdadyempleo.es\/#\/schema\/person\/041ae622a50c0db746d7ed6e688d6141"},"breadcrumb":{"@id":"http:\/\/activat9-cp344.wordpresstemporal.com\/observatorio_igualdad_y_empleo\/reconstruccion-estable-y-con-derechos\/#breadcrumb"},"inLanguage":"es","potentialAction":[{"@type":"ReadAction","target":["http:\/\/activat9-cp344.wordpresstemporal.com\/observatorio_igualdad_y_empleo\/reconstruccion-estable-y-con-derechos\/"]}]},{"@type":"BreadcrumbList","@id":"http:\/\/activat9-cp344.wordpresstemporal.com\/observatorio_igualdad_y_empleo\/reconstruccion-estable-y-con-derechos\/#breadcrumb","itemListElement":[{"@type":"ListItem","position":1,"name":"Portada","item":"https:\/\/observatorioigualdadyempleo.es\/"},{"@type":"ListItem","position":2,"name":"Reconstrucci\u00f3n estable y con derechos"}]},{"@type":"WebSite","@id":"https:\/\/observatorioigualdadyempleo.es\/#website","url":"https:\/\/observatorioigualdadyempleo.es\/","name":"Observatorio de Igualdad y Empleo","description":"Recopilatorio de conocimiento sobre igualdad  y empleo","potentialAction":[{"@type":"SearchAction","target":{"@type":"EntryPoint","urlTemplate":"https:\/\/observatorioigualdadyempleo.es\/?s={search_term_string}"},"query-input":{"@type":"PropertyValueSpecification","valueRequired":true,"valueName":"search_term_string"}}],"inLanguage":"es"},{"@type":"Person","@id":"https:\/\/observatorioigualdadyempleo.es\/#\/schema\/person\/041ae622a50c0db746d7ed6e688d6141","name":"adminigemp","image":{"@type":"ImageObject","inLanguage":"es","@id":"https:\/\/secure.gravatar.com\/avatar\/cf076103850650f3e444b8c4446ee6f3f1efb3d7395463e7b84e7cbe4c8ec390?s=96&d=mm&r=g","url":"https:\/\/secure.gravatar.com\/avatar\/cf076103850650f3e444b8c4446ee6f3f1efb3d7395463e7b84e7cbe4c8ec390?s=96&d=mm&r=g","contentUrl":"https:\/\/secure.gravatar.com\/avatar\/cf076103850650f3e444b8c4446ee6f3f1efb3d7395463e7b84e7cbe4c8ec390?s=96&d=mm&r=g","caption":"adminigemp"},"url":"http:\/\/activat9-cp344.wordpresstemporal.com\/observatorio_igualdad_y_empleo\/author\/adminigemp\/"}]}},"_links":{"self":[{"href":"http:\/\/activat9-cp344.wordpresstemporal.com\/observatorio_igualdad_y_empleo\/wp-json\/wp\/v2\/posts\/11168","targetHints":{"allow":["GET"]}}],"collection":[{"href":"http:\/\/activat9-cp344.wordpresstemporal.com\/observatorio_igualdad_y_empleo\/wp-json\/wp\/v2\/posts"}],"about":[{"href":"http:\/\/activat9-cp344.wordpresstemporal.com\/observatorio_igualdad_y_empleo\/wp-json\/wp\/v2\/types\/post"}],"author":[{"embeddable":true,"href":"http:\/\/activat9-cp344.wordpresstemporal.com\/observatorio_igualdad_y_empleo\/wp-json\/wp\/v2\/users\/1"}],"replies":[{"embeddable":true,"href":"http:\/\/activat9-cp344.wordpresstemporal.com\/observatorio_igualdad_y_empleo\/wp-json\/wp\/v2\/comments?post=11168"}],"version-history":[{"count":1,"href":"http:\/\/activat9-cp344.wordpresstemporal.com\/observatorio_igualdad_y_empleo\/wp-json\/wp\/v2\/posts\/11168\/revisions"}],"predecessor-version":[{"id":11170,"href":"http:\/\/activat9-cp344.wordpresstemporal.com\/observatorio_igualdad_y_empleo\/wp-json\/wp\/v2\/posts\/11168\/revisions\/11170"}],"wp:attachment":[{"href":"http:\/\/activat9-cp344.wordpresstemporal.com\/observatorio_igualdad_y_empleo\/wp-json\/wp\/v2\/media?parent=11168"}],"wp:term":[{"taxonomy":"category","embeddable":true,"href":"http:\/\/activat9-cp344.wordpresstemporal.com\/observatorio_igualdad_y_empleo\/wp-json\/wp\/v2\/categories?post=11168"},{"taxonomy":"post_tag","embeddable":true,"href":"http:\/\/activat9-cp344.wordpresstemporal.com\/observatorio_igualdad_y_empleo\/wp-json\/wp\/v2\/tags?post=11168"}],"curies":[{"name":"wp","href":"https:\/\/api.w.org\/{rel}","templated":true}]}}