{"id":11262,"date":"2020-07-23T09:09:55","date_gmt":"2020-07-23T08:09:55","guid":{"rendered":"https:\/\/observatorioigualdadyempleo.es\/?p=11262"},"modified":"2020-07-27T10:52:52","modified_gmt":"2020-07-27T09:52:52","slug":"mujeres-lideres-mujeres-emprendedoras-2020","status":"publish","type":"post","link":"http:\/\/activat9-cp344.wordpresstemporal.com\/observatorio_igualdad_y_empleo\/mujeres-lideres-mujeres-emprendedoras-2020\/","title":{"rendered":"Mujeres l\u00edderes, mujeres emprendedoras 2020"},"content":{"rendered":"<p>El <a href=\"https:\/\/www.elreferente.es\/\" target=\"_blank\" rel=\"noopener noreferrer\">diario El Referente<\/a> ha publicado a finales del mes pasado su listado de <strong>mujeres referentes y l\u00edderes del ecosistema espa\u00f1ol<\/strong>.<\/p>\n<p>Las mujeres seleccionadas destacan por su trabajo y empe\u00f1o, al igual que por su capacidad de dirigir empresas de referencia en sus campos. Entre las mujeres seleccionadas se encuentran:<\/p>\n<ul>\n<li><strong>Cristina Rodr\u00edguez Blanco<\/strong>, CEO de <a href=\"https:\/\/www.mumablue.com\/esp\/inicio\" target=\"_blank\" rel=\"noopener noreferrer\">Mumablue<\/a>, startup espa\u00f1ola que crea cuentos personalizados.<\/li>\n<li><strong>Esther Rodr\u00edguez<\/strong>, CEO y fundadora de <a href=\"http:\/\/mystreetbook.es\/\" target=\"_blank\" rel=\"noopener noreferrer\">MyStreetBook<\/a>, plataforma de turismo inteligente para empresas e instituciones.<\/li>\n<li><strong>Lorena Rosende<\/strong>, CEO en <a href=\"https:\/\/merasys.es\/\" target=\"_blank\" rel=\"noopener noreferrer\">Ingenier\u00eda y Control Merasy<\/a>s, empresa que usa la ingenier\u00eda para mejorar la competitividad industrial de su clientela.<\/li>\n<li><strong>Marta Frenna<\/strong>, CEO de <a href=\"https:\/\/greyglasses.com\/\" target=\"_blank\" rel=\"noopener noreferrer\">GreyGlasses<\/a>, incorpora la realidad virtual y realidad aumentada en el sector de la \u00f3ptica.<\/li>\n<\/ul>\n<p>Para conocer m\u00e1s informaci\u00f3n sobre las biograf\u00edas de estas mujeres l\u00edderes, y de muchas otras profesionales referentes, haz clic en <a href=\"https:\/\/www.elreferente.es\/tecnologicos\/las-mujeres-emprendedoras-de-referencia-en-espana-en-2020-35233\" target=\"_blank\" rel=\"noopener noreferrer\">el siguiente enlace<\/a>. Este tipo de publicaciones visibilizan a mujeres <strong>creando referentes dentro de diferentes sectores del mercado laboral y tejido empresarial en Espa\u00f1a<\/strong>.<\/p>\n<p>En el <strong>Observatorio de Igualdad y Empleo<\/strong> podr\u00e1s encontrar m\u00e1s informaci\u00f3n sobre el emprendimiento. Te recomendamos que consultes <a href=\"https:\/\/observatorioigualdadyempleo.es\/?post_type%5B%5D=post&amp;post_type%5B%5D=wpdmpro&amp;s=&amp;tag_de_documento=emprendimiento&amp;tag=emprendimiento\" target=\"_blank\" rel=\"noopener noreferrer\">el siguiente enlace<\/a>. El\u00a0<strong>Observatorio de Igualdad y Empleo<\/strong>\u00a0es una\u00a0acci\u00f3n de divulgaci\u00f3n que forma parte del proyecto\u00a0<a href=\"https:\/\/observatorioigualdadyempleo.es\/proyecto-dana\/\" target=\"_blank\" rel=\"noopener noreferrer\">DANA+<\/a>, financiado por el\u00a0<a href=\"https:\/\/ec.europa.eu\/social\/main.jsp?langId=es&amp;catId=325\" target=\"_blank\" rel=\"noopener noreferrer\">Fondo Social Europeo.<\/a><\/p>\n<p>&nbsp;<\/p>\n<p>&nbsp;<\/p>\n","protected":false},"excerpt":{"rendered":"<p>El diario El Referente ha publicado a finales del mes pasado su listado de mujeres referentes y l\u00edderes del ecosistema espa\u00f1ol. Las mujeres seleccionadas destacan por su trabajo y empe\u00f1o, al igual que por su capacidad de dirigir empresas de<span class=\"excerpt-hellip\"> [\u2026]<\/span><\/p>\n","protected":false},"author":1,"featured_media":0,"comment_status":"closed","ping_status":"open","sticky":false,"template":"","format":"standard","meta":{"footnotes":""},"categories":[183],"tags":[331,62,47,69,38],"class_list":["post-11262","post","type-post","status-publish","format-standard","hentry","category-emprendimiento","tag-331","tag-emprendimiento","tag-empresa","tag-espana","tag-igualdad-de-oportunidades"],"yoast_head":"<!-- This site is optimized with the Yoast SEO plugin v27.5 - https:\/\/yoast.com\/product\/yoast-seo-wordpress\/ -->\n<title>Mujeres l\u00edderes, mujeres emprendedoras 2020 - Observatorio de Igualdad y Empleo<\/title>\n<meta name=\"robots\" content=\"index, follow, max-snippet:-1, max-image-preview:large, max-video-preview:-1\" \/>\n<link rel=\"canonical\" href=\"https:\/\/observatorioigualdadyempleo.es\/mujeres-lideres-mujeres-emprendedoras-2020\/\" \/>\n<meta property=\"og:locale\" content=\"es_ES\" \/>\n<meta property=\"og:type\" content=\"article\" \/>\n<meta property=\"og:title\" content=\"Mujeres l\u00edderes, mujeres emprendedoras 2020 - Observatorio de Igualdad y Empleo\" \/>\n<meta property=\"og:description\" content=\"El diario El Referente ha publicado a finales del mes pasado su listado de mujeres referentes y l\u00edderes del ecosistema espa\u00f1ol. Las mujeres seleccionadas destacan por su trabajo y empe\u00f1o, al igual que por su capacidad de dirigir empresas de [\u2026]\" \/>\n<meta property=\"og:url\" content=\"https:\/\/observatorioigualdadyempleo.es\/mujeres-lideres-mujeres-emprendedoras-2020\/\" \/>\n<meta property=\"og:site_name\" content=\"Observatorio de Igualdad y Empleo\" \/>\n<meta property=\"article:publisher\" content=\"https:\/\/www.facebook.com\/fundacionmujeres\" \/>\n<meta property=\"article:published_time\" content=\"2020-07-23T08:09:55+00:00\" \/>\n<meta property=\"article:modified_time\" content=\"2020-07-27T09:52:52+00:00\" \/>\n<meta property=\"og:image\" content=\"http:\/\/activat9-cp344.wordpresstemporal.com\/observatorio_igualdad_y_empleo\/wp-content\/uploads\/2017\/12\/icono-web.png\" \/>\n\t<meta property=\"og:image:width\" content=\"512\" \/>\n\t<meta property=\"og:image:height\" content=\"512\" \/>\n\t<meta property=\"og:image:type\" content=\"image\/png\" \/>\n<meta name=\"author\" content=\"adminigemp\" \/>\n<meta name=\"twitter:card\" content=\"summary_large_image\" \/>\n<meta name=\"twitter:creator\" content=\"@fmujeres\" \/>\n<meta name=\"twitter:site\" content=\"@fmujeres\" \/>\n<meta name=\"twitter:label1\" content=\"Escrito por\" \/>\n\t<meta name=\"twitter:data1\" content=\"adminigemp\" \/>\n\t<meta name=\"twitter:label2\" content=\"Tiempo de lectura\" \/>\n\t<meta name=\"twitter:data2\" content=\"1 minuto\" \/>\n<script type=\"application\/ld+json\" class=\"yoast-schema-graph\">{\"@context\":\"https:\\\/\\\/schema.org\",\"@graph\":[{\"@type\":\"Article\",\"@id\":\"https:\\\/\\\/observatorioigualdadyempleo.es\\\/mujeres-lideres-mujeres-emprendedoras-2020\\\/#article\",\"isPartOf\":{\"@id\":\"https:\\\/\\\/observatorioigualdadyempleo.es\\\/mujeres-lideres-mujeres-emprendedoras-2020\\\/\"},\"author\":{\"name\":\"adminigemp\",\"@id\":\"https:\\\/\\\/observatorioigualdadyempleo.es\\\/#\\\/schema\\\/person\\\/041ae622a50c0db746d7ed6e688d6141\"},\"headline\":\"Mujeres l\u00edderes, mujeres emprendedoras 2020\",\"datePublished\":\"2020-07-23T08:09:55+00:00\",\"dateModified\":\"2020-07-27T09:52:52+00:00\",\"mainEntityOfPage\":{\"@id\":\"https:\\\/\\\/observatorioigualdadyempleo.es\\\/mujeres-lideres-mujeres-emprendedoras-2020\\\/\"},\"wordCount\":229,\"keywords\":[\"2020\",\"Emprendimiento\",\"Empresa\",\"Espa\u00f1a\",\"Igualdad de Oportunidades\"],\"articleSection\":[\"Emprendimiento\"],\"inLanguage\":\"es\"},{\"@type\":\"WebPage\",\"@id\":\"https:\\\/\\\/observatorioigualdadyempleo.es\\\/mujeres-lideres-mujeres-emprendedoras-2020\\\/\",\"url\":\"https:\\\/\\\/observatorioigualdadyempleo.es\\\/mujeres-lideres-mujeres-emprendedoras-2020\\\/\",\"name\":\"Mujeres l\u00edderes, mujeres emprendedoras 2020 - Observatorio de Igualdad y Empleo\",\"isPartOf\":{\"@id\":\"https:\\\/\\\/observatorioigualdadyempleo.es\\\/#website\"},\"datePublished\":\"2020-07-23T08:09:55+00:00\",\"dateModified\":\"2020-07-27T09:52:52+00:00\",\"author\":{\"@id\":\"https:\\\/\\\/observatorioigualdadyempleo.es\\\/#\\\/schema\\\/person\\\/041ae622a50c0db746d7ed6e688d6141\"},\"breadcrumb\":{\"@id\":\"https:\\\/\\\/observatorioigualdadyempleo.es\\\/mujeres-lideres-mujeres-emprendedoras-2020\\\/#breadcrumb\"},\"inLanguage\":\"es\",\"potentialAction\":[{\"@type\":\"ReadAction\",\"target\":[\"https:\\\/\\\/observatorioigualdadyempleo.es\\\/mujeres-lideres-mujeres-emprendedoras-2020\\\/\"]}]},{\"@type\":\"BreadcrumbList\",\"@id\":\"https:\\\/\\\/observatorioigualdadyempleo.es\\\/mujeres-lideres-mujeres-emprendedoras-2020\\\/#breadcrumb\",\"itemListElement\":[{\"@type\":\"ListItem\",\"position\":1,\"name\":\"Portada\",\"item\":\"https:\\\/\\\/observatorioigualdadyempleo.es\\\/\"},{\"@type\":\"ListItem\",\"position\":2,\"name\":\"Mujeres l\u00edderes, mujeres emprendedoras 2020\"}]},{\"@type\":\"WebSite\",\"@id\":\"https:\\\/\\\/observatorioigualdadyempleo.es\\\/#website\",\"url\":\"https:\\\/\\\/observatorioigualdadyempleo.es\\\/\",\"name\":\"Observatorio de Igualdad y Empleo\",\"description\":\"Recopilatorio de conocimiento sobre igualdad  y empleo\",\"potentialAction\":[{\"@type\":\"SearchAction\",\"target\":{\"@type\":\"EntryPoint\",\"urlTemplate\":\"https:\\\/\\\/observatorioigualdadyempleo.es\\\/?s={search_term_string}\"},\"query-input\":{\"@type\":\"PropertyValueSpecification\",\"valueRequired\":true,\"valueName\":\"search_term_string\"}}],\"inLanguage\":\"es\"},{\"@type\":\"Person\",\"@id\":\"https:\\\/\\\/observatorioigualdadyempleo.es\\\/#\\\/schema\\\/person\\\/041ae622a50c0db746d7ed6e688d6141\",\"name\":\"adminigemp\",\"image\":{\"@type\":\"ImageObject\",\"inLanguage\":\"es\",\"@id\":\"https:\\\/\\\/secure.gravatar.com\\\/avatar\\\/cf076103850650f3e444b8c4446ee6f3f1efb3d7395463e7b84e7cbe4c8ec390?s=96&d=mm&r=g\",\"url\":\"https:\\\/\\\/secure.gravatar.com\\\/avatar\\\/cf076103850650f3e444b8c4446ee6f3f1efb3d7395463e7b84e7cbe4c8ec390?s=96&d=mm&r=g\",\"contentUrl\":\"https:\\\/\\\/secure.gravatar.com\\\/avatar\\\/cf076103850650f3e444b8c4446ee6f3f1efb3d7395463e7b84e7cbe4c8ec390?s=96&d=mm&r=g\",\"caption\":\"adminigemp\"},\"url\":\"http:\\\/\\\/activat9-cp344.wordpresstemporal.com\\\/observatorio_igualdad_y_empleo\\\/author\\\/adminigemp\\\/\"}]}<\/script>\n<!-- \/ Yoast SEO plugin. -->","yoast_head_json":{"title":"Mujeres l\u00edderes, mujeres emprendedoras 2020 - Observatorio de Igualdad y Empleo","robots":{"index":"index","follow":"follow","max-snippet":"max-snippet:-1","max-image-preview":"max-image-preview:large","max-video-preview":"max-video-preview:-1"},"canonical":"https:\/\/observatorioigualdadyempleo.es\/mujeres-lideres-mujeres-emprendedoras-2020\/","og_locale":"es_ES","og_type":"article","og_title":"Mujeres l\u00edderes, mujeres emprendedoras 2020 - Observatorio de Igualdad y Empleo","og_description":"El diario El Referente ha publicado a finales del mes pasado su listado de mujeres referentes y l\u00edderes del ecosistema espa\u00f1ol. Las mujeres seleccionadas destacan por su trabajo y empe\u00f1o, al igual que por su capacidad de dirigir empresas de [\u2026]","og_url":"https:\/\/observatorioigualdadyempleo.es\/mujeres-lideres-mujeres-emprendedoras-2020\/","og_site_name":"Observatorio de Igualdad y Empleo","article_publisher":"https:\/\/www.facebook.com\/fundacionmujeres","article_published_time":"2020-07-23T08:09:55+00:00","article_modified_time":"2020-07-27T09:52:52+00:00","og_image":[{"width":512,"height":512,"url":"http:\/\/activat9-cp344.wordpresstemporal.com\/observatorio_igualdad_y_empleo\/wp-content\/uploads\/2017\/12\/icono-web.png","type":"image\/png"}],"author":"adminigemp","twitter_card":"summary_large_image","twitter_creator":"@fmujeres","twitter_site":"@fmujeres","twitter_misc":{"Escrito por":"adminigemp","Tiempo de lectura":"1 minuto"},"schema":{"@context":"https:\/\/schema.org","@graph":[{"@type":"Article","@id":"https:\/\/observatorioigualdadyempleo.es\/mujeres-lideres-mujeres-emprendedoras-2020\/#article","isPartOf":{"@id":"https:\/\/observatorioigualdadyempleo.es\/mujeres-lideres-mujeres-emprendedoras-2020\/"},"author":{"name":"adminigemp","@id":"https:\/\/observatorioigualdadyempleo.es\/#\/schema\/person\/041ae622a50c0db746d7ed6e688d6141"},"headline":"Mujeres l\u00edderes, mujeres emprendedoras 2020","datePublished":"2020-07-23T08:09:55+00:00","dateModified":"2020-07-27T09:52:52+00:00","mainEntityOfPage":{"@id":"https:\/\/observatorioigualdadyempleo.es\/mujeres-lideres-mujeres-emprendedoras-2020\/"},"wordCount":229,"keywords":["2020","Emprendimiento","Empresa","Espa\u00f1a","Igualdad de Oportunidades"],"articleSection":["Emprendimiento"],"inLanguage":"es"},{"@type":"WebPage","@id":"https:\/\/observatorioigualdadyempleo.es\/mujeres-lideres-mujeres-emprendedoras-2020\/","url":"https:\/\/observatorioigualdadyempleo.es\/mujeres-lideres-mujeres-emprendedoras-2020\/","name":"Mujeres l\u00edderes, mujeres emprendedoras 2020 - Observatorio de Igualdad y Empleo","isPartOf":{"@id":"https:\/\/observatorioigualdadyempleo.es\/#website"},"datePublished":"2020-07-23T08:09:55+00:00","dateModified":"2020-07-27T09:52:52+00:00","author":{"@id":"https:\/\/observatorioigualdadyempleo.es\/#\/schema\/person\/041ae622a50c0db746d7ed6e688d6141"},"breadcrumb":{"@id":"https:\/\/observatorioigualdadyempleo.es\/mujeres-lideres-mujeres-emprendedoras-2020\/#breadcrumb"},"inLanguage":"es","potentialAction":[{"@type":"ReadAction","target":["https:\/\/observatorioigualdadyempleo.es\/mujeres-lideres-mujeres-emprendedoras-2020\/"]}]},{"@type":"BreadcrumbList","@id":"https:\/\/observatorioigualdadyempleo.es\/mujeres-lideres-mujeres-emprendedoras-2020\/#breadcrumb","itemListElement":[{"@type":"ListItem","position":1,"name":"Portada","item":"https:\/\/observatorioigualdadyempleo.es\/"},{"@type":"ListItem","position":2,"name":"Mujeres l\u00edderes, mujeres emprendedoras 2020"}]},{"@type":"WebSite","@id":"https:\/\/observatorioigualdadyempleo.es\/#website","url":"https:\/\/observatorioigualdadyempleo.es\/","name":"Observatorio de Igualdad y Empleo","description":"Recopilatorio de conocimiento sobre igualdad  y empleo","potentialAction":[{"@type":"SearchAction","target":{"@type":"EntryPoint","urlTemplate":"https:\/\/observatorioigualdadyempleo.es\/?s={search_term_string}"},"query-input":{"@type":"PropertyValueSpecification","valueRequired":true,"valueName":"search_term_string"}}],"inLanguage":"es"},{"@type":"Person","@id":"https:\/\/observatorioigualdadyempleo.es\/#\/schema\/person\/041ae622a50c0db746d7ed6e688d6141","name":"adminigemp","image":{"@type":"ImageObject","inLanguage":"es","@id":"https:\/\/secure.gravatar.com\/avatar\/cf076103850650f3e444b8c4446ee6f3f1efb3d7395463e7b84e7cbe4c8ec390?s=96&d=mm&r=g","url":"https:\/\/secure.gravatar.com\/avatar\/cf076103850650f3e444b8c4446ee6f3f1efb3d7395463e7b84e7cbe4c8ec390?s=96&d=mm&r=g","contentUrl":"https:\/\/secure.gravatar.com\/avatar\/cf076103850650f3e444b8c4446ee6f3f1efb3d7395463e7b84e7cbe4c8ec390?s=96&d=mm&r=g","caption":"adminigemp"},"url":"http:\/\/activat9-cp344.wordpresstemporal.com\/observatorio_igualdad_y_empleo\/author\/adminigemp\/"}]}},"_links":{"self":[{"href":"http:\/\/activat9-cp344.wordpresstemporal.com\/observatorio_igualdad_y_empleo\/wp-json\/wp\/v2\/posts\/11262","targetHints":{"allow":["GET"]}}],"collection":[{"href":"http:\/\/activat9-cp344.wordpresstemporal.com\/observatorio_igualdad_y_empleo\/wp-json\/wp\/v2\/posts"}],"about":[{"href":"http:\/\/activat9-cp344.wordpresstemporal.com\/observatorio_igualdad_y_empleo\/wp-json\/wp\/v2\/types\/post"}],"author":[{"embeddable":true,"href":"http:\/\/activat9-cp344.wordpresstemporal.com\/observatorio_igualdad_y_empleo\/wp-json\/wp\/v2\/users\/1"}],"replies":[{"embeddable":true,"href":"http:\/\/activat9-cp344.wordpresstemporal.com\/observatorio_igualdad_y_empleo\/wp-json\/wp\/v2\/comments?post=11262"}],"version-history":[{"count":4,"href":"http:\/\/activat9-cp344.wordpresstemporal.com\/observatorio_igualdad_y_empleo\/wp-json\/wp\/v2\/posts\/11262\/revisions"}],"predecessor-version":[{"id":11267,"href":"http:\/\/activat9-cp344.wordpresstemporal.com\/observatorio_igualdad_y_empleo\/wp-json\/wp\/v2\/posts\/11262\/revisions\/11267"}],"wp:attachment":[{"href":"http:\/\/activat9-cp344.wordpresstemporal.com\/observatorio_igualdad_y_empleo\/wp-json\/wp\/v2\/media?parent=11262"}],"wp:term":[{"taxonomy":"category","embeddable":true,"href":"http:\/\/activat9-cp344.wordpresstemporal.com\/observatorio_igualdad_y_empleo\/wp-json\/wp\/v2\/categories?post=11262"},{"taxonomy":"post_tag","embeddable":true,"href":"http:\/\/activat9-cp344.wordpresstemporal.com\/observatorio_igualdad_y_empleo\/wp-json\/wp\/v2\/tags?post=11262"}],"curies":[{"name":"wp","href":"https:\/\/api.w.org\/{rel}","templated":true}]}}