{"id":11288,"date":"2020-08-27T09:52:57","date_gmt":"2020-08-27T08:52:57","guid":{"rendered":"https:\/\/observatorioigualdadyempleo.es\/?p=11288"},"modified":"2020-08-07T10:09:22","modified_gmt":"2020-08-07T09:09:22","slug":"las-mujeres-como-fuerza-motriz-de-la-recuperacion-economica","status":"publish","type":"post","link":"http:\/\/activat9-cp344.wordpresstemporal.com\/observatorio_igualdad_y_empleo\/las-mujeres-como-fuerza-motriz-de-la-recuperacion-economica\/","title":{"rendered":"\u00abLas mujeres como fuerza motriz de la recuperaci\u00f3n econ\u00f3mica\u00bb"},"content":{"rendered":"<p><a href=\"https:\/\/observatorioigualdadyempleo.es\/?s=ONU+Mujeres\" target=\"_blank\" rel=\"noopener noreferrer\">ONU Mujeres<\/a> ha publicado a mediados del mes pasado una declaraci\u00f3n conjunta con Women 20 (W20) la cual est\u00e1 dirigida a las y los Ministros de Finanzas y las Gobernantes de los Bancos Centrales del Grupo de los G20. El objetivo de la declaraci\u00f3n es <strong>visibilizar el papel que tienen las mujeres a nivel internacional<\/strong> y su importancia en la recuperaci\u00f3n econ\u00f3mica de la crisis econ\u00f3mica generada por la COVID-19. Asimismo, resalta los diferentes puntos de partida de las mujeres y los obst\u00e1culos a los que se enfrentan los cuales es necesario tener en consideraci\u00f3n durante <strong>el desarrollo de pol\u00edticas p\u00fablicas de recuperaci\u00f3n<\/strong>.<\/p>\n<p>A continuaci\u00f3n, podr\u00e1s encontrar la declaraci\u00f3n publicada el pasado 14 de julio*:<\/p>\n<h1><em>Las mujeres como fuerza motriz de la recuperaci\u00f3n econ\u00f3mica y la resiliencia durante la pandemia de COVID-19 y despu\u00e9s de esta<\/em><\/h1>\n<p><em>La pandemia de COVID-19 ha desencadenado una recesi\u00f3n global masiva, con un crecimiento previsto de la econom\u00eda mundial del\u00a0<a href=\"https:\/\/www.imf.org\/en\/Publications\/WEO\/Issues\/2020\/06\/24\/WEOUpdateJune2020\">-4,9% para 2020<\/a>.\u00a0<a href=\"https:\/\/www.ilo.org\/wcmsp5\/groups\/public\/@dgreports\/@dcomm\/documents\/briefingnote\/wcms_749470.pdf\">Seg\u00fan las estimaciones, las p\u00e9rdidas en horas de trabajo<\/a>\u00a0llegar\u00e1n al\u00a0<a href=\"https:\/\/www.ilo.org\/wcmsp5\/groups\/public\/@dgreports\/@dcomm\/documents\/briefingnote\/wcms_749470.pdf\">14% en todo el mundo<\/a>\u00a0en el segundo trimestre de 2020, lo que equivale a\u00a0<a href=\"https:\/\/www.ilo.org\/wcmsp5\/groups\/public\/@dgreports\/@dcomm\/documents\/briefingnote\/wcms_749470.pdf\">400 millones de puestos de trabajo de jornada completa<\/a>. Las econom\u00edas del G20 han introducido un paquete de apoyo de choque de\u00a0<a href=\"https:\/\/blogs.imf.org\/2020\/05\/20\/tracking-the-9-trillion-global-fiscal-support-to-fight-covid-19\/\">9 billones de d\u00f3lares<\/a>\u00a0con el \u00e1nimo de proteger a los hogares y las empresas y facilitar la recuperaci\u00f3n. Es crucial que estos esfuerzos sustanciales tengan en cuenta las funciones, contribuciones y restricciones econ\u00f3micas espec\u00edficas de las mujeres, y que aprovechen al m\u00e1ximo esta oportunidad para situar a las mujeres en el centro del dise\u00f1o de las inversiones en aras de una recuperaci\u00f3n sostenible.\u00a0<\/em><\/p>\n<p><em>Unas\u00a0<a href=\"https:\/\/www.ilo.org\/global\/topics\/coronavirus\/WCMS_744685\/lang--es\/index.htm\">527 millones de mujeres trabajan<\/a>\u00a0en los cuatro sectores m\u00e1s afectados, a saber: los servicios de alojamiento y alimentaci\u00f3n; las actividades inmobiliarias, empresariales y administrativas; la manufactura; y el comercio mayorista y minorista, que no son adecuados para el trabajo a distancia. Esto representa el\u00a0<a href=\"https:\/\/www.ilo.org\/global\/topics\/coronavirus\/WCMS_744685\/lang--es\/index.htm\">41% del empleo femenino total<\/a>\u00a0frente al<a href=\"https:\/\/www.ilo.org\/global\/topics\/coronavirus\/WCMS_744685\/lang--es\/index.htm\">\u00a035% del empleo masculino total.<\/a>\u00a0De las\u00a0<a href=\"https:\/\/www.ilo.org\/global\/topics\/coronavirus\/WCMS_744685\/lang--es\/index.htm\">740 millones de mujeres que trabajan en la econom\u00eda informal<\/a>, un\u00a0<a href=\"https:\/\/www.ilo.org\/global\/topics\/coronavirus\/WCMS_744685\/lang--es\/index.htm\">42%<\/a>\u00a0pertenece a estos sectores, frente al\u00a0<a href=\"https:\/\/www.ilo.org\/global\/topics\/coronavirus\/WCMS_744685\/lang--es\/index.htm\">32% de hombres<\/a>. Las mujeres representan el\u00a0<a href=\"https:\/\/apps.who.int\/iris\/bitstream\/handle\/10665\/311314\/WHO-HIS-HWF-Gender-WP1-2019.1-eng.pdf?ua=1\">70%<\/a>\u00a0del personal sanitario mundial, y se encuentran en primera l\u00ednea de la respuesta. Las trabajadoras, que ya soportan desventajas del mercado relacionadas con el g\u00e9nero,\u00a0<a href=\"https:\/\/www.unwomen.org\/-\/media\/headquarters\/attachments\/sections\/library\/publications\/2020\/policy-brief-addressing-the-economic-fallout-of-covid-19-en.pdf?la=en&amp;vs=2834\">se han visto afectadas de manera desproporcionada por situaciones de p\u00e9rdida de empleo, reducci\u00f3n de horas de trabajo y quiebra.<\/a>\u00a0Adem\u00e1s,\u00a0<a href=\"https:\/\/www.unwomen.org\/-\/media\/headquarters\/attachments\/sections\/library\/publications\/2020\/policy-brief-the-impact-of-covid-19-on-women-en.pdf?la=en&amp;vs=1406\">han aumentado los riesgos para la salud que afrontan las trabajadoras y los trabajadores sanitarios<\/a>, as\u00ed como\u00a0<a href=\"https:\/\/www.unwomen.org\/-\/media\/headquarters\/attachments\/sections\/library\/publications\/2020\/policy-brief-covid-19-and-the-care-economy-en.pdf?la=en&amp;vs=2835\">el trabajo de cuidados remunerado y no remunerado,<\/a>\u00a0y\u00a0<a href=\"https:\/\/www.unwomen.org\/en\/digital-library\/publications\/2020\/06\/policy-brief-covid-19-and-violence-against-women-and-girls-addressing-the-shadow-pandemic\">la violencia contra las mujeres<\/a>\u00a0a ra\u00edz de COVID-19 y los confinamientos.<\/em><\/p>\n<p><em>La contribuci\u00f3n de las mujeres al\u00a0<a href=\"https:\/\/www.worldbank.org\/en\/topic\/trade\/brief\/trade-and-gender#:~:text=Despite%20representing%20half%20the%20world's,percent%20of%20the%20global%20GDP.\">producto interno bruto (PIB) mundial es del 37%<\/a>. Asimismo, todos los tipos de trabajo de cuidados que realizan las mujeres, incluido el no remunerado, generan\u00a0<a href=\"https:\/\/www.ilo.org\/wcmsp5\/groups\/public\/---dgreports\/---gender\/documents\/publication\/wcms_737394.pdf\">11 billones de d\u00f3lares en todo el mundo (9% del PIB mundial).<\/a>\u00a0El aprovechamiento de todo el potencial de las mujeres es crucial para la recuperaci\u00f3n econ\u00f3mica. Sin embargo, falta claridad respecto a la parte de los paquetes econ\u00f3micos significativos del G20 (o de pa\u00edses ajenos a este) que se ha invertido en las prioridades de las mujeres, pese a las pruebas de que han sufrido en mayor medida el impacto socioecon\u00f3mico de COVID-19.<\/em><\/p>\n<p><em>La crisis agravar\u00e1 las p\u00e9rdidas econ\u00f3micas, incluida la de\u00a0<a href=\"https:\/\/www.bancomundial.org\/es\/news\/press-release\/2018\/05\/30\/globally-countries-lose-160-trillion-in-wealth-due-to-earnings-gaps-between-women-and-men\">160 billones de d\u00f3lares<\/a>\u00a0de riqueza global derivada de la brecha salarial por raz\u00f3n de g\u00e9nero. Si la reducci\u00f3n del margen fiscal de los pa\u00edses del Sur Global da pie a recortes del gasto en los servicios p\u00fablicos, tambi\u00e9n repercutir\u00e1n gravemente en las mujeres y ni\u00f1as pobres.<\/em><\/p>\n<p><em>La expansi\u00f3n deliberada del margen fiscal que reconoce e invierte en las prioridades espec\u00edficas de las mujeres debe ocupar un lugar central en el dise\u00f1o de los paquetes de recuperaci\u00f3n. Favorecer el potencial de las mujeres de manera plena e igualitaria con los hombres promueve el crecimiento sostenible, equilibrado e inclusivo; mejora la representaci\u00f3n de las mujeres en las instituciones y los resultados de desarrollo intergeneracionales; y, en consecuencia, adem\u00e1s amortigua los efectos de las crisis. Esto asegurar\u00e1 una RECONSTRUCCI\u00d3N MEJOR despu\u00e9s de COVID-19 y el cumplimiento de los compromisos asumidos por el G20 en materia de igualdad de g\u00e9nero, aceleraci\u00f3n de la implementaci\u00f3n de la Plataforma de Acci\u00f3n de Beijing, y consecuci\u00f3n de los Objetivos de Desarrollo Sostenible de la Agenda 2030.<\/em><\/p>\n<p><em>Las organizaciones signatarias, ONU Mujeres y W20, instan a los Ministros de Finanzas y los Gobernadores de los Bancos Centrales del Grupo de los G20 a que lideren y coordinen iniciativas mundiales orientadas a promover:<\/em><\/p>\n<ol>\n<li><em><strong>Los ex\u00e1menes con perspectiva de g\u00e9nero de los efectos de la crisis, los paquetes de recuperaci\u00f3n y los planes en todo el mundo<\/strong>, con atenci\u00f3n especial a las mujeres y ni\u00f1as m\u00e1s afectadas, a fin de\u00a0<strong>orientar las prioridades de la inversi\u00f3n<\/strong>.<\/em><\/li>\n<li><em><strong>El mayor margen fiscal para los pa\u00edses del Sur Global<\/strong>, por ejemplo, a trav\u00e9s de medidas de alivio o cancelaci\u00f3n de la deuda; aumento de su liquidez mundial mediante derechos especiales de giro; y pol\u00edticas monetarias expansivas que impulsen la disponibilidad de cr\u00e9dito en, entre otros, los sectores espec\u00edficos de las mujeres a trav\u00e9s de garant\u00edas de cr\u00e9dito y otros instrumentos de pr\u00e9stamo.<\/em><\/li>\n<li><em><strong>Una mayor inversi\u00f3n en la presupuestaci\u00f3n con perspectiva de g\u00e9nero\u00a0<\/strong>a escala mundial con vistas a garantizar que las pol\u00edticas fiscales promuevan la igualdad de g\u00e9nero en la recuperaci\u00f3n a corto y largo plazo mediante leyes que la incorporen al dise\u00f1o de las pol\u00edticas fiscales y los procesos de gesti\u00f3n financiera y presupuestaria.<\/em><\/li>\n<\/ol>\n<p><em><strong>Las organizaciones signatarias, ONU Mujeres y W20, instan a los Ministros de Finanzas y los Gobernadores de los Bancos Centrales del Grupo de los G20 a invertir en las prioridades inmediatas y a largo plazo de las mujeres:<\/strong><\/em><\/p>\n<ol>\n<li><em><strong>Toma de decisiones y gobernanza inclusivas<\/strong><\/em>\n<ul>\n<li><em><strong>Asegurar el liderazgo y la participaci\u00f3n activa de las mujeres<\/strong>\u00a0durante la respuesta a COVID-19 y despu\u00e9s de esta.<\/em><\/li>\n<li><em><strong>Recopilar y difundir datos desglosados por sexo y estad\u00edsticas de g\u00e9nero sobre la situaci\u00f3n econ\u00f3mica de las mujeres durante la pandemia de COVID-19 y despu\u00e9s de esta.<\/strong><\/em><\/li>\n<\/ul>\n<\/li>\n<li><em><strong>Empleo e iniciativa empresarial sostenibles<\/strong><\/em>\n<ul>\n<li><em><strong>Salvaguardar los puestos de trabajo de las mujeres y generar otros empleos nuevos, dignos y ecol\u00f3gicamente sostenibles<\/strong>\u00a0para las mujeres, especialmente en la infraestructura p\u00fablica y social.<\/em><\/li>\n<li><em><strong>Salvaguardar las microempresas y las empresas peque\u00f1as y medianas, y asegurar su sostenibilidad\u00a0<\/strong>mediante el acceso a tecnolog\u00eda, opciones de capacitaci\u00f3n, mercados y financiaci\u00f3n institucional innovadora.<\/em><\/li>\n<\/ul>\n<\/li>\n<li><em><strong>Redes de protecci\u00f3n social ampliadas y accesibles<\/strong><\/em>\n<ul>\n<li><em><strong>Asegurar y mantener una asistencia social s\u00f3lida<\/strong>\u00a0(apoyo en efectivo o alimentos)\u00a0<strong>y programas de seguro social\u00a0<\/strong>(pensiones, salud y desempleo) dirigidos a los grupos vulnerables, incluidas todas las mujeres que trabajan en la econom\u00eda informal y las que se encuentran fuera del mercado laboral.<\/em><\/li>\n<li><em><strong>Facilitar o ampliar la licencia parental remunerada, los servicios de guarder\u00eda o las prestaciones<\/strong>\u00a0a los progenitores que trabajan, en especial las mujeres excluidas, las trabajadoras y trabajadores de servicios esenciales, los teletrabajadores, y quienes realizan trabajos de cuidados no remunerados.<\/em><\/li>\n<li><em><strong>Invertir en infraestructura p\u00fablica o social que tenga en cuenta el g\u00e9nero<\/strong>, como los servicios de agua, saneamiento, energ\u00eda, transporte y atenci\u00f3n.<\/em><\/li>\n<\/ul>\n<\/li>\n<li><em><strong>Sistemas de atenci\u00f3n de la salud y servicios de violencia de g\u00e9nero inclusivos, sostenibles y de calidad<\/strong><\/em>\n<ul>\n<li><em><strong>Garantizar la seguridad\u00a0<\/strong>f\u00edsica, emocional y socioecon\u00f3mica\u00a0<strong>de todas las trabajadoras sanitarias y cuidadoras.<\/strong><\/em><\/li>\n<li><em><strong>Proporcionar servicios de salud materna, sexual y reproductiva, y de cuidado del VIH<\/strong>, especialmente a las mujeres m\u00e1s excluidas, en entornos donde las infecciones est\u00e1n controladas.<\/em><\/li>\n<li><em><strong>Designar la respuesta a la violencia contra las mujeres y las ni\u00f1as como un servicio esencial a largo plazo.<\/strong><\/em><\/li>\n<li><em><strong>Prestar servicios de prevenci\u00f3n y protecci\u00f3n<\/strong>, como de denuncia, refugio, salud y justicia acelerada para las sobrevivientes de la violencia de g\u00e9nero.<\/em><\/li>\n<\/ul>\n<\/li>\n<\/ol>\n<p>*Enlace a la noticia origina: <a href=\"https:\/\/www.unwomen.org\/es\/news\/stories\/2020\/7\/statement-joint-w20-women-during-covid-19-and-beyond\" target=\"_blank\" rel=\"noopener noreferrer\">https:\/\/www.unwomen.org\/es\/news\/stories\/2020\/7\/statement-joint-w20-women-during-covid-19-and-beyond\u00a0<\/a><\/p>\n<p>El\u00a0<strong>Observatorio de Igualdad y Empleo<\/strong>\u00a0es una\u00a0acci\u00f3n de divulgaci\u00f3n que forma parte del proyecto\u00a0<a href=\"https:\/\/observatorioigualdadyempleo.es\/proyecto-dana\/\" target=\"_blank\" rel=\"noopener noreferrer\">DANA+<\/a>, financiado por el\u00a0<a href=\"https:\/\/ec.europa.eu\/social\/main.jsp?langId=es&amp;catId=325\" target=\"_blank\" rel=\"noopener noreferrer\">Fondo Social Europeo.<\/a><\/p>\n","protected":false},"excerpt":{"rendered":"<p>ONU Mujeres ha publicado a mediados del mes pasado una declaraci\u00f3n conjunta con Women 20 (W20) la cual est\u00e1 dirigida a las y los Ministros de Finanzas y las Gobernantes de los Bancos Centrales del Grupo de los G20. El<span class=\"excerpt-hellip\"> [\u2026]<\/span><\/p>\n","protected":false},"author":1,"featured_media":0,"comment_status":"open","ping_status":"open","sticky":false,"template":"","format":"standard","meta":{"footnotes":""},"categories":[396,181,182],"tags":[331,398,77,55,47,172,129,140,159],"class_list":["post-11288","post","type-post","status-publish","format-standard","hentry","category-covid-19","category-empleo","category-empresa","tag-331","tag-covid-19","tag-crisis","tag-empleo","tag-empresa","tag-internacional","tag-onu-mujeres","tag-salud","tag-violencia"],"yoast_head":"<!-- This site is optimized with the Yoast SEO plugin v27.5 - https:\/\/yoast.com\/product\/yoast-seo-wordpress\/ -->\n<title>&quot;Las mujeres como fuerza motriz de la recuperaci\u00f3n econ\u00f3mica&quot; - Observatorio de Igualdad y Empleo<\/title>\n<meta name=\"robots\" content=\"index, follow, max-snippet:-1, max-image-preview:large, max-video-preview:-1\" \/>\n<link rel=\"canonical\" href=\"https:\/\/observatorioigualdadyempleo.es\/las-mujeres-como-fuerza-motriz-de-la-recuperacion-economica\/\" \/>\n<meta property=\"og:locale\" content=\"es_ES\" \/>\n<meta property=\"og:type\" content=\"article\" \/>\n<meta property=\"og:title\" content=\"&quot;Las mujeres como fuerza motriz de la recuperaci\u00f3n econ\u00f3mica&quot; - Observatorio de Igualdad y Empleo\" \/>\n<meta property=\"og:description\" content=\"ONU Mujeres ha publicado a mediados del mes pasado una declaraci\u00f3n conjunta con Women 20 (W20) la cual est\u00e1 dirigida a las y los Ministros de Finanzas y las Gobernantes de los Bancos Centrales del Grupo de los G20. El [\u2026]\" \/>\n<meta property=\"og:url\" content=\"https:\/\/observatorioigualdadyempleo.es\/las-mujeres-como-fuerza-motriz-de-la-recuperacion-economica\/\" \/>\n<meta property=\"og:site_name\" content=\"Observatorio de Igualdad y Empleo\" \/>\n<meta property=\"article:publisher\" content=\"https:\/\/www.facebook.com\/fundacionmujeres\" \/>\n<meta property=\"article:published_time\" content=\"2020-08-27T08:52:57+00:00\" \/>\n<meta property=\"og:image\" content=\"http:\/\/activat9-cp344.wordpresstemporal.com\/observatorio_igualdad_y_empleo\/wp-content\/uploads\/2017\/12\/icono-web.png\" \/>\n\t<meta property=\"og:image:width\" content=\"512\" \/>\n\t<meta property=\"og:image:height\" content=\"512\" \/>\n\t<meta property=\"og:image:type\" content=\"image\/png\" \/>\n<meta name=\"author\" content=\"adminigemp\" \/>\n<meta name=\"twitter:card\" content=\"summary_large_image\" \/>\n<meta name=\"twitter:creator\" content=\"@fmujeres\" \/>\n<meta name=\"twitter:site\" content=\"@fmujeres\" \/>\n<meta name=\"twitter:label1\" content=\"Escrito por\" \/>\n\t<meta name=\"twitter:data1\" content=\"adminigemp\" \/>\n\t<meta name=\"twitter:label2\" content=\"Tiempo de lectura\" \/>\n\t<meta name=\"twitter:data2\" content=\"7 minutos\" \/>\n<script type=\"application\/ld+json\" class=\"yoast-schema-graph\">{\"@context\":\"https:\\\/\\\/schema.org\",\"@graph\":[{\"@type\":\"Article\",\"@id\":\"https:\\\/\\\/observatorioigualdadyempleo.es\\\/las-mujeres-como-fuerza-motriz-de-la-recuperacion-economica\\\/#article\",\"isPartOf\":{\"@id\":\"https:\\\/\\\/observatorioigualdadyempleo.es\\\/las-mujeres-como-fuerza-motriz-de-la-recuperacion-economica\\\/\"},\"author\":{\"name\":\"adminigemp\",\"@id\":\"https:\\\/\\\/observatorioigualdadyempleo.es\\\/#\\\/schema\\\/person\\\/041ae622a50c0db746d7ed6e688d6141\"},\"headline\":\"\u00abLas mujeres como fuerza motriz de la recuperaci\u00f3n econ\u00f3mica\u00bb\",\"datePublished\":\"2020-08-27T08:52:57+00:00\",\"mainEntityOfPage\":{\"@id\":\"https:\\\/\\\/observatorioigualdadyempleo.es\\\/las-mujeres-como-fuerza-motriz-de-la-recuperacion-economica\\\/\"},\"wordCount\":1436,\"commentCount\":0,\"keywords\":[\"2020\",\"COVID-19\",\"Crisis\",\"Empleo\",\"Empresa\",\"Internacional\",\"ONU Mujeres\",\"Salud\",\"Violencia\"],\"articleSection\":[\"COVID-19\",\"Empleo\",\"Empresa\"],\"inLanguage\":\"es\",\"potentialAction\":[{\"@type\":\"CommentAction\",\"name\":\"Comment\",\"target\":[\"https:\\\/\\\/observatorioigualdadyempleo.es\\\/las-mujeres-como-fuerza-motriz-de-la-recuperacion-economica\\\/#respond\"]}]},{\"@type\":\"WebPage\",\"@id\":\"https:\\\/\\\/observatorioigualdadyempleo.es\\\/las-mujeres-como-fuerza-motriz-de-la-recuperacion-economica\\\/\",\"url\":\"https:\\\/\\\/observatorioigualdadyempleo.es\\\/las-mujeres-como-fuerza-motriz-de-la-recuperacion-economica\\\/\",\"name\":\"\\\"Las mujeres como fuerza motriz de la recuperaci\u00f3n econ\u00f3mica\\\" - Observatorio de Igualdad y Empleo\",\"isPartOf\":{\"@id\":\"https:\\\/\\\/observatorioigualdadyempleo.es\\\/#website\"},\"datePublished\":\"2020-08-27T08:52:57+00:00\",\"author\":{\"@id\":\"https:\\\/\\\/observatorioigualdadyempleo.es\\\/#\\\/schema\\\/person\\\/041ae622a50c0db746d7ed6e688d6141\"},\"breadcrumb\":{\"@id\":\"https:\\\/\\\/observatorioigualdadyempleo.es\\\/las-mujeres-como-fuerza-motriz-de-la-recuperacion-economica\\\/#breadcrumb\"},\"inLanguage\":\"es\",\"potentialAction\":[{\"@type\":\"ReadAction\",\"target\":[\"https:\\\/\\\/observatorioigualdadyempleo.es\\\/las-mujeres-como-fuerza-motriz-de-la-recuperacion-economica\\\/\"]}]},{\"@type\":\"BreadcrumbList\",\"@id\":\"https:\\\/\\\/observatorioigualdadyempleo.es\\\/las-mujeres-como-fuerza-motriz-de-la-recuperacion-economica\\\/#breadcrumb\",\"itemListElement\":[{\"@type\":\"ListItem\",\"position\":1,\"name\":\"Portada\",\"item\":\"https:\\\/\\\/observatorioigualdadyempleo.es\\\/\"},{\"@type\":\"ListItem\",\"position\":2,\"name\":\"\u00abLas mujeres como fuerza motriz de la recuperaci\u00f3n econ\u00f3mica\u00bb\"}]},{\"@type\":\"WebSite\",\"@id\":\"https:\\\/\\\/observatorioigualdadyempleo.es\\\/#website\",\"url\":\"https:\\\/\\\/observatorioigualdadyempleo.es\\\/\",\"name\":\"Observatorio de Igualdad y Empleo\",\"description\":\"Recopilatorio de conocimiento sobre igualdad  y empleo\",\"potentialAction\":[{\"@type\":\"SearchAction\",\"target\":{\"@type\":\"EntryPoint\",\"urlTemplate\":\"https:\\\/\\\/observatorioigualdadyempleo.es\\\/?s={search_term_string}\"},\"query-input\":{\"@type\":\"PropertyValueSpecification\",\"valueRequired\":true,\"valueName\":\"search_term_string\"}}],\"inLanguage\":\"es\"},{\"@type\":\"Person\",\"@id\":\"https:\\\/\\\/observatorioigualdadyempleo.es\\\/#\\\/schema\\\/person\\\/041ae622a50c0db746d7ed6e688d6141\",\"name\":\"adminigemp\",\"image\":{\"@type\":\"ImageObject\",\"inLanguage\":\"es\",\"@id\":\"https:\\\/\\\/secure.gravatar.com\\\/avatar\\\/cf076103850650f3e444b8c4446ee6f3f1efb3d7395463e7b84e7cbe4c8ec390?s=96&d=mm&r=g\",\"url\":\"https:\\\/\\\/secure.gravatar.com\\\/avatar\\\/cf076103850650f3e444b8c4446ee6f3f1efb3d7395463e7b84e7cbe4c8ec390?s=96&d=mm&r=g\",\"contentUrl\":\"https:\\\/\\\/secure.gravatar.com\\\/avatar\\\/cf076103850650f3e444b8c4446ee6f3f1efb3d7395463e7b84e7cbe4c8ec390?s=96&d=mm&r=g\",\"caption\":\"adminigemp\"},\"url\":\"http:\\\/\\\/activat9-cp344.wordpresstemporal.com\\\/observatorio_igualdad_y_empleo\\\/author\\\/adminigemp\\\/\"}]}<\/script>\n<!-- \/ Yoast SEO plugin. -->","yoast_head_json":{"title":"\"Las mujeres como fuerza motriz de la recuperaci\u00f3n econ\u00f3mica\" - Observatorio de Igualdad y Empleo","robots":{"index":"index","follow":"follow","max-snippet":"max-snippet:-1","max-image-preview":"max-image-preview:large","max-video-preview":"max-video-preview:-1"},"canonical":"https:\/\/observatorioigualdadyempleo.es\/las-mujeres-como-fuerza-motriz-de-la-recuperacion-economica\/","og_locale":"es_ES","og_type":"article","og_title":"\"Las mujeres como fuerza motriz de la recuperaci\u00f3n econ\u00f3mica\" - Observatorio de Igualdad y Empleo","og_description":"ONU Mujeres ha publicado a mediados del mes pasado una declaraci\u00f3n conjunta con Women 20 (W20) la cual est\u00e1 dirigida a las y los Ministros de Finanzas y las Gobernantes de los Bancos Centrales del Grupo de los G20. El [\u2026]","og_url":"https:\/\/observatorioigualdadyempleo.es\/las-mujeres-como-fuerza-motriz-de-la-recuperacion-economica\/","og_site_name":"Observatorio de Igualdad y Empleo","article_publisher":"https:\/\/www.facebook.com\/fundacionmujeres","article_published_time":"2020-08-27T08:52:57+00:00","og_image":[{"width":512,"height":512,"url":"http:\/\/activat9-cp344.wordpresstemporal.com\/observatorio_igualdad_y_empleo\/wp-content\/uploads\/2017\/12\/icono-web.png","type":"image\/png"}],"author":"adminigemp","twitter_card":"summary_large_image","twitter_creator":"@fmujeres","twitter_site":"@fmujeres","twitter_misc":{"Escrito por":"adminigemp","Tiempo de lectura":"7 minutos"},"schema":{"@context":"https:\/\/schema.org","@graph":[{"@type":"Article","@id":"https:\/\/observatorioigualdadyempleo.es\/las-mujeres-como-fuerza-motriz-de-la-recuperacion-economica\/#article","isPartOf":{"@id":"https:\/\/observatorioigualdadyempleo.es\/las-mujeres-como-fuerza-motriz-de-la-recuperacion-economica\/"},"author":{"name":"adminigemp","@id":"https:\/\/observatorioigualdadyempleo.es\/#\/schema\/person\/041ae622a50c0db746d7ed6e688d6141"},"headline":"\u00abLas mujeres como fuerza motriz de la recuperaci\u00f3n econ\u00f3mica\u00bb","datePublished":"2020-08-27T08:52:57+00:00","mainEntityOfPage":{"@id":"https:\/\/observatorioigualdadyempleo.es\/las-mujeres-como-fuerza-motriz-de-la-recuperacion-economica\/"},"wordCount":1436,"commentCount":0,"keywords":["2020","COVID-19","Crisis","Empleo","Empresa","Internacional","ONU Mujeres","Salud","Violencia"],"articleSection":["COVID-19","Empleo","Empresa"],"inLanguage":"es","potentialAction":[{"@type":"CommentAction","name":"Comment","target":["https:\/\/observatorioigualdadyempleo.es\/las-mujeres-como-fuerza-motriz-de-la-recuperacion-economica\/#respond"]}]},{"@type":"WebPage","@id":"https:\/\/observatorioigualdadyempleo.es\/las-mujeres-como-fuerza-motriz-de-la-recuperacion-economica\/","url":"https:\/\/observatorioigualdadyempleo.es\/las-mujeres-como-fuerza-motriz-de-la-recuperacion-economica\/","name":"\"Las mujeres como fuerza motriz de la recuperaci\u00f3n econ\u00f3mica\" - Observatorio de Igualdad y Empleo","isPartOf":{"@id":"https:\/\/observatorioigualdadyempleo.es\/#website"},"datePublished":"2020-08-27T08:52:57+00:00","author":{"@id":"https:\/\/observatorioigualdadyempleo.es\/#\/schema\/person\/041ae622a50c0db746d7ed6e688d6141"},"breadcrumb":{"@id":"https:\/\/observatorioigualdadyempleo.es\/las-mujeres-como-fuerza-motriz-de-la-recuperacion-economica\/#breadcrumb"},"inLanguage":"es","potentialAction":[{"@type":"ReadAction","target":["https:\/\/observatorioigualdadyempleo.es\/las-mujeres-como-fuerza-motriz-de-la-recuperacion-economica\/"]}]},{"@type":"BreadcrumbList","@id":"https:\/\/observatorioigualdadyempleo.es\/las-mujeres-como-fuerza-motriz-de-la-recuperacion-economica\/#breadcrumb","itemListElement":[{"@type":"ListItem","position":1,"name":"Portada","item":"https:\/\/observatorioigualdadyempleo.es\/"},{"@type":"ListItem","position":2,"name":"\u00abLas mujeres como fuerza motriz de la recuperaci\u00f3n econ\u00f3mica\u00bb"}]},{"@type":"WebSite","@id":"https:\/\/observatorioigualdadyempleo.es\/#website","url":"https:\/\/observatorioigualdadyempleo.es\/","name":"Observatorio de Igualdad y Empleo","description":"Recopilatorio de conocimiento sobre igualdad  y empleo","potentialAction":[{"@type":"SearchAction","target":{"@type":"EntryPoint","urlTemplate":"https:\/\/observatorioigualdadyempleo.es\/?s={search_term_string}"},"query-input":{"@type":"PropertyValueSpecification","valueRequired":true,"valueName":"search_term_string"}}],"inLanguage":"es"},{"@type":"Person","@id":"https:\/\/observatorioigualdadyempleo.es\/#\/schema\/person\/041ae622a50c0db746d7ed6e688d6141","name":"adminigemp","image":{"@type":"ImageObject","inLanguage":"es","@id":"https:\/\/secure.gravatar.com\/avatar\/cf076103850650f3e444b8c4446ee6f3f1efb3d7395463e7b84e7cbe4c8ec390?s=96&d=mm&r=g","url":"https:\/\/secure.gravatar.com\/avatar\/cf076103850650f3e444b8c4446ee6f3f1efb3d7395463e7b84e7cbe4c8ec390?s=96&d=mm&r=g","contentUrl":"https:\/\/secure.gravatar.com\/avatar\/cf076103850650f3e444b8c4446ee6f3f1efb3d7395463e7b84e7cbe4c8ec390?s=96&d=mm&r=g","caption":"adminigemp"},"url":"http:\/\/activat9-cp344.wordpresstemporal.com\/observatorio_igualdad_y_empleo\/author\/adminigemp\/"}]}},"_links":{"self":[{"href":"http:\/\/activat9-cp344.wordpresstemporal.com\/observatorio_igualdad_y_empleo\/wp-json\/wp\/v2\/posts\/11288","targetHints":{"allow":["GET"]}}],"collection":[{"href":"http:\/\/activat9-cp344.wordpresstemporal.com\/observatorio_igualdad_y_empleo\/wp-json\/wp\/v2\/posts"}],"about":[{"href":"http:\/\/activat9-cp344.wordpresstemporal.com\/observatorio_igualdad_y_empleo\/wp-json\/wp\/v2\/types\/post"}],"author":[{"embeddable":true,"href":"http:\/\/activat9-cp344.wordpresstemporal.com\/observatorio_igualdad_y_empleo\/wp-json\/wp\/v2\/users\/1"}],"replies":[{"embeddable":true,"href":"http:\/\/activat9-cp344.wordpresstemporal.com\/observatorio_igualdad_y_empleo\/wp-json\/wp\/v2\/comments?post=11288"}],"version-history":[{"count":5,"href":"http:\/\/activat9-cp344.wordpresstemporal.com\/observatorio_igualdad_y_empleo\/wp-json\/wp\/v2\/posts\/11288\/revisions"}],"predecessor-version":[{"id":11513,"href":"http:\/\/activat9-cp344.wordpresstemporal.com\/observatorio_igualdad_y_empleo\/wp-json\/wp\/v2\/posts\/11288\/revisions\/11513"}],"wp:attachment":[{"href":"http:\/\/activat9-cp344.wordpresstemporal.com\/observatorio_igualdad_y_empleo\/wp-json\/wp\/v2\/media?parent=11288"}],"wp:term":[{"taxonomy":"category","embeddable":true,"href":"http:\/\/activat9-cp344.wordpresstemporal.com\/observatorio_igualdad_y_empleo\/wp-json\/wp\/v2\/categories?post=11288"},{"taxonomy":"post_tag","embeddable":true,"href":"http:\/\/activat9-cp344.wordpresstemporal.com\/observatorio_igualdad_y_empleo\/wp-json\/wp\/v2\/tags?post=11288"}],"curies":[{"name":"wp","href":"https:\/\/api.w.org\/{rel}","templated":true}]}}