{"id":12449,"date":"2021-01-18T12:49:18","date_gmt":"2021-01-18T11:49:18","guid":{"rendered":"https:\/\/observatorioigualdadyempleo.es\/?p=12449"},"modified":"2021-01-18T12:49:18","modified_gmt":"2021-01-18T11:49:18","slug":"desarrollo-de-habilidades-tic-en-navarra","status":"publish","type":"post","link":"http:\/\/activat9-cp344.wordpresstemporal.com\/observatorio_igualdad_y_empleo\/desarrollo-de-habilidades-tic-en-navarra\/","title":{"rendered":"Desarrollo de habilidades TIC en Navarra"},"content":{"rendered":"<p>El <a href=\"https:\/\/www.pamplona.es\/\" target=\"_blank\" rel=\"noopener\">Centro Ematic del Ayuntamiento de Pamplona<\/a> ha publicado su <a href=\"https:\/\/navarra.elespanol.com\/articulo\/pamplona\/mujeres-cursos-gratis-informatica-nueva-tecnologia\/20210106105730351226.html\" target=\"_blank\" rel=\"noopener\">oferta formativa<\/a> de cursos gratuitos para <strong>el desarrollo de habilidades digitales de las mujeres<\/strong>.<\/p>\n<p>Esta formaci\u00f3n tiene como objetivo mejorar la capacidad de las mujeres de utilizar sus tel\u00e9fonos inteligentes y de mejorar sus habilidades de uso de los ordenadores, de diferentes herramientas TIC (como por ejemplo, la gesti\u00f3n de archivos) y del Internet, en general. Han habilitado, adem\u00e1s, formaciones espec\u00edficas dirigidas a mujeres mayores de 60 a\u00f1os.<\/p>\n<p>Este tipo de formaciones son ejemplos de buenas pr\u00e1cticas ya que permiten a las mujeres acceder a diferentes recursos y <strong>contribuir a la reducci\u00f3n de la brecha de g\u00e9nero digital entre mujeres y hombres<\/strong>.<\/p>\n<p>Te recomendamos que consultes el <a href=\"https:\/\/www.pamplona.es\/cursos-ematic\" target=\"_blank\" rel=\"noopener\">siguiente enlace<\/a> para conocer m\u00e1s informaci\u00f3n sobre los cursos y las diferentes convocatorias disponibles.<\/p>\n<p>En <a href=\"http:\/\/www.fundacionmujeres.es\/\" target=\"_blank\" rel=\"noopener\">Fundaci\u00f3n Mujeres<\/a> ofrecemos diferentes formaciones que permiten a las mujeres acercarse a las TICs de forma segura y para mejorar sus condiciones personales, laborales y econ\u00f3micas. Te recomendamos que consultes <a href=\"http:\/\/www.fundacionmujeres.es\/eventos\" target=\"_blank\" rel=\"noopener\">nuestro apartado de \u00abAgenda<\/a>\u00bb para conocer m\u00e1s informaci\u00f3n sobre el tema.<\/p>\n<p>En el <strong>Observatorio de Igualdad y Empleo<\/strong> podr\u00e1s acceder a informaci\u00f3n de actualidad sobre las TICs con perspectiva de g\u00e9nero a trav\u00e9s del <a href=\"https:\/\/observatorioigualdadyempleo.es\/tag\/sector-tic\/\" target=\"_blank\" rel=\"noopener\">siguiente enlace<\/a>. El\u00a0<strong>Observatorio de Igualdad y Empleo<\/strong>\u00a0es una\u00a0acci\u00f3n de divulgaci\u00f3n que forma parte del proyecto\u00a0<a href=\"https:\/\/observatorioigualdadyempleo.es\/proyecto-dana\/\" target=\"_blank\" rel=\"noopener noreferrer\">DANA+<\/a>, financiado por el\u00a0<a href=\"https:\/\/ec.europa.eu\/social\/main.jsp?langId=es&amp;catId=325\" target=\"_blank\" rel=\"noopener noreferrer\">Fondo Social Europeo.<\/a><\/p>\n","protected":false},"excerpt":{"rendered":"<p>El Centro Ematic del Ayuntamiento de Pamplona ha publicado su oferta formativa de cursos gratuitos para el desarrollo de habilidades digitales de las mujeres. Esta formaci\u00f3n tiene como objetivo mejorar la capacidad de las mujeres de utilizar sus tel\u00e9fonos inteligentes<span class=\"excerpt-hellip\"> [\u2026]<\/span><\/p>\n","protected":false},"author":1,"featured_media":0,"comment_status":"closed","ping_status":"open","sticky":false,"template":"","format":"standard","meta":{"footnotes":""},"categories":[181],"tags":[331,196,55,110,69,49,38,135,128],"class_list":["post-12449","post","type-post","status-publish","format-standard","hentry","category-empleo","tag-331","tag-brecha","tag-empleo","tag-empoderamiento","tag-espana","tag-formacion","tag-igualdad-de-oportunidades","tag-navarra","tag-sector-tic"],"yoast_head":"<!-- This site is optimized with the Yoast SEO plugin v27.5 - https:\/\/yoast.com\/product\/yoast-seo-wordpress\/ -->\n<title>Desarrollo de habilidades TIC en Navarra - Observatorio de Igualdad y Empleo<\/title>\n<meta name=\"robots\" content=\"index, follow, max-snippet:-1, max-image-preview:large, max-video-preview:-1\" \/>\n<link rel=\"canonical\" href=\"https:\/\/observatorioigualdadyempleo.es\/desarrollo-de-habilidades-tic-en-navarra\/\" \/>\n<meta property=\"og:locale\" content=\"es_ES\" \/>\n<meta property=\"og:type\" content=\"article\" \/>\n<meta property=\"og:title\" content=\"Desarrollo de habilidades TIC en Navarra - Observatorio de Igualdad y Empleo\" \/>\n<meta property=\"og:description\" content=\"El Centro Ematic del Ayuntamiento de Pamplona ha publicado su oferta formativa de cursos gratuitos para el desarrollo de habilidades digitales de las mujeres. Esta formaci\u00f3n tiene como objetivo mejorar la capacidad de las mujeres de utilizar sus tel\u00e9fonos inteligentes [\u2026]\" \/>\n<meta property=\"og:url\" content=\"https:\/\/observatorioigualdadyempleo.es\/desarrollo-de-habilidades-tic-en-navarra\/\" \/>\n<meta property=\"og:site_name\" content=\"Observatorio de Igualdad y Empleo\" \/>\n<meta property=\"article:publisher\" content=\"https:\/\/www.facebook.com\/fundacionmujeres\" \/>\n<meta property=\"article:published_time\" content=\"2021-01-18T11:49:18+00:00\" \/>\n<meta property=\"og:image\" content=\"http:\/\/activat9-cp344.wordpresstemporal.com\/observatorio_igualdad_y_empleo\/wp-content\/uploads\/2017\/12\/icono-web.png\" \/>\n\t<meta property=\"og:image:width\" content=\"512\" \/>\n\t<meta property=\"og:image:height\" content=\"512\" \/>\n\t<meta property=\"og:image:type\" content=\"image\/png\" \/>\n<meta name=\"author\" content=\"adminigemp\" \/>\n<meta name=\"twitter:card\" content=\"summary_large_image\" \/>\n<meta name=\"twitter:creator\" content=\"@fmujeres\" \/>\n<meta name=\"twitter:site\" content=\"@fmujeres\" \/>\n<meta name=\"twitter:label1\" content=\"Escrito por\" \/>\n\t<meta name=\"twitter:data1\" content=\"adminigemp\" \/>\n\t<meta name=\"twitter:label2\" content=\"Tiempo de lectura\" \/>\n\t<meta name=\"twitter:data2\" content=\"1 minuto\" \/>\n<script type=\"application\/ld+json\" class=\"yoast-schema-graph\">{\"@context\":\"https:\\\/\\\/schema.org\",\"@graph\":[{\"@type\":\"Article\",\"@id\":\"https:\\\/\\\/observatorioigualdadyempleo.es\\\/desarrollo-de-habilidades-tic-en-navarra\\\/#article\",\"isPartOf\":{\"@id\":\"https:\\\/\\\/observatorioigualdadyempleo.es\\\/desarrollo-de-habilidades-tic-en-navarra\\\/\"},\"author\":{\"name\":\"adminigemp\",\"@id\":\"https:\\\/\\\/observatorioigualdadyempleo.es\\\/#\\\/schema\\\/person\\\/041ae622a50c0db746d7ed6e688d6141\"},\"headline\":\"Desarrollo de habilidades TIC en Navarra\",\"datePublished\":\"2021-01-18T11:49:18+00:00\",\"mainEntityOfPage\":{\"@id\":\"https:\\\/\\\/observatorioigualdadyempleo.es\\\/desarrollo-de-habilidades-tic-en-navarra\\\/\"},\"wordCount\":247,\"keywords\":[\"2020\",\"Brecha\",\"Empleo\",\"Empoderamiento\",\"Espa\u00f1a\",\"Formaci\u00f3n\",\"Igualdad de Oportunidades\",\"Navarra\",\"Sector TIC\"],\"articleSection\":[\"Empleo\"],\"inLanguage\":\"es\"},{\"@type\":\"WebPage\",\"@id\":\"https:\\\/\\\/observatorioigualdadyempleo.es\\\/desarrollo-de-habilidades-tic-en-navarra\\\/\",\"url\":\"https:\\\/\\\/observatorioigualdadyempleo.es\\\/desarrollo-de-habilidades-tic-en-navarra\\\/\",\"name\":\"Desarrollo de habilidades TIC en Navarra - Observatorio de Igualdad y Empleo\",\"isPartOf\":{\"@id\":\"https:\\\/\\\/observatorioigualdadyempleo.es\\\/#website\"},\"datePublished\":\"2021-01-18T11:49:18+00:00\",\"author\":{\"@id\":\"https:\\\/\\\/observatorioigualdadyempleo.es\\\/#\\\/schema\\\/person\\\/041ae622a50c0db746d7ed6e688d6141\"},\"breadcrumb\":{\"@id\":\"https:\\\/\\\/observatorioigualdadyempleo.es\\\/desarrollo-de-habilidades-tic-en-navarra\\\/#breadcrumb\"},\"inLanguage\":\"es\",\"potentialAction\":[{\"@type\":\"ReadAction\",\"target\":[\"https:\\\/\\\/observatorioigualdadyempleo.es\\\/desarrollo-de-habilidades-tic-en-navarra\\\/\"]}]},{\"@type\":\"BreadcrumbList\",\"@id\":\"https:\\\/\\\/observatorioigualdadyempleo.es\\\/desarrollo-de-habilidades-tic-en-navarra\\\/#breadcrumb\",\"itemListElement\":[{\"@type\":\"ListItem\",\"position\":1,\"name\":\"Portada\",\"item\":\"https:\\\/\\\/observatorioigualdadyempleo.es\\\/\"},{\"@type\":\"ListItem\",\"position\":2,\"name\":\"Desarrollo de habilidades TIC en Navarra\"}]},{\"@type\":\"WebSite\",\"@id\":\"https:\\\/\\\/observatorioigualdadyempleo.es\\\/#website\",\"url\":\"https:\\\/\\\/observatorioigualdadyempleo.es\\\/\",\"name\":\"Observatorio de Igualdad y Empleo\",\"description\":\"Recopilatorio de conocimiento sobre igualdad  y empleo\",\"potentialAction\":[{\"@type\":\"SearchAction\",\"target\":{\"@type\":\"EntryPoint\",\"urlTemplate\":\"https:\\\/\\\/observatorioigualdadyempleo.es\\\/?s={search_term_string}\"},\"query-input\":{\"@type\":\"PropertyValueSpecification\",\"valueRequired\":true,\"valueName\":\"search_term_string\"}}],\"inLanguage\":\"es\"},{\"@type\":\"Person\",\"@id\":\"https:\\\/\\\/observatorioigualdadyempleo.es\\\/#\\\/schema\\\/person\\\/041ae622a50c0db746d7ed6e688d6141\",\"name\":\"adminigemp\",\"image\":{\"@type\":\"ImageObject\",\"inLanguage\":\"es\",\"@id\":\"https:\\\/\\\/secure.gravatar.com\\\/avatar\\\/cf076103850650f3e444b8c4446ee6f3f1efb3d7395463e7b84e7cbe4c8ec390?s=96&d=mm&r=g\",\"url\":\"https:\\\/\\\/secure.gravatar.com\\\/avatar\\\/cf076103850650f3e444b8c4446ee6f3f1efb3d7395463e7b84e7cbe4c8ec390?s=96&d=mm&r=g\",\"contentUrl\":\"https:\\\/\\\/secure.gravatar.com\\\/avatar\\\/cf076103850650f3e444b8c4446ee6f3f1efb3d7395463e7b84e7cbe4c8ec390?s=96&d=mm&r=g\",\"caption\":\"adminigemp\"},\"url\":\"http:\\\/\\\/activat9-cp344.wordpresstemporal.com\\\/observatorio_igualdad_y_empleo\\\/author\\\/adminigemp\\\/\"}]}<\/script>\n<!-- \/ Yoast SEO plugin. -->","yoast_head_json":{"title":"Desarrollo de habilidades TIC en Navarra - Observatorio de Igualdad y Empleo","robots":{"index":"index","follow":"follow","max-snippet":"max-snippet:-1","max-image-preview":"max-image-preview:large","max-video-preview":"max-video-preview:-1"},"canonical":"https:\/\/observatorioigualdadyempleo.es\/desarrollo-de-habilidades-tic-en-navarra\/","og_locale":"es_ES","og_type":"article","og_title":"Desarrollo de habilidades TIC en Navarra - Observatorio de Igualdad y Empleo","og_description":"El Centro Ematic del Ayuntamiento de Pamplona ha publicado su oferta formativa de cursos gratuitos para el desarrollo de habilidades digitales de las mujeres. Esta formaci\u00f3n tiene como objetivo mejorar la capacidad de las mujeres de utilizar sus tel\u00e9fonos inteligentes [\u2026]","og_url":"https:\/\/observatorioigualdadyempleo.es\/desarrollo-de-habilidades-tic-en-navarra\/","og_site_name":"Observatorio de Igualdad y Empleo","article_publisher":"https:\/\/www.facebook.com\/fundacionmujeres","article_published_time":"2021-01-18T11:49:18+00:00","og_image":[{"width":512,"height":512,"url":"http:\/\/activat9-cp344.wordpresstemporal.com\/observatorio_igualdad_y_empleo\/wp-content\/uploads\/2017\/12\/icono-web.png","type":"image\/png"}],"author":"adminigemp","twitter_card":"summary_large_image","twitter_creator":"@fmujeres","twitter_site":"@fmujeres","twitter_misc":{"Escrito por":"adminigemp","Tiempo de lectura":"1 minuto"},"schema":{"@context":"https:\/\/schema.org","@graph":[{"@type":"Article","@id":"https:\/\/observatorioigualdadyempleo.es\/desarrollo-de-habilidades-tic-en-navarra\/#article","isPartOf":{"@id":"https:\/\/observatorioigualdadyempleo.es\/desarrollo-de-habilidades-tic-en-navarra\/"},"author":{"name":"adminigemp","@id":"https:\/\/observatorioigualdadyempleo.es\/#\/schema\/person\/041ae622a50c0db746d7ed6e688d6141"},"headline":"Desarrollo de habilidades TIC en Navarra","datePublished":"2021-01-18T11:49:18+00:00","mainEntityOfPage":{"@id":"https:\/\/observatorioigualdadyempleo.es\/desarrollo-de-habilidades-tic-en-navarra\/"},"wordCount":247,"keywords":["2020","Brecha","Empleo","Empoderamiento","Espa\u00f1a","Formaci\u00f3n","Igualdad de Oportunidades","Navarra","Sector TIC"],"articleSection":["Empleo"],"inLanguage":"es"},{"@type":"WebPage","@id":"https:\/\/observatorioigualdadyempleo.es\/desarrollo-de-habilidades-tic-en-navarra\/","url":"https:\/\/observatorioigualdadyempleo.es\/desarrollo-de-habilidades-tic-en-navarra\/","name":"Desarrollo de habilidades TIC en Navarra - Observatorio de Igualdad y Empleo","isPartOf":{"@id":"https:\/\/observatorioigualdadyempleo.es\/#website"},"datePublished":"2021-01-18T11:49:18+00:00","author":{"@id":"https:\/\/observatorioigualdadyempleo.es\/#\/schema\/person\/041ae622a50c0db746d7ed6e688d6141"},"breadcrumb":{"@id":"https:\/\/observatorioigualdadyempleo.es\/desarrollo-de-habilidades-tic-en-navarra\/#breadcrumb"},"inLanguage":"es","potentialAction":[{"@type":"ReadAction","target":["https:\/\/observatorioigualdadyempleo.es\/desarrollo-de-habilidades-tic-en-navarra\/"]}]},{"@type":"BreadcrumbList","@id":"https:\/\/observatorioigualdadyempleo.es\/desarrollo-de-habilidades-tic-en-navarra\/#breadcrumb","itemListElement":[{"@type":"ListItem","position":1,"name":"Portada","item":"https:\/\/observatorioigualdadyempleo.es\/"},{"@type":"ListItem","position":2,"name":"Desarrollo de habilidades TIC en Navarra"}]},{"@type":"WebSite","@id":"https:\/\/observatorioigualdadyempleo.es\/#website","url":"https:\/\/observatorioigualdadyempleo.es\/","name":"Observatorio de Igualdad y Empleo","description":"Recopilatorio de conocimiento sobre igualdad  y empleo","potentialAction":[{"@type":"SearchAction","target":{"@type":"EntryPoint","urlTemplate":"https:\/\/observatorioigualdadyempleo.es\/?s={search_term_string}"},"query-input":{"@type":"PropertyValueSpecification","valueRequired":true,"valueName":"search_term_string"}}],"inLanguage":"es"},{"@type":"Person","@id":"https:\/\/observatorioigualdadyempleo.es\/#\/schema\/person\/041ae622a50c0db746d7ed6e688d6141","name":"adminigemp","image":{"@type":"ImageObject","inLanguage":"es","@id":"https:\/\/secure.gravatar.com\/avatar\/cf076103850650f3e444b8c4446ee6f3f1efb3d7395463e7b84e7cbe4c8ec390?s=96&d=mm&r=g","url":"https:\/\/secure.gravatar.com\/avatar\/cf076103850650f3e444b8c4446ee6f3f1efb3d7395463e7b84e7cbe4c8ec390?s=96&d=mm&r=g","contentUrl":"https:\/\/secure.gravatar.com\/avatar\/cf076103850650f3e444b8c4446ee6f3f1efb3d7395463e7b84e7cbe4c8ec390?s=96&d=mm&r=g","caption":"adminigemp"},"url":"http:\/\/activat9-cp344.wordpresstemporal.com\/observatorio_igualdad_y_empleo\/author\/adminigemp\/"}]}},"_links":{"self":[{"href":"http:\/\/activat9-cp344.wordpresstemporal.com\/observatorio_igualdad_y_empleo\/wp-json\/wp\/v2\/posts\/12449","targetHints":{"allow":["GET"]}}],"collection":[{"href":"http:\/\/activat9-cp344.wordpresstemporal.com\/observatorio_igualdad_y_empleo\/wp-json\/wp\/v2\/posts"}],"about":[{"href":"http:\/\/activat9-cp344.wordpresstemporal.com\/observatorio_igualdad_y_empleo\/wp-json\/wp\/v2\/types\/post"}],"author":[{"embeddable":true,"href":"http:\/\/activat9-cp344.wordpresstemporal.com\/observatorio_igualdad_y_empleo\/wp-json\/wp\/v2\/users\/1"}],"replies":[{"embeddable":true,"href":"http:\/\/activat9-cp344.wordpresstemporal.com\/observatorio_igualdad_y_empleo\/wp-json\/wp\/v2\/comments?post=12449"}],"version-history":[{"count":2,"href":"http:\/\/activat9-cp344.wordpresstemporal.com\/observatorio_igualdad_y_empleo\/wp-json\/wp\/v2\/posts\/12449\/revisions"}],"predecessor-version":[{"id":12618,"href":"http:\/\/activat9-cp344.wordpresstemporal.com\/observatorio_igualdad_y_empleo\/wp-json\/wp\/v2\/posts\/12449\/revisions\/12618"}],"wp:attachment":[{"href":"http:\/\/activat9-cp344.wordpresstemporal.com\/observatorio_igualdad_y_empleo\/wp-json\/wp\/v2\/media?parent=12449"}],"wp:term":[{"taxonomy":"category","embeddable":true,"href":"http:\/\/activat9-cp344.wordpresstemporal.com\/observatorio_igualdad_y_empleo\/wp-json\/wp\/v2\/categories?post=12449"},{"taxonomy":"post_tag","embeddable":true,"href":"http:\/\/activat9-cp344.wordpresstemporal.com\/observatorio_igualdad_y_empleo\/wp-json\/wp\/v2\/tags?post=12449"}],"curies":[{"name":"wp","href":"https:\/\/api.w.org\/{rel}","templated":true}]}}