{"id":12549,"date":"2021-02-09T08:30:06","date_gmt":"2021-02-09T07:30:06","guid":{"rendered":"https:\/\/observatorioigualdadyempleo.es\/?p=12549"},"modified":"2021-02-09T09:16:51","modified_gmt":"2021-02-09T08:16:51","slug":"nomorematildas-mujeres-en-la-ciencia","status":"publish","type":"post","link":"http:\/\/activat9-cp344.wordpresstemporal.com\/observatorio_igualdad_y_empleo\/nomorematildas-mujeres-en-la-ciencia\/","title":{"rendered":"#NoMoreMatildas: Mujeres en la ciencia"},"content":{"rendered":"<p>\u00bfQu\u00e9 es el \u00abefecto Matilda\u00bb? El termino <em>efecto Matilda<\/em> est\u00e1 relacionado <strong>la falta de reconocimiento a la que se enfrentan las mujeres en el \u00e1mbito cient\u00edfico, y a la atribuci\u00f3n de sus logros a sus compa\u00f1eros hombre<\/strong>s. Lleva el nombre de Matilda Josly Gage, sufragista y abolicionista, que utiliz\u00f3 este t\u00e9rmino en su ensayo \u00abLa mujer como inventora\u00bb.<\/p>\n<p>Entre los <a href=\"https:\/\/www.publico.es\/sociedad\/admiralas-nomorematildas-campana-quiere-visibilizar-mujeres-ciencia.html\" target=\"_blank\" rel=\"noopener\">ejemplos de mujeres<\/a> que han sufrido el \u00abefecto Matilda\u00bb encontramos a <strong>Rosalind Franklin<\/strong> quien descubri\u00f3 la estructura de la doble \u00e9lice del ADN y cuyo trabajo fue atribuido a los cient\u00edficos Wikings, Watson y Crick, quienes recibieron el Premio Nobel. O, <strong>Isabella Karle<\/strong> quien trabajo con su pareja para descubrir la estructura tridimensional de la mol\u00e9cula, sin embargo fue el quien recibi\u00f3 el reconocimiento del Premio Nobel. Estos son dos ejemplos, entre muchos, de mujeres que a lo largo de la historia han contribuido con su trabajo a descubrimientos cient\u00edficos por los cuales no han recibido ning\u00fan merecido reconocimiento.<\/p>\n<p>Por esta raz\u00f3n, la <a href=\"https:\/\/www.amit-es.org\/\" target=\"_blank\" rel=\"noopener\">Asociaci\u00f3n de Mujeres Investigadoras y Tecn\u00f3logas (AMIT)<\/a> pone en marcha la <strong>campa\u00f1a #NoMoreMatildas<\/strong>. Tiene como objetivo recuperar las figuras de mujeres referentes en el \u00e1mbito de la ciencia y resaltar sus aportaciones y descubrimientos para <strong>impulsar la vocaci\u00f3n cient\u00edfica en las ni\u00f1as y en las mujeres.<\/strong> Te recomendamos que consultes <a href=\"https:\/\/www.nomorematildas.com\/\" target=\"_blank\" rel=\"noopener\">la web oficial de la campa\u00f1a #NoMoreMatildas<\/a> para conocer m\u00e1s informaci\u00f3n sobre las diferentes publicaciones que han realizado sobre diferentes cient\u00edficas y sus logros profesionales.<\/p>\n<p>En el <strong>Observatorio de Igualdad y Empleo<\/strong> podr\u00e1s encontrar m\u00e1s informaci\u00f3n sobre el sector TIC con perspectiva de g\u00e9nero a trav\u00e9s del <a href=\"https:\/\/observatorioigualdadyempleo.es\/tag\/sector-tic\/\" target=\"_blank\" rel=\"noopener\">siguiente enlace.<\/a>\u00a0 El\u00a0<strong>Observatorio de Igualdad y Empleo<\/strong>\u00a0es una\u00a0acci\u00f3n de divulgaci\u00f3n que forma parte del proyecto\u00a0<a href=\"https:\/\/observatorioigualdadyempleo.es\/proyecto-dana\/\" target=\"_blank\" rel=\"noopener noreferrer\">DANA+<\/a>, financiado por el\u00a0<a href=\"https:\/\/ec.europa.eu\/social\/main.jsp?langId=es&amp;catId=325\" target=\"_blank\" rel=\"noopener noreferrer\">Fondo Social Europeo.<\/a><\/p>\n<p>*Fuente de la foto: P\u00e1gina web de la campa\u00f1a #NoMoreMatildas (<a href=\"https:\/\/www.nomorematildas.com\/rs\/matilda-encarte.png\" target=\"_blank\" rel=\"noopener\">enlace<\/a>)<\/p>\n","protected":false},"excerpt":{"rendered":"<p>\u00bfQu\u00e9 es el \u00abefecto Matilda\u00bb? El termino efecto Matilda est\u00e1 relacionado la falta de reconocimiento a la que se enfrentan las mujeres en el \u00e1mbito cient\u00edfico, y a la atribuci\u00f3n de sus logros a sus compa\u00f1eros hombres. Lleva el nombre<span class=\"excerpt-hellip\"> [\u2026]<\/span><\/p>\n","protected":false},"author":1,"featured_media":0,"comment_status":"closed","ping_status":"open","sticky":false,"template":"","format":"standard","meta":{"footnotes":""},"categories":[181],"tags":[330,37,55,110,69,436,38,156,53,128,84],"class_list":["post-12549","post","type-post","status-publish","format-standard","hentry","category-empleo","tag-330","tag-discriminacion","tag-empleo","tag-empoderamiento","tag-espana","tag-estereotipos","tag-igualdad-de-oportunidades","tag-investigacion","tag-promocion","tag-sector-tic","tag-segregacion"],"yoast_head":"<!-- This site is optimized with the Yoast SEO plugin v27.5 - https:\/\/yoast.com\/product\/yoast-seo-wordpress\/ -->\n<title>#NoMoreMatildas: Mujeres en la ciencia - Observatorio de Igualdad y Empleo<\/title>\n<meta name=\"robots\" content=\"index, follow, max-snippet:-1, max-image-preview:large, max-video-preview:-1\" \/>\n<link rel=\"canonical\" href=\"http:\/\/activat9-cp344.wordpresstemporal.com\/observatorio_igualdad_y_empleo\/nomorematildas-mujeres-en-la-ciencia\/\" \/>\n<meta property=\"og:locale\" content=\"es_ES\" \/>\n<meta property=\"og:type\" content=\"article\" \/>\n<meta property=\"og:title\" content=\"#NoMoreMatildas: Mujeres en la ciencia - Observatorio de Igualdad y Empleo\" \/>\n<meta property=\"og:description\" content=\"\u00bfQu\u00e9 es el \u00abefecto Matilda\u00bb? El termino efecto Matilda est\u00e1 relacionado la falta de reconocimiento a la que se enfrentan las mujeres en el \u00e1mbito cient\u00edfico, y a la atribuci\u00f3n de sus logros a sus compa\u00f1eros hombres. Lleva el nombre [\u2026]\" \/>\n<meta property=\"og:url\" content=\"http:\/\/activat9-cp344.wordpresstemporal.com\/observatorio_igualdad_y_empleo\/nomorematildas-mujeres-en-la-ciencia\/\" \/>\n<meta property=\"og:site_name\" content=\"Observatorio de Igualdad y Empleo\" \/>\n<meta property=\"article:publisher\" content=\"https:\/\/www.facebook.com\/fundacionmujeres\" \/>\n<meta property=\"article:published_time\" content=\"2021-02-09T07:30:06+00:00\" \/>\n<meta property=\"article:modified_time\" content=\"2021-02-09T08:16:51+00:00\" \/>\n<meta property=\"og:image\" content=\"http:\/\/activat9-cp344.wordpresstemporal.com\/observatorio_igualdad_y_empleo\/wp-content\/uploads\/2017\/12\/icono-web.png\" \/>\n\t<meta property=\"og:image:width\" content=\"512\" \/>\n\t<meta property=\"og:image:height\" content=\"512\" \/>\n\t<meta property=\"og:image:type\" content=\"image\/png\" \/>\n<meta name=\"author\" content=\"adminigemp\" \/>\n<meta name=\"twitter:card\" content=\"summary_large_image\" \/>\n<meta name=\"twitter:creator\" content=\"@fmujeres\" \/>\n<meta name=\"twitter:site\" content=\"@fmujeres\" \/>\n<meta name=\"twitter:label1\" content=\"Escrito por\" \/>\n\t<meta name=\"twitter:data1\" content=\"adminigemp\" \/>\n\t<meta name=\"twitter:label2\" content=\"Tiempo de lectura\" \/>\n\t<meta name=\"twitter:data2\" content=\"2 minutos\" \/>\n<script type=\"application\/ld+json\" class=\"yoast-schema-graph\">{\"@context\":\"https:\\\/\\\/schema.org\",\"@graph\":[{\"@type\":\"Article\",\"@id\":\"http:\\\/\\\/activat9-cp344.wordpresstemporal.com\\\/observatorio_igualdad_y_empleo\\\/nomorematildas-mujeres-en-la-ciencia\\\/#article\",\"isPartOf\":{\"@id\":\"http:\\\/\\\/activat9-cp344.wordpresstemporal.com\\\/observatorio_igualdad_y_empleo\\\/nomorematildas-mujeres-en-la-ciencia\\\/\"},\"author\":{\"name\":\"adminigemp\",\"@id\":\"https:\\\/\\\/observatorioigualdadyempleo.es\\\/#\\\/schema\\\/person\\\/041ae622a50c0db746d7ed6e688d6141\"},\"headline\":\"#NoMoreMatildas: Mujeres en la ciencia\",\"datePublished\":\"2021-02-09T07:30:06+00:00\",\"dateModified\":\"2021-02-09T08:16:51+00:00\",\"mainEntityOfPage\":{\"@id\":\"http:\\\/\\\/activat9-cp344.wordpresstemporal.com\\\/observatorio_igualdad_y_empleo\\\/nomorematildas-mujeres-en-la-ciencia\\\/\"},\"wordCount\":329,\"keywords\":[\"2021\",\"Discriminaci\u00f3n\",\"Empleo\",\"Empoderamiento\",\"Espa\u00f1a\",\"Estereotipos\",\"Igualdad de Oportunidades\",\"Investigaci\u00f3n\",\"Promoci\u00f3n\",\"Sector TIC\",\"Segregaci\u00f3n\"],\"articleSection\":[\"Empleo\"],\"inLanguage\":\"es\"},{\"@type\":\"WebPage\",\"@id\":\"http:\\\/\\\/activat9-cp344.wordpresstemporal.com\\\/observatorio_igualdad_y_empleo\\\/nomorematildas-mujeres-en-la-ciencia\\\/\",\"url\":\"http:\\\/\\\/activat9-cp344.wordpresstemporal.com\\\/observatorio_igualdad_y_empleo\\\/nomorematildas-mujeres-en-la-ciencia\\\/\",\"name\":\"#NoMoreMatildas: Mujeres en la ciencia - Observatorio de Igualdad y Empleo\",\"isPartOf\":{\"@id\":\"https:\\\/\\\/observatorioigualdadyempleo.es\\\/#website\"},\"datePublished\":\"2021-02-09T07:30:06+00:00\",\"dateModified\":\"2021-02-09T08:16:51+00:00\",\"author\":{\"@id\":\"https:\\\/\\\/observatorioigualdadyempleo.es\\\/#\\\/schema\\\/person\\\/041ae622a50c0db746d7ed6e688d6141\"},\"breadcrumb\":{\"@id\":\"http:\\\/\\\/activat9-cp344.wordpresstemporal.com\\\/observatorio_igualdad_y_empleo\\\/nomorematildas-mujeres-en-la-ciencia\\\/#breadcrumb\"},\"inLanguage\":\"es\",\"potentialAction\":[{\"@type\":\"ReadAction\",\"target\":[\"http:\\\/\\\/activat9-cp344.wordpresstemporal.com\\\/observatorio_igualdad_y_empleo\\\/nomorematildas-mujeres-en-la-ciencia\\\/\"]}]},{\"@type\":\"BreadcrumbList\",\"@id\":\"http:\\\/\\\/activat9-cp344.wordpresstemporal.com\\\/observatorio_igualdad_y_empleo\\\/nomorematildas-mujeres-en-la-ciencia\\\/#breadcrumb\",\"itemListElement\":[{\"@type\":\"ListItem\",\"position\":1,\"name\":\"Portada\",\"item\":\"https:\\\/\\\/observatorioigualdadyempleo.es\\\/\"},{\"@type\":\"ListItem\",\"position\":2,\"name\":\"#NoMoreMatildas: Mujeres en la ciencia\"}]},{\"@type\":\"WebSite\",\"@id\":\"https:\\\/\\\/observatorioigualdadyempleo.es\\\/#website\",\"url\":\"https:\\\/\\\/observatorioigualdadyempleo.es\\\/\",\"name\":\"Observatorio de Igualdad y Empleo\",\"description\":\"Recopilatorio de conocimiento sobre igualdad  y empleo\",\"potentialAction\":[{\"@type\":\"SearchAction\",\"target\":{\"@type\":\"EntryPoint\",\"urlTemplate\":\"https:\\\/\\\/observatorioigualdadyempleo.es\\\/?s={search_term_string}\"},\"query-input\":{\"@type\":\"PropertyValueSpecification\",\"valueRequired\":true,\"valueName\":\"search_term_string\"}}],\"inLanguage\":\"es\"},{\"@type\":\"Person\",\"@id\":\"https:\\\/\\\/observatorioigualdadyempleo.es\\\/#\\\/schema\\\/person\\\/041ae622a50c0db746d7ed6e688d6141\",\"name\":\"adminigemp\",\"image\":{\"@type\":\"ImageObject\",\"inLanguage\":\"es\",\"@id\":\"https:\\\/\\\/secure.gravatar.com\\\/avatar\\\/cf076103850650f3e444b8c4446ee6f3f1efb3d7395463e7b84e7cbe4c8ec390?s=96&d=mm&r=g\",\"url\":\"https:\\\/\\\/secure.gravatar.com\\\/avatar\\\/cf076103850650f3e444b8c4446ee6f3f1efb3d7395463e7b84e7cbe4c8ec390?s=96&d=mm&r=g\",\"contentUrl\":\"https:\\\/\\\/secure.gravatar.com\\\/avatar\\\/cf076103850650f3e444b8c4446ee6f3f1efb3d7395463e7b84e7cbe4c8ec390?s=96&d=mm&r=g\",\"caption\":\"adminigemp\"},\"url\":\"http:\\\/\\\/activat9-cp344.wordpresstemporal.com\\\/observatorio_igualdad_y_empleo\\\/author\\\/adminigemp\\\/\"}]}<\/script>\n<!-- \/ Yoast SEO plugin. -->","yoast_head_json":{"title":"#NoMoreMatildas: Mujeres en la ciencia - Observatorio de Igualdad y Empleo","robots":{"index":"index","follow":"follow","max-snippet":"max-snippet:-1","max-image-preview":"max-image-preview:large","max-video-preview":"max-video-preview:-1"},"canonical":"http:\/\/activat9-cp344.wordpresstemporal.com\/observatorio_igualdad_y_empleo\/nomorematildas-mujeres-en-la-ciencia\/","og_locale":"es_ES","og_type":"article","og_title":"#NoMoreMatildas: Mujeres en la ciencia - Observatorio de Igualdad y Empleo","og_description":"\u00bfQu\u00e9 es el \u00abefecto Matilda\u00bb? El termino efecto Matilda est\u00e1 relacionado la falta de reconocimiento a la que se enfrentan las mujeres en el \u00e1mbito cient\u00edfico, y a la atribuci\u00f3n de sus logros a sus compa\u00f1eros hombres. Lleva el nombre [\u2026]","og_url":"http:\/\/activat9-cp344.wordpresstemporal.com\/observatorio_igualdad_y_empleo\/nomorematildas-mujeres-en-la-ciencia\/","og_site_name":"Observatorio de Igualdad y Empleo","article_publisher":"https:\/\/www.facebook.com\/fundacionmujeres","article_published_time":"2021-02-09T07:30:06+00:00","article_modified_time":"2021-02-09T08:16:51+00:00","og_image":[{"width":512,"height":512,"url":"http:\/\/activat9-cp344.wordpresstemporal.com\/observatorio_igualdad_y_empleo\/wp-content\/uploads\/2017\/12\/icono-web.png","type":"image\/png"}],"author":"adminigemp","twitter_card":"summary_large_image","twitter_creator":"@fmujeres","twitter_site":"@fmujeres","twitter_misc":{"Escrito por":"adminigemp","Tiempo de lectura":"2 minutos"},"schema":{"@context":"https:\/\/schema.org","@graph":[{"@type":"Article","@id":"http:\/\/activat9-cp344.wordpresstemporal.com\/observatorio_igualdad_y_empleo\/nomorematildas-mujeres-en-la-ciencia\/#article","isPartOf":{"@id":"http:\/\/activat9-cp344.wordpresstemporal.com\/observatorio_igualdad_y_empleo\/nomorematildas-mujeres-en-la-ciencia\/"},"author":{"name":"adminigemp","@id":"https:\/\/observatorioigualdadyempleo.es\/#\/schema\/person\/041ae622a50c0db746d7ed6e688d6141"},"headline":"#NoMoreMatildas: Mujeres en la ciencia","datePublished":"2021-02-09T07:30:06+00:00","dateModified":"2021-02-09T08:16:51+00:00","mainEntityOfPage":{"@id":"http:\/\/activat9-cp344.wordpresstemporal.com\/observatorio_igualdad_y_empleo\/nomorematildas-mujeres-en-la-ciencia\/"},"wordCount":329,"keywords":["2021","Discriminaci\u00f3n","Empleo","Empoderamiento","Espa\u00f1a","Estereotipos","Igualdad de Oportunidades","Investigaci\u00f3n","Promoci\u00f3n","Sector TIC","Segregaci\u00f3n"],"articleSection":["Empleo"],"inLanguage":"es"},{"@type":"WebPage","@id":"http:\/\/activat9-cp344.wordpresstemporal.com\/observatorio_igualdad_y_empleo\/nomorematildas-mujeres-en-la-ciencia\/","url":"http:\/\/activat9-cp344.wordpresstemporal.com\/observatorio_igualdad_y_empleo\/nomorematildas-mujeres-en-la-ciencia\/","name":"#NoMoreMatildas: Mujeres en la ciencia - Observatorio de Igualdad y Empleo","isPartOf":{"@id":"https:\/\/observatorioigualdadyempleo.es\/#website"},"datePublished":"2021-02-09T07:30:06+00:00","dateModified":"2021-02-09T08:16:51+00:00","author":{"@id":"https:\/\/observatorioigualdadyempleo.es\/#\/schema\/person\/041ae622a50c0db746d7ed6e688d6141"},"breadcrumb":{"@id":"http:\/\/activat9-cp344.wordpresstemporal.com\/observatorio_igualdad_y_empleo\/nomorematildas-mujeres-en-la-ciencia\/#breadcrumb"},"inLanguage":"es","potentialAction":[{"@type":"ReadAction","target":["http:\/\/activat9-cp344.wordpresstemporal.com\/observatorio_igualdad_y_empleo\/nomorematildas-mujeres-en-la-ciencia\/"]}]},{"@type":"BreadcrumbList","@id":"http:\/\/activat9-cp344.wordpresstemporal.com\/observatorio_igualdad_y_empleo\/nomorematildas-mujeres-en-la-ciencia\/#breadcrumb","itemListElement":[{"@type":"ListItem","position":1,"name":"Portada","item":"https:\/\/observatorioigualdadyempleo.es\/"},{"@type":"ListItem","position":2,"name":"#NoMoreMatildas: Mujeres en la ciencia"}]},{"@type":"WebSite","@id":"https:\/\/observatorioigualdadyempleo.es\/#website","url":"https:\/\/observatorioigualdadyempleo.es\/","name":"Observatorio de Igualdad y Empleo","description":"Recopilatorio de conocimiento sobre igualdad  y empleo","potentialAction":[{"@type":"SearchAction","target":{"@type":"EntryPoint","urlTemplate":"https:\/\/observatorioigualdadyempleo.es\/?s={search_term_string}"},"query-input":{"@type":"PropertyValueSpecification","valueRequired":true,"valueName":"search_term_string"}}],"inLanguage":"es"},{"@type":"Person","@id":"https:\/\/observatorioigualdadyempleo.es\/#\/schema\/person\/041ae622a50c0db746d7ed6e688d6141","name":"adminigemp","image":{"@type":"ImageObject","inLanguage":"es","@id":"https:\/\/secure.gravatar.com\/avatar\/cf076103850650f3e444b8c4446ee6f3f1efb3d7395463e7b84e7cbe4c8ec390?s=96&d=mm&r=g","url":"https:\/\/secure.gravatar.com\/avatar\/cf076103850650f3e444b8c4446ee6f3f1efb3d7395463e7b84e7cbe4c8ec390?s=96&d=mm&r=g","contentUrl":"https:\/\/secure.gravatar.com\/avatar\/cf076103850650f3e444b8c4446ee6f3f1efb3d7395463e7b84e7cbe4c8ec390?s=96&d=mm&r=g","caption":"adminigemp"},"url":"http:\/\/activat9-cp344.wordpresstemporal.com\/observatorio_igualdad_y_empleo\/author\/adminigemp\/"}]}},"_links":{"self":[{"href":"http:\/\/activat9-cp344.wordpresstemporal.com\/observatorio_igualdad_y_empleo\/wp-json\/wp\/v2\/posts\/12549","targetHints":{"allow":["GET"]}}],"collection":[{"href":"http:\/\/activat9-cp344.wordpresstemporal.com\/observatorio_igualdad_y_empleo\/wp-json\/wp\/v2\/posts"}],"about":[{"href":"http:\/\/activat9-cp344.wordpresstemporal.com\/observatorio_igualdad_y_empleo\/wp-json\/wp\/v2\/types\/post"}],"author":[{"embeddable":true,"href":"http:\/\/activat9-cp344.wordpresstemporal.com\/observatorio_igualdad_y_empleo\/wp-json\/wp\/v2\/users\/1"}],"replies":[{"embeddable":true,"href":"http:\/\/activat9-cp344.wordpresstemporal.com\/observatorio_igualdad_y_empleo\/wp-json\/wp\/v2\/comments?post=12549"}],"version-history":[{"count":3,"href":"http:\/\/activat9-cp344.wordpresstemporal.com\/observatorio_igualdad_y_empleo\/wp-json\/wp\/v2\/posts\/12549\/revisions"}],"predecessor-version":[{"id":12975,"href":"http:\/\/activat9-cp344.wordpresstemporal.com\/observatorio_igualdad_y_empleo\/wp-json\/wp\/v2\/posts\/12549\/revisions\/12975"}],"wp:attachment":[{"href":"http:\/\/activat9-cp344.wordpresstemporal.com\/observatorio_igualdad_y_empleo\/wp-json\/wp\/v2\/media?parent=12549"}],"wp:term":[{"taxonomy":"category","embeddable":true,"href":"http:\/\/activat9-cp344.wordpresstemporal.com\/observatorio_igualdad_y_empleo\/wp-json\/wp\/v2\/categories?post=12549"},{"taxonomy":"post_tag","embeddable":true,"href":"http:\/\/activat9-cp344.wordpresstemporal.com\/observatorio_igualdad_y_empleo\/wp-json\/wp\/v2\/tags?post=12549"}],"curies":[{"name":"wp","href":"https:\/\/api.w.org\/{rel}","templated":true}]}}