{"id":12672,"date":"2021-02-26T08:28:54","date_gmt":"2021-02-26T07:28:54","guid":{"rendered":"https:\/\/observatorioigualdadyempleo.es\/?p=12672"},"modified":"2021-02-26T10:47:51","modified_gmt":"2021-02-26T09:47:51","slug":"visibilidad-de-las-mujeres-en-el-arte","status":"publish","type":"post","link":"http:\/\/activat9-cp344.wordpresstemporal.com\/observatorio_igualdad_y_empleo\/visibilidad-de-las-mujeres-en-el-arte\/","title":{"rendered":"Visibilidad de las mujeres en el arte"},"content":{"rendered":"<p>En Espa\u00f1a, <strong>las mujeres representan m\u00e1s del 60% del alumnado de carreras de Bellas Artes<\/strong>. A pesar de esto, seg\u00fan <a href=\"https:\/\/www.mujerhoy.com\/vivir\/ocio\/201802\/18\/techos-cristal-mujeres-arte-20180215104519.html\" target=\"_blank\" rel=\"noopener\">un estudio de la Artnet y la Universidad de Maastricht<\/a>, s<strong>olo representan el 4% de la autor\u00eda de las obras que se exponen en galer\u00edas y museos occidentales<\/strong>. Asimismo, en 2017, las artistas expuestas en ARCO Madrid supon\u00edan un 25% total y solo 5% de ellas eran espa\u00f1olas.<\/p>\n<p>La falta de valoraci\u00f3n de las mujeres artistas y la falta de visibilidad de sus trabajos <strong>implica menor reconocimiento y menor valor econ\u00f3mico a su trabajo<\/strong>. Seg\u00fan un estudio realizado por la Universidad de Luxemburgo, <strong>las obras de arte realizadas por las mujeres se venden alrededor de un 47% m\u00e1s baratas que aquellas realizadas por hombres<\/strong>.<\/p>\n<p>El <a href=\"https:\/\/www.museodelprado.es\/\" target=\"_blank\" rel=\"noopener\">Museo del Prado<\/a> anunci\u00f3 <a href=\"https:\/\/www.abc.es\/cultura\/arte\/abci-prado-reordenara-colecciones-y-dara-mayor-presencia-mujeres-artistas-202101201440_noticia.html\" target=\"_blank\" rel=\"noopener\">el pasado mes de enero\u00a0<\/a> una reordenaci\u00f3n de las colecciones expuestas para que sus exposiciones sean<strong> m\u00e1s inclusivas<\/strong> y dar\u00e1n m\u00e1s visibilidad a las mujeres, la pintura social y de diferentes procedencias geogr\u00e1ficas. El objetivo es que l<strong>as mujeres artistas tengan mayor presencia, especialmente artistas del siglo XIX, adquirir\u00e1n m\u00e1s obras de artistas femeninas y crear\u00e1n una beca para estudios de g\u00e9nero en la pintura<\/strong>.<\/p>\n<p>Este cambio supone un paso para visibilizar los logros de las mujeres en las artes y <strong>contribuir a la reducci\u00f3n de las brechas de g\u00e9nero entre mujeres y hombres<\/strong> en este \u00e1mbito.<\/p>\n<p>Te recomendamos que consultes el <a href=\"https:\/\/observatorioigualdadyempleo.es\/tag\/brecha-de-genero\/\" target=\"_blank\" rel=\"noopener\">siguiente enlace<\/a> del <strong>Observatorio de Igualdad y Empleo<\/strong> para conocer m\u00e1s informaci\u00f3n sobre las brechas de g\u00e9nero entre mujeres y hombres.<\/p>\n<p>El\u00a0<strong>Observatorio de Igualdad y Empleo<\/strong>\u00a0es una\u00a0acci\u00f3n de divulgaci\u00f3n que forma parte del proyecto\u00a0<a href=\"https:\/\/observatorioigualdadyempleo.es\/proyecto-dana\/\" target=\"_blank\" rel=\"noopener noreferrer\">DANA+<\/a>, financiado por el\u00a0<a href=\"https:\/\/ec.europa.eu\/social\/main.jsp?langId=es&amp;catId=325\" target=\"_blank\" rel=\"noopener noreferrer\">Fondo Social Europeo.<\/a><\/p>\n","protected":false},"excerpt":{"rendered":"<p>En Espa\u00f1a, las mujeres representan m\u00e1s del 60% del alumnado de carreras de Bellas Artes. A pesar de esto, seg\u00fan un estudio de la Artnet y la Universidad de Maastricht, solo representan el 4% de la autor\u00eda de las obras<span class=\"excerpt-hellip\"> [\u2026]<\/span><\/p>\n","protected":false},"author":1,"featured_media":0,"comment_status":"closed","ping_status":"open","sticky":false,"template":"","format":"standard","meta":{"footnotes":""},"categories":[181],"tags":[330,333,343,55,59,69,38,126],"class_list":["post-12672","post","type-post","status-publish","format-standard","hentry","category-empleo","tag-330","tag-arte","tag-brecha-de-genero","tag-empleo","tag-enfoque-de-genero","tag-espana","tag-igualdad-de-oportunidades","tag-madrid"],"yoast_head":"<!-- This site is optimized with the Yoast SEO plugin v27.5 - https:\/\/yoast.com\/product\/yoast-seo-wordpress\/ -->\n<title>Visibilidad de las mujeres en el arte - Observatorio de Igualdad y Empleo<\/title>\n<meta name=\"robots\" content=\"index, follow, max-snippet:-1, max-image-preview:large, max-video-preview:-1\" \/>\n<link rel=\"canonical\" href=\"https:\/\/observatorioigualdadyempleo.es\/visibilidad-de-las-mujeres-en-el-arte\/\" \/>\n<meta property=\"og:locale\" content=\"es_ES\" \/>\n<meta property=\"og:type\" content=\"article\" \/>\n<meta property=\"og:title\" content=\"Visibilidad de las mujeres en el arte - Observatorio de Igualdad y Empleo\" \/>\n<meta property=\"og:description\" content=\"En Espa\u00f1a, las mujeres representan m\u00e1s del 60% del alumnado de carreras de Bellas Artes. A pesar de esto, seg\u00fan un estudio de la Artnet y la Universidad de Maastricht, solo representan el 4% de la autor\u00eda de las obras [\u2026]\" \/>\n<meta property=\"og:url\" content=\"https:\/\/observatorioigualdadyempleo.es\/visibilidad-de-las-mujeres-en-el-arte\/\" \/>\n<meta property=\"og:site_name\" content=\"Observatorio de Igualdad y Empleo\" \/>\n<meta property=\"article:publisher\" content=\"https:\/\/www.facebook.com\/fundacionmujeres\" \/>\n<meta property=\"article:published_time\" content=\"2021-02-26T07:28:54+00:00\" \/>\n<meta property=\"article:modified_time\" content=\"2021-02-26T09:47:51+00:00\" \/>\n<meta property=\"og:image\" content=\"http:\/\/activat9-cp344.wordpresstemporal.com\/observatorio_igualdad_y_empleo\/wp-content\/uploads\/2017\/12\/icono-web.png\" \/>\n\t<meta property=\"og:image:width\" content=\"512\" \/>\n\t<meta property=\"og:image:height\" content=\"512\" \/>\n\t<meta property=\"og:image:type\" content=\"image\/png\" \/>\n<meta name=\"author\" content=\"adminigemp\" \/>\n<meta name=\"twitter:card\" content=\"summary_large_image\" \/>\n<meta name=\"twitter:creator\" content=\"@fmujeres\" \/>\n<meta name=\"twitter:site\" content=\"@fmujeres\" \/>\n<meta name=\"twitter:label1\" content=\"Escrito por\" \/>\n\t<meta name=\"twitter:data1\" content=\"adminigemp\" \/>\n\t<meta name=\"twitter:label2\" content=\"Tiempo de lectura\" \/>\n\t<meta name=\"twitter:data2\" content=\"1 minuto\" \/>\n<script type=\"application\/ld+json\" class=\"yoast-schema-graph\">{\"@context\":\"https:\\\/\\\/schema.org\",\"@graph\":[{\"@type\":\"Article\",\"@id\":\"https:\\\/\\\/observatorioigualdadyempleo.es\\\/visibilidad-de-las-mujeres-en-el-arte\\\/#article\",\"isPartOf\":{\"@id\":\"https:\\\/\\\/observatorioigualdadyempleo.es\\\/visibilidad-de-las-mujeres-en-el-arte\\\/\"},\"author\":{\"name\":\"adminigemp\",\"@id\":\"https:\\\/\\\/observatorioigualdadyempleo.es\\\/#\\\/schema\\\/person\\\/041ae622a50c0db746d7ed6e688d6141\"},\"headline\":\"Visibilidad de las mujeres en el arte\",\"datePublished\":\"2021-02-26T07:28:54+00:00\",\"dateModified\":\"2021-02-26T09:47:51+00:00\",\"mainEntityOfPage\":{\"@id\":\"https:\\\/\\\/observatorioigualdadyempleo.es\\\/visibilidad-de-las-mujeres-en-el-arte\\\/\"},\"wordCount\":303,\"keywords\":[\"2021\",\"Arte\",\"Brecha de g\u00e9nero\",\"Empleo\",\"Enfoque de g\u00e9nero\",\"Espa\u00f1a\",\"Igualdad de Oportunidades\",\"Madrid\"],\"articleSection\":[\"Empleo\"],\"inLanguage\":\"es\"},{\"@type\":\"WebPage\",\"@id\":\"https:\\\/\\\/observatorioigualdadyempleo.es\\\/visibilidad-de-las-mujeres-en-el-arte\\\/\",\"url\":\"https:\\\/\\\/observatorioigualdadyempleo.es\\\/visibilidad-de-las-mujeres-en-el-arte\\\/\",\"name\":\"Visibilidad de las mujeres en el arte - Observatorio de Igualdad y Empleo\",\"isPartOf\":{\"@id\":\"https:\\\/\\\/observatorioigualdadyempleo.es\\\/#website\"},\"datePublished\":\"2021-02-26T07:28:54+00:00\",\"dateModified\":\"2021-02-26T09:47:51+00:00\",\"author\":{\"@id\":\"https:\\\/\\\/observatorioigualdadyempleo.es\\\/#\\\/schema\\\/person\\\/041ae622a50c0db746d7ed6e688d6141\"},\"breadcrumb\":{\"@id\":\"https:\\\/\\\/observatorioigualdadyempleo.es\\\/visibilidad-de-las-mujeres-en-el-arte\\\/#breadcrumb\"},\"inLanguage\":\"es\",\"potentialAction\":[{\"@type\":\"ReadAction\",\"target\":[\"https:\\\/\\\/observatorioigualdadyempleo.es\\\/visibilidad-de-las-mujeres-en-el-arte\\\/\"]}]},{\"@type\":\"BreadcrumbList\",\"@id\":\"https:\\\/\\\/observatorioigualdadyempleo.es\\\/visibilidad-de-las-mujeres-en-el-arte\\\/#breadcrumb\",\"itemListElement\":[{\"@type\":\"ListItem\",\"position\":1,\"name\":\"Portada\",\"item\":\"https:\\\/\\\/observatorioigualdadyempleo.es\\\/\"},{\"@type\":\"ListItem\",\"position\":2,\"name\":\"Visibilidad de las mujeres en el arte\"}]},{\"@type\":\"WebSite\",\"@id\":\"https:\\\/\\\/observatorioigualdadyempleo.es\\\/#website\",\"url\":\"https:\\\/\\\/observatorioigualdadyempleo.es\\\/\",\"name\":\"Observatorio de Igualdad y Empleo\",\"description\":\"Recopilatorio de conocimiento sobre igualdad  y empleo\",\"potentialAction\":[{\"@type\":\"SearchAction\",\"target\":{\"@type\":\"EntryPoint\",\"urlTemplate\":\"https:\\\/\\\/observatorioigualdadyempleo.es\\\/?s={search_term_string}\"},\"query-input\":{\"@type\":\"PropertyValueSpecification\",\"valueRequired\":true,\"valueName\":\"search_term_string\"}}],\"inLanguage\":\"es\"},{\"@type\":\"Person\",\"@id\":\"https:\\\/\\\/observatorioigualdadyempleo.es\\\/#\\\/schema\\\/person\\\/041ae622a50c0db746d7ed6e688d6141\",\"name\":\"adminigemp\",\"image\":{\"@type\":\"ImageObject\",\"inLanguage\":\"es\",\"@id\":\"https:\\\/\\\/secure.gravatar.com\\\/avatar\\\/cf076103850650f3e444b8c4446ee6f3f1efb3d7395463e7b84e7cbe4c8ec390?s=96&d=mm&r=g\",\"url\":\"https:\\\/\\\/secure.gravatar.com\\\/avatar\\\/cf076103850650f3e444b8c4446ee6f3f1efb3d7395463e7b84e7cbe4c8ec390?s=96&d=mm&r=g\",\"contentUrl\":\"https:\\\/\\\/secure.gravatar.com\\\/avatar\\\/cf076103850650f3e444b8c4446ee6f3f1efb3d7395463e7b84e7cbe4c8ec390?s=96&d=mm&r=g\",\"caption\":\"adminigemp\"},\"url\":\"http:\\\/\\\/activat9-cp344.wordpresstemporal.com\\\/observatorio_igualdad_y_empleo\\\/author\\\/adminigemp\\\/\"}]}<\/script>\n<!-- \/ Yoast SEO plugin. -->","yoast_head_json":{"title":"Visibilidad de las mujeres en el arte - Observatorio de Igualdad y Empleo","robots":{"index":"index","follow":"follow","max-snippet":"max-snippet:-1","max-image-preview":"max-image-preview:large","max-video-preview":"max-video-preview:-1"},"canonical":"https:\/\/observatorioigualdadyempleo.es\/visibilidad-de-las-mujeres-en-el-arte\/","og_locale":"es_ES","og_type":"article","og_title":"Visibilidad de las mujeres en el arte - Observatorio de Igualdad y Empleo","og_description":"En Espa\u00f1a, las mujeres representan m\u00e1s del 60% del alumnado de carreras de Bellas Artes. A pesar de esto, seg\u00fan un estudio de la Artnet y la Universidad de Maastricht, solo representan el 4% de la autor\u00eda de las obras [\u2026]","og_url":"https:\/\/observatorioigualdadyempleo.es\/visibilidad-de-las-mujeres-en-el-arte\/","og_site_name":"Observatorio de Igualdad y Empleo","article_publisher":"https:\/\/www.facebook.com\/fundacionmujeres","article_published_time":"2021-02-26T07:28:54+00:00","article_modified_time":"2021-02-26T09:47:51+00:00","og_image":[{"width":512,"height":512,"url":"http:\/\/activat9-cp344.wordpresstemporal.com\/observatorio_igualdad_y_empleo\/wp-content\/uploads\/2017\/12\/icono-web.png","type":"image\/png"}],"author":"adminigemp","twitter_card":"summary_large_image","twitter_creator":"@fmujeres","twitter_site":"@fmujeres","twitter_misc":{"Escrito por":"adminigemp","Tiempo de lectura":"1 minuto"},"schema":{"@context":"https:\/\/schema.org","@graph":[{"@type":"Article","@id":"https:\/\/observatorioigualdadyempleo.es\/visibilidad-de-las-mujeres-en-el-arte\/#article","isPartOf":{"@id":"https:\/\/observatorioigualdadyempleo.es\/visibilidad-de-las-mujeres-en-el-arte\/"},"author":{"name":"adminigemp","@id":"https:\/\/observatorioigualdadyempleo.es\/#\/schema\/person\/041ae622a50c0db746d7ed6e688d6141"},"headline":"Visibilidad de las mujeres en el arte","datePublished":"2021-02-26T07:28:54+00:00","dateModified":"2021-02-26T09:47:51+00:00","mainEntityOfPage":{"@id":"https:\/\/observatorioigualdadyempleo.es\/visibilidad-de-las-mujeres-en-el-arte\/"},"wordCount":303,"keywords":["2021","Arte","Brecha de g\u00e9nero","Empleo","Enfoque de g\u00e9nero","Espa\u00f1a","Igualdad de Oportunidades","Madrid"],"articleSection":["Empleo"],"inLanguage":"es"},{"@type":"WebPage","@id":"https:\/\/observatorioigualdadyempleo.es\/visibilidad-de-las-mujeres-en-el-arte\/","url":"https:\/\/observatorioigualdadyempleo.es\/visibilidad-de-las-mujeres-en-el-arte\/","name":"Visibilidad de las mujeres en el arte - Observatorio de Igualdad y Empleo","isPartOf":{"@id":"https:\/\/observatorioigualdadyempleo.es\/#website"},"datePublished":"2021-02-26T07:28:54+00:00","dateModified":"2021-02-26T09:47:51+00:00","author":{"@id":"https:\/\/observatorioigualdadyempleo.es\/#\/schema\/person\/041ae622a50c0db746d7ed6e688d6141"},"breadcrumb":{"@id":"https:\/\/observatorioigualdadyempleo.es\/visibilidad-de-las-mujeres-en-el-arte\/#breadcrumb"},"inLanguage":"es","potentialAction":[{"@type":"ReadAction","target":["https:\/\/observatorioigualdadyempleo.es\/visibilidad-de-las-mujeres-en-el-arte\/"]}]},{"@type":"BreadcrumbList","@id":"https:\/\/observatorioigualdadyempleo.es\/visibilidad-de-las-mujeres-en-el-arte\/#breadcrumb","itemListElement":[{"@type":"ListItem","position":1,"name":"Portada","item":"https:\/\/observatorioigualdadyempleo.es\/"},{"@type":"ListItem","position":2,"name":"Visibilidad de las mujeres en el arte"}]},{"@type":"WebSite","@id":"https:\/\/observatorioigualdadyempleo.es\/#website","url":"https:\/\/observatorioigualdadyempleo.es\/","name":"Observatorio de Igualdad y Empleo","description":"Recopilatorio de conocimiento sobre igualdad  y empleo","potentialAction":[{"@type":"SearchAction","target":{"@type":"EntryPoint","urlTemplate":"https:\/\/observatorioigualdadyempleo.es\/?s={search_term_string}"},"query-input":{"@type":"PropertyValueSpecification","valueRequired":true,"valueName":"search_term_string"}}],"inLanguage":"es"},{"@type":"Person","@id":"https:\/\/observatorioigualdadyempleo.es\/#\/schema\/person\/041ae622a50c0db746d7ed6e688d6141","name":"adminigemp","image":{"@type":"ImageObject","inLanguage":"es","@id":"https:\/\/secure.gravatar.com\/avatar\/cf076103850650f3e444b8c4446ee6f3f1efb3d7395463e7b84e7cbe4c8ec390?s=96&d=mm&r=g","url":"https:\/\/secure.gravatar.com\/avatar\/cf076103850650f3e444b8c4446ee6f3f1efb3d7395463e7b84e7cbe4c8ec390?s=96&d=mm&r=g","contentUrl":"https:\/\/secure.gravatar.com\/avatar\/cf076103850650f3e444b8c4446ee6f3f1efb3d7395463e7b84e7cbe4c8ec390?s=96&d=mm&r=g","caption":"adminigemp"},"url":"http:\/\/activat9-cp344.wordpresstemporal.com\/observatorio_igualdad_y_empleo\/author\/adminigemp\/"}]}},"_links":{"self":[{"href":"http:\/\/activat9-cp344.wordpresstemporal.com\/observatorio_igualdad_y_empleo\/wp-json\/wp\/v2\/posts\/12672","targetHints":{"allow":["GET"]}}],"collection":[{"href":"http:\/\/activat9-cp344.wordpresstemporal.com\/observatorio_igualdad_y_empleo\/wp-json\/wp\/v2\/posts"}],"about":[{"href":"http:\/\/activat9-cp344.wordpresstemporal.com\/observatorio_igualdad_y_empleo\/wp-json\/wp\/v2\/types\/post"}],"author":[{"embeddable":true,"href":"http:\/\/activat9-cp344.wordpresstemporal.com\/observatorio_igualdad_y_empleo\/wp-json\/wp\/v2\/users\/1"}],"replies":[{"embeddable":true,"href":"http:\/\/activat9-cp344.wordpresstemporal.com\/observatorio_igualdad_y_empleo\/wp-json\/wp\/v2\/comments?post=12672"}],"version-history":[{"count":3,"href":"http:\/\/activat9-cp344.wordpresstemporal.com\/observatorio_igualdad_y_empleo\/wp-json\/wp\/v2\/posts\/12672\/revisions"}],"predecessor-version":[{"id":13093,"href":"http:\/\/activat9-cp344.wordpresstemporal.com\/observatorio_igualdad_y_empleo\/wp-json\/wp\/v2\/posts\/12672\/revisions\/13093"}],"wp:attachment":[{"href":"http:\/\/activat9-cp344.wordpresstemporal.com\/observatorio_igualdad_y_empleo\/wp-json\/wp\/v2\/media?parent=12672"}],"wp:term":[{"taxonomy":"category","embeddable":true,"href":"http:\/\/activat9-cp344.wordpresstemporal.com\/observatorio_igualdad_y_empleo\/wp-json\/wp\/v2\/categories?post=12672"},{"taxonomy":"post_tag","embeddable":true,"href":"http:\/\/activat9-cp344.wordpresstemporal.com\/observatorio_igualdad_y_empleo\/wp-json\/wp\/v2\/tags?post=12672"}],"curies":[{"name":"wp","href":"https:\/\/api.w.org\/{rel}","templated":true}]}}