{"id":13112,"date":"2021-03-08T11:08:47","date_gmt":"2021-03-08T10:08:47","guid":{"rendered":"https:\/\/observatorioigualdadyempleo.es\/?p=13112"},"modified":"2022-11-24T10:00:58","modified_gmt":"2022-11-24T09:00:58","slug":"mujeresempoderandomujeres-8m-dia-internacional-de-las-mujeres","status":"publish","type":"post","link":"http:\/\/activat9-cp344.wordpresstemporal.com\/observatorio_igualdad_y_empleo\/mujeresempoderandomujeres-8m-dia-internacional-de-las-mujeres\/","title":{"rendered":"#MujeresEmpoderandoMujeres: 8M, D\u00eda Internacional de las Mujeres"},"content":{"rendered":"<p>El <strong>8 de marzo, D\u00eda Internacional de las Mujeres<\/strong> es una fecha que se conmemora en muchos pa\u00edses del mundo. Resalta la lucha de las mujeres por participar de forma plena en todas las esferas de la sociedad.<\/p>\n<p>Originalmente denominado el \u00abD\u00eda Internacional de la Mujer Trabajadora\u00bb, tiene sus ra\u00edces en la lucha de las mujeres trabajadoras de la industria textil de Estados Unidos del siglo XIX quienes organizaron una huelga para reivindicar salarios m\u00e1s justos y condiciones laborales m\u00e1s humanas. Hist\u00f3ricamente, las mujeres hemos tenido que<strong> reivindicar y luchar por nuestros derechos.<\/strong> Una lucha que contin\u00faa hoy en d\u00eda para poder lograr que la igualdad entre mujeres y hombres sea real y efectiva en todos los \u00e1mbitos de la vida.<\/p>\n<p>El a\u00f1o 2020 ha puesto en evidencia todo el trabajo que todav\u00eda queda pendiente. La <a href=\"https:\/\/observatorioigualdadyempleo.es\/informacion-covid-19\/\" target=\"_blank\" rel=\"noopener\">pandemia de la COVID-19<\/a> ha generado un impacto econ\u00f3mico y laboral en la sociedad que ha agravado las brechas de g\u00e9nero y desigualdades a las que se enfrentan las mujeres. <strong>M\u00e1s del 50% del empleo de las mujeres se concentra en los sectores del comercio, los servicios sanitarios y sociales, la hosteler\u00eda y la educaci\u00f3n<\/strong>. Sectores que se han visto gravemente afectados por la pandemia.<\/p>\n<p>Asimismo, las mujeres, quienes ya llevaban asumiendo la mayor\u00eda de las cargas de cuidados y tareas dom\u00e9sticas, han asumido una mayor responsabilidad durante el periodo de confinamiento. A pesar de esto, hemos continuado luchando. Las mujeres hemos estado en primera l\u00ednea de la pandemia, trabajando en hospitales, supermercados, comercios y colegios. Liderando pa\u00edses y dando respuestas a la crisis.<\/p>\n<p>Desde el <strong>Observatorio de Igualdad y Empleo de Fundaci\u00f3n Mujeres<\/strong> hemos querido mejorar el conocimiento de la sociedad del impacto que ha tenido la COVID-19 en el mercado laboral. Por esta raz\u00f3n, hemos creado un apartado espec\u00edfico recopilatorio con informaci\u00f3n de actualidad, noticias, informes y estudios, entre otros materiales, sobre el efecto de la COVID-19 en el mercado laboral desde la perspectiva de g\u00e9nero.<\/p>\n<p>Asimismo, M. Adriana Colella, coordinadora de proyectos y creadora de contenidos para el <strong>Observatorio de Igualdad y Empleo<\/strong> formar\u00e1 parte de la <a href=\"http:\/\/www.fundacionmujeres.es\/eventos\/view\/webinar_de_puertas_abiertas_mujeresempoderandomujeres.html\" target=\"_blank\" rel=\"noopener\">webinar de puertas abiertas #MujeresEmpoderandoMujeres\u00a0<\/a> organizado por la delegaci\u00f3n de Madrid de Fundaci\u00f3n Mujeres. En esta webinar de una hora de duraci\u00f3n pretendemos visibilizar la lucha de miles de mujeres por la igualdad tambi\u00e9n en tiempos de pandemia, as\u00ed como el trabajo que desde Fundaci\u00f3n Mujeres venimos realizando en el mismo sentido.<\/p>\n<p>Para ello, contaremos con la presencia de usuarias y amigas de esta Fundaci\u00f3n que nos contar\u00e1n, en primera persona, qu\u00e9 ha supuesto para ellas la pandemia, nuevos retos enfrentados y c\u00f3mo se han creado redes de apoyo entre mujeres. Adem\u00e1s, tambi\u00e9n contaremos con un espacio dedicado a las personas voluntarias que colaboran con nosotras, que nos har\u00e1n part\u00edcipes de por qu\u00e9 un voluntariado con Mujeres y qu\u00e9 supone para ellas esta experiencia.<\/p>\n<p>Porque conocer el problema, forma parte de la soluci\u00f3n. Y <strong>este 8 de marzo, D\u00eda Internacional de las Mujeres, queremos formar parte de la soluci\u00f3n.\u00a0<\/strong><\/p>\n<div style=\"width: 1220px;\" class=\"wp-video\"><!--[if lt IE 9]><script>document.createElement('video');<\/script><![endif]-->\n<video class=\"wp-video-shortcode\" id=\"video-13112-1\" width=\"1220\" height=\"686\" autoplay preload=\"auto\" controls=\"controls\"><source type=\"video\/mp4\" src=\"https:\/\/observatorioigualdadyempleo.es\/wp-content\/uploads\/2021\/03\/Del-Dia-de-la-Mujer-Trabajadora-al-Dia-Internacional-de-las-Mujeres.mp4?_=1\" \/><a href=\"https:\/\/observatorioigualdadyempleo.es\/wp-content\/uploads\/2021\/03\/Del-Dia-de-la-Mujer-Trabajadora-al-Dia-Internacional-de-las-Mujeres.mp4\">https:\/\/observatorioigualdadyempleo.es\/wp-content\/uploads\/2021\/03\/Del-Dia-de-la-Mujer-Trabajadora-al-Dia-Internacional-de-las-Mujeres.mp4<\/a><\/video><\/div>\n<p><i>Publicaci\u00f3n realizada para la campa\u00f1a #MujeresEmpoderandoMujeres con motivo de la conmemoraci\u00f3n del 8M, D\u00eda Internacional de las Mujeres, dentro del marco del proyecto DANA+, financiado por el Fondo Social Europeo \u2013 Programa Operativo de Inclusi\u00f3n Social y Econom\u00eda que se desarrolla entre 2019 y 2023, y dentro del proyecto EI Empleo, financiado por el Ministerio de Derechos Sociales y Agenda 2030.<\/i><\/p>\n<p>&nbsp;<\/p>\n<p>&nbsp;<\/p>\n","protected":false},"excerpt":{"rendered":"<p>El 8 de marzo, D\u00eda Internacional de las Mujeres es una fecha que se conmemora en muchos pa\u00edses del mundo. Resalta la lucha de las mujeres por participar de forma plena en todas las esferas de la sociedad. Originalmente denominado<span class=\"excerpt-hellip\"> [\u2026]<\/span><\/p>\n","protected":false},"author":1,"featured_media":14833,"comment_status":"closed","ping_status":"open","sticky":false,"template":"","format":"standard","meta":{"footnotes":""},"categories":[396,181],"tags":[503,502,330,398,55,59,69,160,38],"class_list":["post-13112","post","type-post","status-publish","format-standard","has-post-thumbnail","hentry","category-covid-19","category-empleo","tag-8m","tag-mujeresempoderandomujeres","tag-330","tag-covid-19","tag-empleo","tag-enfoque-de-genero","tag-espana","tag-fundacion-mujeres","tag-igualdad-de-oportunidades"],"yoast_head":"<!-- This site is optimized with the Yoast SEO plugin v27.5 - https:\/\/yoast.com\/product\/yoast-seo-wordpress\/ -->\n<title>#MujeresEmpoderandoMujeres: 8M, D\u00eda Internacional de las Mujeres - Observatorio de Igualdad y Empleo<\/title>\n<meta name=\"robots\" content=\"index, follow, max-snippet:-1, max-image-preview:large, max-video-preview:-1\" \/>\n<link rel=\"canonical\" href=\"http:\/\/activat9-cp344.wordpresstemporal.com\/observatorio_igualdad_y_empleo\/mujeresempoderandomujeres-8m-dia-internacional-de-las-mujeres\/\" \/>\n<meta property=\"og:locale\" content=\"es_ES\" \/>\n<meta property=\"og:type\" content=\"article\" \/>\n<meta property=\"og:title\" content=\"#MujeresEmpoderandoMujeres: 8M, D\u00eda Internacional de las Mujeres - Observatorio de Igualdad y Empleo\" \/>\n<meta property=\"og:description\" content=\"El 8 de marzo, D\u00eda Internacional de las Mujeres es una fecha que se conmemora en muchos pa\u00edses del mundo. Resalta la lucha de las mujeres por participar de forma plena en todas las esferas de la sociedad. Originalmente denominado [\u2026]\" \/>\n<meta property=\"og:url\" content=\"http:\/\/activat9-cp344.wordpresstemporal.com\/observatorio_igualdad_y_empleo\/mujeresempoderandomujeres-8m-dia-internacional-de-las-mujeres\/\" \/>\n<meta property=\"og:site_name\" content=\"Observatorio de Igualdad y Empleo\" \/>\n<meta property=\"article:publisher\" content=\"https:\/\/www.facebook.com\/fundacionmujeres\" \/>\n<meta property=\"article:published_time\" content=\"2021-03-08T10:08:47+00:00\" \/>\n<meta property=\"article:modified_time\" content=\"2022-11-24T09:00:58+00:00\" \/>\n<meta property=\"og:image\" content=\"http:\/\/activat9-cp344.wordpresstemporal.com\/observatorio_igualdad_y_empleo\/wp-content\/uploads\/2022\/05\/Campana_8M_2.png\" \/>\n\t<meta property=\"og:image:width\" content=\"1920\" \/>\n\t<meta property=\"og:image:height\" content=\"1080\" \/>\n\t<meta property=\"og:image:type\" content=\"image\/png\" \/>\n<meta name=\"author\" content=\"adminigemp\" \/>\n<meta name=\"twitter:card\" content=\"summary_large_image\" \/>\n<meta name=\"twitter:creator\" content=\"@fmujeres\" \/>\n<meta name=\"twitter:site\" content=\"@fmujeres\" \/>\n<meta name=\"twitter:label1\" content=\"Escrito por\" \/>\n\t<meta name=\"twitter:data1\" content=\"adminigemp\" \/>\n\t<meta name=\"twitter:label2\" content=\"Tiempo de lectura\" \/>\n\t<meta name=\"twitter:data2\" content=\"3 minutos\" \/>\n<script type=\"application\/ld+json\" class=\"yoast-schema-graph\">{\"@context\":\"https:\\\/\\\/schema.org\",\"@graph\":[{\"@type\":\"Article\",\"@id\":\"http:\\\/\\\/activat9-cp344.wordpresstemporal.com\\\/observatorio_igualdad_y_empleo\\\/mujeresempoderandomujeres-8m-dia-internacional-de-las-mujeres\\\/#article\",\"isPartOf\":{\"@id\":\"http:\\\/\\\/activat9-cp344.wordpresstemporal.com\\\/observatorio_igualdad_y_empleo\\\/mujeresempoderandomujeres-8m-dia-internacional-de-las-mujeres\\\/\"},\"author\":{\"name\":\"adminigemp\",\"@id\":\"https:\\\/\\\/observatorioigualdadyempleo.es\\\/#\\\/schema\\\/person\\\/041ae622a50c0db746d7ed6e688d6141\"},\"headline\":\"#MujeresEmpoderandoMujeres: 8M, D\u00eda Internacional de las Mujeres\",\"datePublished\":\"2021-03-08T10:08:47+00:00\",\"dateModified\":\"2022-11-24T09:00:58+00:00\",\"mainEntityOfPage\":{\"@id\":\"http:\\\/\\\/activat9-cp344.wordpresstemporal.com\\\/observatorio_igualdad_y_empleo\\\/mujeresempoderandomujeres-8m-dia-internacional-de-las-mujeres\\\/\"},\"wordCount\":620,\"image\":{\"@id\":\"http:\\\/\\\/activat9-cp344.wordpresstemporal.com\\\/observatorio_igualdad_y_empleo\\\/mujeresempoderandomujeres-8m-dia-internacional-de-las-mujeres\\\/#primaryimage\"},\"thumbnailUrl\":\"http:\\\/\\\/activat9-cp344.wordpresstemporal.com\\\/observatorio_igualdad_y_empleo\\\/wp-content\\\/uploads\\\/2022\\\/05\\\/Campana_8M_2.png\",\"keywords\":[\"#8M\",\"#MujeresEmpoderandoMujeres\",\"2021\",\"COVID-19\",\"Empleo\",\"Enfoque de g\u00e9nero\",\"Espa\u00f1a\",\"Fundaci\u00f3n Mujeres\",\"Igualdad de Oportunidades\"],\"articleSection\":[\"COVID-19\",\"Empleo\"],\"inLanguage\":\"es\"},{\"@type\":\"WebPage\",\"@id\":\"http:\\\/\\\/activat9-cp344.wordpresstemporal.com\\\/observatorio_igualdad_y_empleo\\\/mujeresempoderandomujeres-8m-dia-internacional-de-las-mujeres\\\/\",\"url\":\"http:\\\/\\\/activat9-cp344.wordpresstemporal.com\\\/observatorio_igualdad_y_empleo\\\/mujeresempoderandomujeres-8m-dia-internacional-de-las-mujeres\\\/\",\"name\":\"#MujeresEmpoderandoMujeres: 8M, D\u00eda Internacional de las Mujeres - Observatorio de Igualdad y Empleo\",\"isPartOf\":{\"@id\":\"https:\\\/\\\/observatorioigualdadyempleo.es\\\/#website\"},\"primaryImageOfPage\":{\"@id\":\"http:\\\/\\\/activat9-cp344.wordpresstemporal.com\\\/observatorio_igualdad_y_empleo\\\/mujeresempoderandomujeres-8m-dia-internacional-de-las-mujeres\\\/#primaryimage\"},\"image\":{\"@id\":\"http:\\\/\\\/activat9-cp344.wordpresstemporal.com\\\/observatorio_igualdad_y_empleo\\\/mujeresempoderandomujeres-8m-dia-internacional-de-las-mujeres\\\/#primaryimage\"},\"thumbnailUrl\":\"http:\\\/\\\/activat9-cp344.wordpresstemporal.com\\\/observatorio_igualdad_y_empleo\\\/wp-content\\\/uploads\\\/2022\\\/05\\\/Campana_8M_2.png\",\"datePublished\":\"2021-03-08T10:08:47+00:00\",\"dateModified\":\"2022-11-24T09:00:58+00:00\",\"author\":{\"@id\":\"https:\\\/\\\/observatorioigualdadyempleo.es\\\/#\\\/schema\\\/person\\\/041ae622a50c0db746d7ed6e688d6141\"},\"breadcrumb\":{\"@id\":\"http:\\\/\\\/activat9-cp344.wordpresstemporal.com\\\/observatorio_igualdad_y_empleo\\\/mujeresempoderandomujeres-8m-dia-internacional-de-las-mujeres\\\/#breadcrumb\"},\"inLanguage\":\"es\",\"potentialAction\":[{\"@type\":\"ReadAction\",\"target\":[\"http:\\\/\\\/activat9-cp344.wordpresstemporal.com\\\/observatorio_igualdad_y_empleo\\\/mujeresempoderandomujeres-8m-dia-internacional-de-las-mujeres\\\/\"]}]},{\"@type\":\"ImageObject\",\"inLanguage\":\"es\",\"@id\":\"http:\\\/\\\/activat9-cp344.wordpresstemporal.com\\\/observatorio_igualdad_y_empleo\\\/mujeresempoderandomujeres-8m-dia-internacional-de-las-mujeres\\\/#primaryimage\",\"url\":\"http:\\\/\\\/activat9-cp344.wordpresstemporal.com\\\/observatorio_igualdad_y_empleo\\\/wp-content\\\/uploads\\\/2022\\\/05\\\/Campana_8M_2.png\",\"contentUrl\":\"http:\\\/\\\/activat9-cp344.wordpresstemporal.com\\\/observatorio_igualdad_y_empleo\\\/wp-content\\\/uploads\\\/2022\\\/05\\\/Campana_8M_2.png\",\"width\":1920,\"height\":1080},{\"@type\":\"BreadcrumbList\",\"@id\":\"http:\\\/\\\/activat9-cp344.wordpresstemporal.com\\\/observatorio_igualdad_y_empleo\\\/mujeresempoderandomujeres-8m-dia-internacional-de-las-mujeres\\\/#breadcrumb\",\"itemListElement\":[{\"@type\":\"ListItem\",\"position\":1,\"name\":\"Portada\",\"item\":\"https:\\\/\\\/observatorioigualdadyempleo.es\\\/\"},{\"@type\":\"ListItem\",\"position\":2,\"name\":\"#MujeresEmpoderandoMujeres: 8M, D\u00eda Internacional de las Mujeres\"}]},{\"@type\":\"WebSite\",\"@id\":\"https:\\\/\\\/observatorioigualdadyempleo.es\\\/#website\",\"url\":\"https:\\\/\\\/observatorioigualdadyempleo.es\\\/\",\"name\":\"Observatorio de Igualdad y Empleo\",\"description\":\"Recopilatorio de conocimiento sobre igualdad  y empleo\",\"potentialAction\":[{\"@type\":\"SearchAction\",\"target\":{\"@type\":\"EntryPoint\",\"urlTemplate\":\"https:\\\/\\\/observatorioigualdadyempleo.es\\\/?s={search_term_string}\"},\"query-input\":{\"@type\":\"PropertyValueSpecification\",\"valueRequired\":true,\"valueName\":\"search_term_string\"}}],\"inLanguage\":\"es\"},{\"@type\":\"Person\",\"@id\":\"https:\\\/\\\/observatorioigualdadyempleo.es\\\/#\\\/schema\\\/person\\\/041ae622a50c0db746d7ed6e688d6141\",\"name\":\"adminigemp\",\"image\":{\"@type\":\"ImageObject\",\"inLanguage\":\"es\",\"@id\":\"https:\\\/\\\/secure.gravatar.com\\\/avatar\\\/cf076103850650f3e444b8c4446ee6f3f1efb3d7395463e7b84e7cbe4c8ec390?s=96&d=mm&r=g\",\"url\":\"https:\\\/\\\/secure.gravatar.com\\\/avatar\\\/cf076103850650f3e444b8c4446ee6f3f1efb3d7395463e7b84e7cbe4c8ec390?s=96&d=mm&r=g\",\"contentUrl\":\"https:\\\/\\\/secure.gravatar.com\\\/avatar\\\/cf076103850650f3e444b8c4446ee6f3f1efb3d7395463e7b84e7cbe4c8ec390?s=96&d=mm&r=g\",\"caption\":\"adminigemp\"},\"url\":\"http:\\\/\\\/activat9-cp344.wordpresstemporal.com\\\/observatorio_igualdad_y_empleo\\\/author\\\/adminigemp\\\/\"}]}<\/script>\n<!-- \/ Yoast SEO plugin. -->","yoast_head_json":{"title":"#MujeresEmpoderandoMujeres: 8M, D\u00eda Internacional de las Mujeres - Observatorio de Igualdad y Empleo","robots":{"index":"index","follow":"follow","max-snippet":"max-snippet:-1","max-image-preview":"max-image-preview:large","max-video-preview":"max-video-preview:-1"},"canonical":"http:\/\/activat9-cp344.wordpresstemporal.com\/observatorio_igualdad_y_empleo\/mujeresempoderandomujeres-8m-dia-internacional-de-las-mujeres\/","og_locale":"es_ES","og_type":"article","og_title":"#MujeresEmpoderandoMujeres: 8M, D\u00eda Internacional de las Mujeres - Observatorio de Igualdad y Empleo","og_description":"El 8 de marzo, D\u00eda Internacional de las Mujeres es una fecha que se conmemora en muchos pa\u00edses del mundo. Resalta la lucha de las mujeres por participar de forma plena en todas las esferas de la sociedad. Originalmente denominado [\u2026]","og_url":"http:\/\/activat9-cp344.wordpresstemporal.com\/observatorio_igualdad_y_empleo\/mujeresempoderandomujeres-8m-dia-internacional-de-las-mujeres\/","og_site_name":"Observatorio de Igualdad y Empleo","article_publisher":"https:\/\/www.facebook.com\/fundacionmujeres","article_published_time":"2021-03-08T10:08:47+00:00","article_modified_time":"2022-11-24T09:00:58+00:00","og_image":[{"width":1920,"height":1080,"url":"http:\/\/activat9-cp344.wordpresstemporal.com\/observatorio_igualdad_y_empleo\/wp-content\/uploads\/2022\/05\/Campana_8M_2.png","type":"image\/png"}],"author":"adminigemp","twitter_card":"summary_large_image","twitter_creator":"@fmujeres","twitter_site":"@fmujeres","twitter_misc":{"Escrito por":"adminigemp","Tiempo de lectura":"3 minutos"},"schema":{"@context":"https:\/\/schema.org","@graph":[{"@type":"Article","@id":"http:\/\/activat9-cp344.wordpresstemporal.com\/observatorio_igualdad_y_empleo\/mujeresempoderandomujeres-8m-dia-internacional-de-las-mujeres\/#article","isPartOf":{"@id":"http:\/\/activat9-cp344.wordpresstemporal.com\/observatorio_igualdad_y_empleo\/mujeresempoderandomujeres-8m-dia-internacional-de-las-mujeres\/"},"author":{"name":"adminigemp","@id":"https:\/\/observatorioigualdadyempleo.es\/#\/schema\/person\/041ae622a50c0db746d7ed6e688d6141"},"headline":"#MujeresEmpoderandoMujeres: 8M, D\u00eda Internacional de las Mujeres","datePublished":"2021-03-08T10:08:47+00:00","dateModified":"2022-11-24T09:00:58+00:00","mainEntityOfPage":{"@id":"http:\/\/activat9-cp344.wordpresstemporal.com\/observatorio_igualdad_y_empleo\/mujeresempoderandomujeres-8m-dia-internacional-de-las-mujeres\/"},"wordCount":620,"image":{"@id":"http:\/\/activat9-cp344.wordpresstemporal.com\/observatorio_igualdad_y_empleo\/mujeresempoderandomujeres-8m-dia-internacional-de-las-mujeres\/#primaryimage"},"thumbnailUrl":"http:\/\/activat9-cp344.wordpresstemporal.com\/observatorio_igualdad_y_empleo\/wp-content\/uploads\/2022\/05\/Campana_8M_2.png","keywords":["#8M","#MujeresEmpoderandoMujeres","2021","COVID-19","Empleo","Enfoque de g\u00e9nero","Espa\u00f1a","Fundaci\u00f3n Mujeres","Igualdad de Oportunidades"],"articleSection":["COVID-19","Empleo"],"inLanguage":"es"},{"@type":"WebPage","@id":"http:\/\/activat9-cp344.wordpresstemporal.com\/observatorio_igualdad_y_empleo\/mujeresempoderandomujeres-8m-dia-internacional-de-las-mujeres\/","url":"http:\/\/activat9-cp344.wordpresstemporal.com\/observatorio_igualdad_y_empleo\/mujeresempoderandomujeres-8m-dia-internacional-de-las-mujeres\/","name":"#MujeresEmpoderandoMujeres: 8M, D\u00eda Internacional de las Mujeres - Observatorio de Igualdad y Empleo","isPartOf":{"@id":"https:\/\/observatorioigualdadyempleo.es\/#website"},"primaryImageOfPage":{"@id":"http:\/\/activat9-cp344.wordpresstemporal.com\/observatorio_igualdad_y_empleo\/mujeresempoderandomujeres-8m-dia-internacional-de-las-mujeres\/#primaryimage"},"image":{"@id":"http:\/\/activat9-cp344.wordpresstemporal.com\/observatorio_igualdad_y_empleo\/mujeresempoderandomujeres-8m-dia-internacional-de-las-mujeres\/#primaryimage"},"thumbnailUrl":"http:\/\/activat9-cp344.wordpresstemporal.com\/observatorio_igualdad_y_empleo\/wp-content\/uploads\/2022\/05\/Campana_8M_2.png","datePublished":"2021-03-08T10:08:47+00:00","dateModified":"2022-11-24T09:00:58+00:00","author":{"@id":"https:\/\/observatorioigualdadyempleo.es\/#\/schema\/person\/041ae622a50c0db746d7ed6e688d6141"},"breadcrumb":{"@id":"http:\/\/activat9-cp344.wordpresstemporal.com\/observatorio_igualdad_y_empleo\/mujeresempoderandomujeres-8m-dia-internacional-de-las-mujeres\/#breadcrumb"},"inLanguage":"es","potentialAction":[{"@type":"ReadAction","target":["http:\/\/activat9-cp344.wordpresstemporal.com\/observatorio_igualdad_y_empleo\/mujeresempoderandomujeres-8m-dia-internacional-de-las-mujeres\/"]}]},{"@type":"ImageObject","inLanguage":"es","@id":"http:\/\/activat9-cp344.wordpresstemporal.com\/observatorio_igualdad_y_empleo\/mujeresempoderandomujeres-8m-dia-internacional-de-las-mujeres\/#primaryimage","url":"http:\/\/activat9-cp344.wordpresstemporal.com\/observatorio_igualdad_y_empleo\/wp-content\/uploads\/2022\/05\/Campana_8M_2.png","contentUrl":"http:\/\/activat9-cp344.wordpresstemporal.com\/observatorio_igualdad_y_empleo\/wp-content\/uploads\/2022\/05\/Campana_8M_2.png","width":1920,"height":1080},{"@type":"BreadcrumbList","@id":"http:\/\/activat9-cp344.wordpresstemporal.com\/observatorio_igualdad_y_empleo\/mujeresempoderandomujeres-8m-dia-internacional-de-las-mujeres\/#breadcrumb","itemListElement":[{"@type":"ListItem","position":1,"name":"Portada","item":"https:\/\/observatorioigualdadyempleo.es\/"},{"@type":"ListItem","position":2,"name":"#MujeresEmpoderandoMujeres: 8M, D\u00eda Internacional de las Mujeres"}]},{"@type":"WebSite","@id":"https:\/\/observatorioigualdadyempleo.es\/#website","url":"https:\/\/observatorioigualdadyempleo.es\/","name":"Observatorio de Igualdad y Empleo","description":"Recopilatorio de conocimiento sobre igualdad  y empleo","potentialAction":[{"@type":"SearchAction","target":{"@type":"EntryPoint","urlTemplate":"https:\/\/observatorioigualdadyempleo.es\/?s={search_term_string}"},"query-input":{"@type":"PropertyValueSpecification","valueRequired":true,"valueName":"search_term_string"}}],"inLanguage":"es"},{"@type":"Person","@id":"https:\/\/observatorioigualdadyempleo.es\/#\/schema\/person\/041ae622a50c0db746d7ed6e688d6141","name":"adminigemp","image":{"@type":"ImageObject","inLanguage":"es","@id":"https:\/\/secure.gravatar.com\/avatar\/cf076103850650f3e444b8c4446ee6f3f1efb3d7395463e7b84e7cbe4c8ec390?s=96&d=mm&r=g","url":"https:\/\/secure.gravatar.com\/avatar\/cf076103850650f3e444b8c4446ee6f3f1efb3d7395463e7b84e7cbe4c8ec390?s=96&d=mm&r=g","contentUrl":"https:\/\/secure.gravatar.com\/avatar\/cf076103850650f3e444b8c4446ee6f3f1efb3d7395463e7b84e7cbe4c8ec390?s=96&d=mm&r=g","caption":"adminigemp"},"url":"http:\/\/activat9-cp344.wordpresstemporal.com\/observatorio_igualdad_y_empleo\/author\/adminigemp\/"}]}},"_links":{"self":[{"href":"http:\/\/activat9-cp344.wordpresstemporal.com\/observatorio_igualdad_y_empleo\/wp-json\/wp\/v2\/posts\/13112","targetHints":{"allow":["GET"]}}],"collection":[{"href":"http:\/\/activat9-cp344.wordpresstemporal.com\/observatorio_igualdad_y_empleo\/wp-json\/wp\/v2\/posts"}],"about":[{"href":"http:\/\/activat9-cp344.wordpresstemporal.com\/observatorio_igualdad_y_empleo\/wp-json\/wp\/v2\/types\/post"}],"author":[{"embeddable":true,"href":"http:\/\/activat9-cp344.wordpresstemporal.com\/observatorio_igualdad_y_empleo\/wp-json\/wp\/v2\/users\/1"}],"replies":[{"embeddable":true,"href":"http:\/\/activat9-cp344.wordpresstemporal.com\/observatorio_igualdad_y_empleo\/wp-json\/wp\/v2\/comments?post=13112"}],"version-history":[{"count":4,"href":"http:\/\/activat9-cp344.wordpresstemporal.com\/observatorio_igualdad_y_empleo\/wp-json\/wp\/v2\/posts\/13112\/revisions"}],"predecessor-version":[{"id":18135,"href":"http:\/\/activat9-cp344.wordpresstemporal.com\/observatorio_igualdad_y_empleo\/wp-json\/wp\/v2\/posts\/13112\/revisions\/18135"}],"wp:featuredmedia":[{"embeddable":true,"href":"http:\/\/activat9-cp344.wordpresstemporal.com\/observatorio_igualdad_y_empleo\/wp-json\/wp\/v2\/media\/14833"}],"wp:attachment":[{"href":"http:\/\/activat9-cp344.wordpresstemporal.com\/observatorio_igualdad_y_empleo\/wp-json\/wp\/v2\/media?parent=13112"}],"wp:term":[{"taxonomy":"category","embeddable":true,"href":"http:\/\/activat9-cp344.wordpresstemporal.com\/observatorio_igualdad_y_empleo\/wp-json\/wp\/v2\/categories?post=13112"},{"taxonomy":"post_tag","embeddable":true,"href":"http:\/\/activat9-cp344.wordpresstemporal.com\/observatorio_igualdad_y_empleo\/wp-json\/wp\/v2\/tags?post=13112"}],"curies":[{"name":"wp","href":"https:\/\/api.w.org\/{rel}","templated":true}]}}