{"id":13405,"date":"2021-04-30T11:56:09","date_gmt":"2021-04-30T10:56:09","guid":{"rendered":"https:\/\/observatorioigualdadyempleo.es\/?p=13405"},"modified":"2022-05-19T13:05:52","modified_gmt":"2022-05-19T12:05:52","slug":"__trashed-8","status":"publish","type":"post","link":"http:\/\/activat9-cp344.wordpresstemporal.com\/observatorio_igualdad_y_empleo\/__trashed-8\/","title":{"rendered":"Subvenciones para proyectos de asociaciones que fomenten la igualdad. Castilla- La Mancha"},"content":{"rendered":"<p>El pasado 19 de abril, <strong>Blanca Fern\u00e1ndez<\/strong>, <strong>Consejera de Igualdad y Portavoz del Gobierno de Castilla-La Mancha<\/strong>, hizo p\u00fablica la resoluci\u00f3n de convocatorias de ayudas en el <a href=\"https:\/\/docm.castillalamancha.es\/portaldocm\/\" target=\"_blank\" rel=\"noopener\">DOCM<\/a>. La cantidad m\u00e1xima ser\u00e1 de 626.000 euros, de los cuales 480.000 proceden del <em>Pacto de Estado contra la Violencia de G\u00e9nero<\/em>\u00a0y 146.000 se imputan a los <em>Presupuestos Generales de la Junta de Comunidades de Castilla-La Mancha<\/em>.<\/p>\n<p>Tomar\u00e1n como prioritarias aquellos proyectos que se centren en actuaciones de sensibilizaci\u00f3n y prevenci\u00f3n de la violencia de g\u00e9nero; la coeducaci\u00f3n; la construcci\u00f3n de nuevas masculinidades; la corresponsabilidad; la formaci\u00f3n de personal y personas directivas de entidades sin \u00e1nimo de lucro, sobre la construcci\u00f3n cultural de la desigualdad y la violencia de g\u00e9nero; y la promoci\u00f3n de mujeres l\u00edderes en tecnolog\u00eda y habilidades sociales, de comunicaci\u00f3n, inteligencia emocional, etc.<\/p>\n<p>El <em><strong>Diario Oficial de Castilla-La Mancha <a href=\"https:\/\/docm.castillalamancha.es\/portaldocm\/\" target=\"_blank\" rel=\"noopener\">(DOCM)<\/a><\/strong><\/em><a href=\"https:\/\/docm.castillalamancha.es\/portaldocm\/\" target=\"_blank\" rel=\"noopener\">\u00a0<\/a>ya ha publicado <a href=\"https:\/\/docm.castillalamancha.es\/portaldocm\/descargarArchivo.do?ruta=2021\/04\/19\/pdf\/2021_4559.pdf&amp;tipo=rutaDocm\" target=\"_blank\" rel=\"noopener\">la resoluci\u00f3n<\/a> por la que se convocan estas ayudas para la promoci\u00f3n de los fines y valores del Instituto de la Mujer a las que podr\u00e1n presentarse entidades sin \u00e1nimo de lucro, constituidas e inscritas en los registros oficiales correspondientes, que tengan entre sus fines la promoci\u00f3n de las mujeres o el fomento de la igualdad de oportunidades entre mujeres y hombres.<\/p>\n<h3>\u00bfQu\u00e9 cubren estas ayudas?<\/h3>\n<p>El objetivo de estas ayudas es que las\u00a0 entidades puedan pagar, entre otros, los siguientes gastos: personal propio o contratado derivados del proyecto subvencionable; consultor\u00eda y\/o asistencia t\u00e9cnica; desplazamiento, alojamiento y manutenci\u00f3n de las personas que ejecuten el proyecto, as\u00ed como desplazamiento de las personas destinatarias del proyecto; material de oficina, promoci\u00f3n, edici\u00f3n, alquiler de locales o equipos de distinto tipo para la ejecuci\u00f3n del proyecto, etc.<\/p>\n<h3>\u00bfC\u00f3mo se solicita?<\/h3>\n<p>Las solicitudes se presentar\u00e1n \u00fanicamente de forma telem\u00e1tica con firma electr\u00f3nica a trav\u00e9s del formulario incluido en la<a href=\"https:\/\/www.jccm.es\/\" target=\"_blank\" rel=\"noopener\"> sede electr\u00f3nica de la Administraci\u00f3n de la Junta de Comunidades de Castilla-La Mancha<\/a>. Al presentarse de esta forma, los documentos originales podr\u00e1n ser digitalizados y presentados junto a la solicitud como archivos anexos a la misma. No se admitir\u00e1n a tr\u00e1mite las solicitudes presentadas por medios distintos al anteriormente se\u00f1alado. Por otro lado, cada persona o entidad, podr\u00e1 presentar hasta un m\u00e1ximo de dos proyectos tal como establece la Orden de bases reguladoras.<\/p>\n<div class=\"even contenido\">\n<h3>\u00bfCu\u00e1l es el plazo?<\/h3>\n<p>El plazo de presentaci\u00f3n de solicitudes, ser\u00e1 de diez d\u00edas h\u00e1biles a contar desde el siguiente al de la publicaci\u00f3n de la resoluci\u00f3n en el Diario Oficial de Castilla-La Mancha.<\/p>\n<\/div>\n<p>&nbsp;<\/p>\n<div class=\"even contenido\">\n<p>Te recomendamos que consultas la informaci\u00f3n original del <a href=\"https:\/\/www.castillalamancha.es\/actualidad\/notasdeprensa\/el-gobierno-de-castilla-la-mancha-destinar%C3%A1-este-a%C3%B1o-626000-euros-proyectos-de-asociaciones-que\" target=\"_blank\" rel=\"noopener\">Gobierno de Castilla-La Mancha<\/a>.<\/p>\n<p>En el<strong>\u00a0Observatorio de Igualdad y Empleo<\/strong>\u00a0podr\u00e1s acceder a informaci\u00f3n de actualidad en materia de igualdad en Castilla-La Mancha a trav\u00e9s del\u00a0<a href=\"https:\/\/observatorioigualdadyempleo.es\/tag\/castilla-la-mancha\/\" target=\"_blank\" rel=\"noopener noreferrer\">siguiente enlace<\/a>.<\/p>\n<p>El\u00a0<strong>Observatorio de Igualdad y Empleo<\/strong>\u00a0es una acci\u00f3n de divulgaci\u00f3n que forma parte del proyecto\u00a0<strong>DANA+ Castilla-La Mancha<\/strong>\u00a0, financiado por el Instituto de la Mujer de Castilla-La Mancha y el<a href=\"https:\/\/ec.europa.eu\/social\/main.jsp?langId=es&amp;catId=325\" target=\"_blank\" rel=\"noopener noreferrer\">\u00a0Fondo Social Europeo \u2013 Programa Operativo de Inclusi\u00f3n Social y Econom\u00eda.<\/a><\/p>\n<\/div>\n","protected":false},"excerpt":{"rendered":"<p>El pasado 19 de abril, Blanca Fern\u00e1ndez, Consejera de Igualdad y Portavoz del Gobierno de Castilla-La Mancha, hizo p\u00fablica la resoluci\u00f3n de convocatorias de ayudas en el DOCM. La cantidad m\u00e1xima ser\u00e1 de 626.000 euros, de los cuales 480.000 proceden<span class=\"excerpt-hellip\"> [\u2026]<\/span><\/p>\n","protected":false},"author":12,"featured_media":14429,"comment_status":"open","ping_status":"open","sticky":false,"template":"","format":"standard","meta":{"footnotes":""},"categories":[181,182],"tags":[330,147,55,47,59,69,38],"class_list":["post-13405","post","type-post","status-publish","format-standard","has-post-thumbnail","hentry","category-empleo","category-empresa","tag-330","tag-castilla-la-mancha","tag-empleo","tag-empresa","tag-enfoque-de-genero","tag-espana","tag-igualdad-de-oportunidades"],"yoast_head":"<!-- This site is optimized with the Yoast SEO plugin v27.5 - https:\/\/yoast.com\/product\/yoast-seo-wordpress\/ -->\n<title>Subvenciones para proyectos de asociaciones que fomenten la igualdad. Castilla- La Mancha - Observatorio de Igualdad y Empleo<\/title>\n<meta name=\"robots\" content=\"index, follow, max-snippet:-1, max-image-preview:large, max-video-preview:-1\" \/>\n<link rel=\"canonical\" href=\"https:\/\/activat9-cp344.wordpresstemporal.com\/observatorio_igualdad_y_empleo\/__trashed-8\/\" \/>\n<meta property=\"og:locale\" content=\"es_ES\" \/>\n<meta property=\"og:type\" content=\"article\" \/>\n<meta property=\"og:title\" content=\"Subvenciones para proyectos de asociaciones que fomenten la igualdad. Castilla- La Mancha - Observatorio de Igualdad y Empleo\" \/>\n<meta property=\"og:description\" content=\"El pasado 19 de abril, Blanca Fern\u00e1ndez, Consejera de Igualdad y Portavoz del Gobierno de Castilla-La Mancha, hizo p\u00fablica la resoluci\u00f3n de convocatorias de ayudas en el DOCM. La cantidad m\u00e1xima ser\u00e1 de 626.000 euros, de los cuales 480.000 proceden [\u2026]\" \/>\n<meta property=\"og:url\" content=\"https:\/\/activat9-cp344.wordpresstemporal.com\/observatorio_igualdad_y_empleo\/__trashed-8\/\" \/>\n<meta property=\"og:site_name\" content=\"Observatorio de Igualdad y Empleo\" \/>\n<meta property=\"article:publisher\" content=\"https:\/\/www.facebook.com\/fundacionmujeres\" \/>\n<meta property=\"article:published_time\" content=\"2021-04-30T10:56:09+00:00\" \/>\n<meta property=\"article:modified_time\" content=\"2022-05-19T12:05:52+00:00\" \/>\n<meta property=\"og:image\" content=\"https:\/\/activat9-cp344.wordpresstemporal.com\/observatorio_igualdad_y_empleo\/wp-content\/uploads\/2022\/03\/OBS-noticias-Castilla-La-Mancha.png\" \/>\n\t<meta property=\"og:image:width\" content=\"1080\" \/>\n\t<meta property=\"og:image:height\" content=\"1080\" \/>\n\t<meta property=\"og:image:type\" content=\"image\/png\" \/>\n<meta name=\"author\" content=\"Mar\u00eda Guinea\" \/>\n<meta name=\"twitter:card\" content=\"summary_large_image\" \/>\n<meta name=\"twitter:creator\" content=\"@fmujeres\" \/>\n<meta name=\"twitter:site\" content=\"@fmujeres\" \/>\n<meta name=\"twitter:label1\" content=\"Escrito por\" \/>\n\t<meta name=\"twitter:data1\" content=\"Mar\u00eda Guinea\" \/>\n\t<meta name=\"twitter:label2\" content=\"Tiempo de lectura\" \/>\n\t<meta name=\"twitter:data2\" content=\"3 minutos\" \/>\n<script type=\"application\/ld+json\" class=\"yoast-schema-graph\">{\"@context\":\"https:\\\/\\\/schema.org\",\"@graph\":[{\"@type\":\"Article\",\"@id\":\"https:\\\/\\\/activat9-cp344.wordpresstemporal.com\\\/observatorio_igualdad_y_empleo\\\/__trashed-8\\\/#article\",\"isPartOf\":{\"@id\":\"https:\\\/\\\/activat9-cp344.wordpresstemporal.com\\\/observatorio_igualdad_y_empleo\\\/__trashed-8\\\/\"},\"author\":{\"name\":\"Mar\u00eda Guinea\",\"@id\":\"https:\\\/\\\/observatorioigualdadyempleo.es\\\/#\\\/schema\\\/person\\\/9c918cf45b2e2ff256a2332d8aef9311\"},\"headline\":\"Subvenciones para proyectos de asociaciones que fomenten la igualdad. Castilla- La Mancha\",\"datePublished\":\"2021-04-30T10:56:09+00:00\",\"dateModified\":\"2022-05-19T12:05:52+00:00\",\"mainEntityOfPage\":{\"@id\":\"https:\\\/\\\/activat9-cp344.wordpresstemporal.com\\\/observatorio_igualdad_y_empleo\\\/__trashed-8\\\/\"},\"wordCount\":547,\"commentCount\":0,\"image\":{\"@id\":\"https:\\\/\\\/activat9-cp344.wordpresstemporal.com\\\/observatorio_igualdad_y_empleo\\\/__trashed-8\\\/#primaryimage\"},\"thumbnailUrl\":\"http:\\\/\\\/activat9-cp344.wordpresstemporal.com\\\/observatorio_igualdad_y_empleo\\\/wp-content\\\/uploads\\\/2022\\\/03\\\/OBS-noticias-Castilla-La-Mancha.png\",\"keywords\":[\"2021\",\"Castilla-La Mancha\",\"Empleo\",\"Empresa\",\"Enfoque de g\u00e9nero\",\"Espa\u00f1a\",\"Igualdad de Oportunidades\"],\"articleSection\":[\"Empleo\",\"Empresa\"],\"inLanguage\":\"es\",\"potentialAction\":[{\"@type\":\"CommentAction\",\"name\":\"Comment\",\"target\":[\"https:\\\/\\\/activat9-cp344.wordpresstemporal.com\\\/observatorio_igualdad_y_empleo\\\/__trashed-8\\\/#respond\"]}]},{\"@type\":\"WebPage\",\"@id\":\"https:\\\/\\\/activat9-cp344.wordpresstemporal.com\\\/observatorio_igualdad_y_empleo\\\/__trashed-8\\\/\",\"url\":\"https:\\\/\\\/activat9-cp344.wordpresstemporal.com\\\/observatorio_igualdad_y_empleo\\\/__trashed-8\\\/\",\"name\":\"Subvenciones para proyectos de asociaciones que fomenten la igualdad. Castilla- La Mancha - Observatorio de Igualdad y Empleo\",\"isPartOf\":{\"@id\":\"https:\\\/\\\/observatorioigualdadyempleo.es\\\/#website\"},\"primaryImageOfPage\":{\"@id\":\"https:\\\/\\\/activat9-cp344.wordpresstemporal.com\\\/observatorio_igualdad_y_empleo\\\/__trashed-8\\\/#primaryimage\"},\"image\":{\"@id\":\"https:\\\/\\\/activat9-cp344.wordpresstemporal.com\\\/observatorio_igualdad_y_empleo\\\/__trashed-8\\\/#primaryimage\"},\"thumbnailUrl\":\"http:\\\/\\\/activat9-cp344.wordpresstemporal.com\\\/observatorio_igualdad_y_empleo\\\/wp-content\\\/uploads\\\/2022\\\/03\\\/OBS-noticias-Castilla-La-Mancha.png\",\"datePublished\":\"2021-04-30T10:56:09+00:00\",\"dateModified\":\"2022-05-19T12:05:52+00:00\",\"author\":{\"@id\":\"https:\\\/\\\/observatorioigualdadyempleo.es\\\/#\\\/schema\\\/person\\\/9c918cf45b2e2ff256a2332d8aef9311\"},\"breadcrumb\":{\"@id\":\"https:\\\/\\\/activat9-cp344.wordpresstemporal.com\\\/observatorio_igualdad_y_empleo\\\/__trashed-8\\\/#breadcrumb\"},\"inLanguage\":\"es\",\"potentialAction\":[{\"@type\":\"ReadAction\",\"target\":[\"https:\\\/\\\/activat9-cp344.wordpresstemporal.com\\\/observatorio_igualdad_y_empleo\\\/__trashed-8\\\/\"]}]},{\"@type\":\"ImageObject\",\"inLanguage\":\"es\",\"@id\":\"https:\\\/\\\/activat9-cp344.wordpresstemporal.com\\\/observatorio_igualdad_y_empleo\\\/__trashed-8\\\/#primaryimage\",\"url\":\"http:\\\/\\\/activat9-cp344.wordpresstemporal.com\\\/observatorio_igualdad_y_empleo\\\/wp-content\\\/uploads\\\/2022\\\/03\\\/OBS-noticias-Castilla-La-Mancha.png\",\"contentUrl\":\"http:\\\/\\\/activat9-cp344.wordpresstemporal.com\\\/observatorio_igualdad_y_empleo\\\/wp-content\\\/uploads\\\/2022\\\/03\\\/OBS-noticias-Castilla-La-Mancha.png\",\"width\":1080,\"height\":1080},{\"@type\":\"BreadcrumbList\",\"@id\":\"https:\\\/\\\/activat9-cp344.wordpresstemporal.com\\\/observatorio_igualdad_y_empleo\\\/__trashed-8\\\/#breadcrumb\",\"itemListElement\":[{\"@type\":\"ListItem\",\"position\":1,\"name\":\"Portada\",\"item\":\"https:\\\/\\\/observatorioigualdadyempleo.es\\\/\"},{\"@type\":\"ListItem\",\"position\":2,\"name\":\"Subvenciones para proyectos de asociaciones que fomenten la igualdad. Castilla- La Mancha\"}]},{\"@type\":\"WebSite\",\"@id\":\"https:\\\/\\\/observatorioigualdadyempleo.es\\\/#website\",\"url\":\"https:\\\/\\\/observatorioigualdadyempleo.es\\\/\",\"name\":\"Observatorio de Igualdad y Empleo\",\"description\":\"Recopilatorio de conocimiento sobre igualdad  y empleo\",\"potentialAction\":[{\"@type\":\"SearchAction\",\"target\":{\"@type\":\"EntryPoint\",\"urlTemplate\":\"https:\\\/\\\/observatorioigualdadyempleo.es\\\/?s={search_term_string}\"},\"query-input\":{\"@type\":\"PropertyValueSpecification\",\"valueRequired\":true,\"valueName\":\"search_term_string\"}}],\"inLanguage\":\"es\"},{\"@type\":\"Person\",\"@id\":\"https:\\\/\\\/observatorioigualdadyempleo.es\\\/#\\\/schema\\\/person\\\/9c918cf45b2e2ff256a2332d8aef9311\",\"name\":\"Mar\u00eda Guinea\",\"image\":{\"@type\":\"ImageObject\",\"inLanguage\":\"es\",\"@id\":\"https:\\\/\\\/secure.gravatar.com\\\/avatar\\\/2f7b02af550080177c395439ce09d946a7ce117bc9991646ff5a60d592f73804?s=96&d=mm&r=g\",\"url\":\"https:\\\/\\\/secure.gravatar.com\\\/avatar\\\/2f7b02af550080177c395439ce09d946a7ce117bc9991646ff5a60d592f73804?s=96&d=mm&r=g\",\"contentUrl\":\"https:\\\/\\\/secure.gravatar.com\\\/avatar\\\/2f7b02af550080177c395439ce09d946a7ce117bc9991646ff5a60d592f73804?s=96&d=mm&r=g\",\"caption\":\"Mar\u00eda Guinea\"},\"url\":\"http:\\\/\\\/activat9-cp344.wordpresstemporal.com\\\/observatorio_igualdad_y_empleo\\\/author\\\/mariag\\\/\"}]}<\/script>\n<!-- \/ Yoast SEO plugin. -->","yoast_head_json":{"title":"Subvenciones para proyectos de asociaciones que fomenten la igualdad. Castilla- La Mancha - Observatorio de Igualdad y Empleo","robots":{"index":"index","follow":"follow","max-snippet":"max-snippet:-1","max-image-preview":"max-image-preview:large","max-video-preview":"max-video-preview:-1"},"canonical":"https:\/\/activat9-cp344.wordpresstemporal.com\/observatorio_igualdad_y_empleo\/__trashed-8\/","og_locale":"es_ES","og_type":"article","og_title":"Subvenciones para proyectos de asociaciones que fomenten la igualdad. Castilla- La Mancha - Observatorio de Igualdad y Empleo","og_description":"El pasado 19 de abril, Blanca Fern\u00e1ndez, Consejera de Igualdad y Portavoz del Gobierno de Castilla-La Mancha, hizo p\u00fablica la resoluci\u00f3n de convocatorias de ayudas en el DOCM. La cantidad m\u00e1xima ser\u00e1 de 626.000 euros, de los cuales 480.000 proceden [\u2026]","og_url":"https:\/\/activat9-cp344.wordpresstemporal.com\/observatorio_igualdad_y_empleo\/__trashed-8\/","og_site_name":"Observatorio de Igualdad y Empleo","article_publisher":"https:\/\/www.facebook.com\/fundacionmujeres","article_published_time":"2021-04-30T10:56:09+00:00","article_modified_time":"2022-05-19T12:05:52+00:00","og_image":[{"width":1080,"height":1080,"url":"https:\/\/activat9-cp344.wordpresstemporal.com\/observatorio_igualdad_y_empleo\/wp-content\/uploads\/2022\/03\/OBS-noticias-Castilla-La-Mancha.png","type":"image\/png"}],"author":"Mar\u00eda Guinea","twitter_card":"summary_large_image","twitter_creator":"@fmujeres","twitter_site":"@fmujeres","twitter_misc":{"Escrito por":"Mar\u00eda Guinea","Tiempo de lectura":"3 minutos"},"schema":{"@context":"https:\/\/schema.org","@graph":[{"@type":"Article","@id":"https:\/\/activat9-cp344.wordpresstemporal.com\/observatorio_igualdad_y_empleo\/__trashed-8\/#article","isPartOf":{"@id":"https:\/\/activat9-cp344.wordpresstemporal.com\/observatorio_igualdad_y_empleo\/__trashed-8\/"},"author":{"name":"Mar\u00eda Guinea","@id":"https:\/\/observatorioigualdadyempleo.es\/#\/schema\/person\/9c918cf45b2e2ff256a2332d8aef9311"},"headline":"Subvenciones para proyectos de asociaciones que fomenten la igualdad. Castilla- La Mancha","datePublished":"2021-04-30T10:56:09+00:00","dateModified":"2022-05-19T12:05:52+00:00","mainEntityOfPage":{"@id":"https:\/\/activat9-cp344.wordpresstemporal.com\/observatorio_igualdad_y_empleo\/__trashed-8\/"},"wordCount":547,"commentCount":0,"image":{"@id":"https:\/\/activat9-cp344.wordpresstemporal.com\/observatorio_igualdad_y_empleo\/__trashed-8\/#primaryimage"},"thumbnailUrl":"http:\/\/activat9-cp344.wordpresstemporal.com\/observatorio_igualdad_y_empleo\/wp-content\/uploads\/2022\/03\/OBS-noticias-Castilla-La-Mancha.png","keywords":["2021","Castilla-La Mancha","Empleo","Empresa","Enfoque de g\u00e9nero","Espa\u00f1a","Igualdad de Oportunidades"],"articleSection":["Empleo","Empresa"],"inLanguage":"es","potentialAction":[{"@type":"CommentAction","name":"Comment","target":["https:\/\/activat9-cp344.wordpresstemporal.com\/observatorio_igualdad_y_empleo\/__trashed-8\/#respond"]}]},{"@type":"WebPage","@id":"https:\/\/activat9-cp344.wordpresstemporal.com\/observatorio_igualdad_y_empleo\/__trashed-8\/","url":"https:\/\/activat9-cp344.wordpresstemporal.com\/observatorio_igualdad_y_empleo\/__trashed-8\/","name":"Subvenciones para proyectos de asociaciones que fomenten la igualdad. Castilla- La Mancha - Observatorio de Igualdad y Empleo","isPartOf":{"@id":"https:\/\/observatorioigualdadyempleo.es\/#website"},"primaryImageOfPage":{"@id":"https:\/\/activat9-cp344.wordpresstemporal.com\/observatorio_igualdad_y_empleo\/__trashed-8\/#primaryimage"},"image":{"@id":"https:\/\/activat9-cp344.wordpresstemporal.com\/observatorio_igualdad_y_empleo\/__trashed-8\/#primaryimage"},"thumbnailUrl":"http:\/\/activat9-cp344.wordpresstemporal.com\/observatorio_igualdad_y_empleo\/wp-content\/uploads\/2022\/03\/OBS-noticias-Castilla-La-Mancha.png","datePublished":"2021-04-30T10:56:09+00:00","dateModified":"2022-05-19T12:05:52+00:00","author":{"@id":"https:\/\/observatorioigualdadyempleo.es\/#\/schema\/person\/9c918cf45b2e2ff256a2332d8aef9311"},"breadcrumb":{"@id":"https:\/\/activat9-cp344.wordpresstemporal.com\/observatorio_igualdad_y_empleo\/__trashed-8\/#breadcrumb"},"inLanguage":"es","potentialAction":[{"@type":"ReadAction","target":["https:\/\/activat9-cp344.wordpresstemporal.com\/observatorio_igualdad_y_empleo\/__trashed-8\/"]}]},{"@type":"ImageObject","inLanguage":"es","@id":"https:\/\/activat9-cp344.wordpresstemporal.com\/observatorio_igualdad_y_empleo\/__trashed-8\/#primaryimage","url":"http:\/\/activat9-cp344.wordpresstemporal.com\/observatorio_igualdad_y_empleo\/wp-content\/uploads\/2022\/03\/OBS-noticias-Castilla-La-Mancha.png","contentUrl":"http:\/\/activat9-cp344.wordpresstemporal.com\/observatorio_igualdad_y_empleo\/wp-content\/uploads\/2022\/03\/OBS-noticias-Castilla-La-Mancha.png","width":1080,"height":1080},{"@type":"BreadcrumbList","@id":"https:\/\/activat9-cp344.wordpresstemporal.com\/observatorio_igualdad_y_empleo\/__trashed-8\/#breadcrumb","itemListElement":[{"@type":"ListItem","position":1,"name":"Portada","item":"https:\/\/observatorioigualdadyempleo.es\/"},{"@type":"ListItem","position":2,"name":"Subvenciones para proyectos de asociaciones que fomenten la igualdad. Castilla- La Mancha"}]},{"@type":"WebSite","@id":"https:\/\/observatorioigualdadyempleo.es\/#website","url":"https:\/\/observatorioigualdadyempleo.es\/","name":"Observatorio de Igualdad y Empleo","description":"Recopilatorio de conocimiento sobre igualdad  y empleo","potentialAction":[{"@type":"SearchAction","target":{"@type":"EntryPoint","urlTemplate":"https:\/\/observatorioigualdadyempleo.es\/?s={search_term_string}"},"query-input":{"@type":"PropertyValueSpecification","valueRequired":true,"valueName":"search_term_string"}}],"inLanguage":"es"},{"@type":"Person","@id":"https:\/\/observatorioigualdadyempleo.es\/#\/schema\/person\/9c918cf45b2e2ff256a2332d8aef9311","name":"Mar\u00eda Guinea","image":{"@type":"ImageObject","inLanguage":"es","@id":"https:\/\/secure.gravatar.com\/avatar\/2f7b02af550080177c395439ce09d946a7ce117bc9991646ff5a60d592f73804?s=96&d=mm&r=g","url":"https:\/\/secure.gravatar.com\/avatar\/2f7b02af550080177c395439ce09d946a7ce117bc9991646ff5a60d592f73804?s=96&d=mm&r=g","contentUrl":"https:\/\/secure.gravatar.com\/avatar\/2f7b02af550080177c395439ce09d946a7ce117bc9991646ff5a60d592f73804?s=96&d=mm&r=g","caption":"Mar\u00eda Guinea"},"url":"http:\/\/activat9-cp344.wordpresstemporal.com\/observatorio_igualdad_y_empleo\/author\/mariag\/"}]}},"_links":{"self":[{"href":"http:\/\/activat9-cp344.wordpresstemporal.com\/observatorio_igualdad_y_empleo\/wp-json\/wp\/v2\/posts\/13405","targetHints":{"allow":["GET"]}}],"collection":[{"href":"http:\/\/activat9-cp344.wordpresstemporal.com\/observatorio_igualdad_y_empleo\/wp-json\/wp\/v2\/posts"}],"about":[{"href":"http:\/\/activat9-cp344.wordpresstemporal.com\/observatorio_igualdad_y_empleo\/wp-json\/wp\/v2\/types\/post"}],"author":[{"embeddable":true,"href":"http:\/\/activat9-cp344.wordpresstemporal.com\/observatorio_igualdad_y_empleo\/wp-json\/wp\/v2\/users\/12"}],"replies":[{"embeddable":true,"href":"http:\/\/activat9-cp344.wordpresstemporal.com\/observatorio_igualdad_y_empleo\/wp-json\/wp\/v2\/comments?post=13405"}],"version-history":[{"count":12,"href":"http:\/\/activat9-cp344.wordpresstemporal.com\/observatorio_igualdad_y_empleo\/wp-json\/wp\/v2\/posts\/13405\/revisions"}],"predecessor-version":[{"id":14750,"href":"http:\/\/activat9-cp344.wordpresstemporal.com\/observatorio_igualdad_y_empleo\/wp-json\/wp\/v2\/posts\/13405\/revisions\/14750"}],"wp:featuredmedia":[{"embeddable":true,"href":"http:\/\/activat9-cp344.wordpresstemporal.com\/observatorio_igualdad_y_empleo\/wp-json\/wp\/v2\/media\/14429"}],"wp:attachment":[{"href":"http:\/\/activat9-cp344.wordpresstemporal.com\/observatorio_igualdad_y_empleo\/wp-json\/wp\/v2\/media?parent=13405"}],"wp:term":[{"taxonomy":"category","embeddable":true,"href":"http:\/\/activat9-cp344.wordpresstemporal.com\/observatorio_igualdad_y_empleo\/wp-json\/wp\/v2\/categories?post=13405"},{"taxonomy":"post_tag","embeddable":true,"href":"http:\/\/activat9-cp344.wordpresstemporal.com\/observatorio_igualdad_y_empleo\/wp-json\/wp\/v2\/tags?post=13405"}],"curies":[{"name":"wp","href":"https:\/\/api.w.org\/{rel}","templated":true}]}}