{"id":13552,"date":"2021-05-21T08:33:25","date_gmt":"2021-05-21T07:33:25","guid":{"rendered":"https:\/\/observatorioigualdadyempleo.es\/?p=13552"},"modified":"2022-11-23T13:46:24","modified_gmt":"2022-11-23T12:46:24","slug":"13552-2","status":"publish","type":"post","link":"http:\/\/activat9-cp344.wordpresstemporal.com\/observatorio_igualdad_y_empleo\/13552-2\/","title":{"rendered":"LA INFRARREPRESENTACI\u00d3N FEMENINA EN LA POL\u00cdTICA Y LA EMPRESA SEG\u00daN DATOS DEL INSTITUTO EUROPEO DE IGUALDAD DE G\u00c9NERO (EIGE)"},"content":{"rendered":"<p><span style=\"font-weight: 400;\">El Instituto Europeo de Igualdad de G\u00e9nero (EIGE) ha publicado sus \u00faltimos datos sobre mujeres y hombres en la toma de decisiones en los pa\u00edses europeos.\u00a0<\/span><\/p>\n<h3><b>En pol\u00edtica:\u00a0<\/b><\/h3>\n<p><span style=\"font-weight: 400;\">En noviembre de 2020 solo el 32.7% de los representantes en los parlamentos nacionales eran mujeres. Este indicador ha mejorado en un 10% en los \u00faltimos 15 a\u00f1os. Sin embargo, hay grandes diferencias entre pa\u00edses, desde el 49,60% en Suecia al 12,60% en Hungr\u00eda. Actualmente solo en B\u00e9lgica, Espa\u00f1a, Francia, Finlandia y Suecia al menos cuatro de cada diez parlamentarias son mujeres.\u00a0<\/span><\/p>\n<h3><b>En el \u00e1mbito empresarial:\u00a0<\/b><\/h3>\n<p><span style=\"font-weight: 400;\">En octubre de 2020 la proporci\u00f3n de mujeres en los consejos de administraci\u00f3n europeos roz\u00f3 el 30%. Tambi\u00e9n con grandes diferencias entre pa\u00edses. En Francia casi la mitad de los miembros de los consejos de administraci\u00f3n son mujeres, mientras que en Bulgaria, Estonia y Hungr\u00eda m\u00e1s de la mitad de las empresas no tienen a ninguna mujer en su consejo de administraci\u00f3n. Adem\u00e1s, si miramos a la presidencia del consejo de administraci\u00f3n ni siquiera una de cada diez est\u00e1 ocupada por una mujer.\u00a0<\/span><\/p>\n<p><span style=\"font-weight: 400;\">Las cuotas pueden acelerar el camino hacia una representaci\u00f3n equilibrada en cuesti\u00f3n de g\u00e9nero en la pol\u00edtica y la empresa. As\u00ed lo demuestran los datos: los 11 pa\u00edses europeos que tienen alg\u00fan sistema de cuotas de g\u00e9nero en las elecciones, entre ellos Espa\u00f1a, han aumentado la proporci\u00f3n de mujeres en sus parlamentos tres veces m\u00e1s r\u00e1pido que los pa\u00edses sin cuotas. En los consejos de administraci\u00f3n de las empresas el efecto de las cuotas es semejante.\u00a0<\/span><\/p>\n<p><span style=\"font-weight: 400;\">Te recomendamos consultar la fuente original de esta publicaci\u00f3n: <\/span><a href=\"https:\/\/eige.europa.eu\/news\/quotas-can-turbocharge-progress-gender-balance-politics-and-business\"><span style=\"font-weight: 400;\">EIGE<\/span><\/a><span style=\"font-weight: 400;\">. <\/span><\/p>\n<p><span style=\"font-weight: 400;\">Podr\u00e1s consultar m\u00e1s informaci\u00f3n en materia de empleo con perspectiva de g\u00e9nero a trav\u00e9s del siguiente\u00a0<\/span><a href=\"https:\/\/observatorioigualdadyempleo.es\/?s=empleo\"><span style=\"font-weight: 400;\">enlace\u00a0<\/span><\/a><span style=\"font-weight: 400;\">del\u00a0<\/span><b>Observatorio de Igualdad y Empleo<\/b><span style=\"font-weight: 400;\">.<\/span><\/p>\n<p><span style=\"font-weight: 400;\">El\u00a0<\/span><b>Observatorio de Igualdad y Empleo<\/b><span style=\"font-weight: 400;\">\u00a0es una\u00a0acci\u00f3n de divulgaci\u00f3n que forma parte del proyecto\u00a0<\/span><a href=\"https:\/\/observatorioigualdadyempleo.es\/proyecto-dana\/\"><span style=\"font-weight: 400;\">DANA+<\/span><\/a><span style=\"font-weight: 400;\">, financiado por el\u00a0<\/span><a href=\"https:\/\/ec.europa.eu\/social\/main.jsp?langId=es&amp;catId=325\"><span style=\"font-weight: 400;\">Fondo Social Europeo.<\/span><\/a><\/p>\n","protected":false},"excerpt":{"rendered":"<p>El Instituto Europeo de Igualdad de G\u00e9nero (EIGE) ha publicado sus \u00faltimos datos sobre mujeres y hombres en la toma de decisiones en los pa\u00edses europeos.\u00a0 En pol\u00edtica:\u00a0 En noviembre de 2020 solo el 32.7% de los representantes en los<span class=\"excerpt-hellip\"> [\u2026]<\/span><\/p>\n","protected":false},"author":12,"featured_media":18111,"comment_status":"open","ping_status":"open","sticky":false,"template":"","format":"standard","meta":{"footnotes":""},"categories":[181],"tags":[330,48,196,87,55,69,38,67],"class_list":["post-13552","post","type-post","status-publish","format-standard","has-post-thumbnail","hentry","category-empleo","tag-330","tag-acceso-al-empleo","tag-brecha","tag-eige","tag-empleo","tag-espana","tag-igualdad-de-oportunidades","tag-union-europea"],"yoast_head":"<!-- This site is optimized with the Yoast SEO plugin v27.5 - https:\/\/yoast.com\/product\/yoast-seo-wordpress\/ -->\n<title>LA INFRARREPRESENTACI\u00d3N FEMENINA EN LA POL\u00cdTICA Y LA EMPRESA SEG\u00daN DATOS DEL INSTITUTO EUROPEO DE IGUALDAD DE G\u00c9NERO (EIGE) - Observatorio de Igualdad y Empleo<\/title>\n<meta name=\"robots\" content=\"index, follow, max-snippet:-1, max-image-preview:large, max-video-preview:-1\" \/>\n<link rel=\"canonical\" href=\"https:\/\/observatorioigualdadyempleo.es\/13552-2\/\" \/>\n<meta property=\"og:locale\" content=\"es_ES\" \/>\n<meta property=\"og:type\" content=\"article\" \/>\n<meta property=\"og:title\" content=\"LA INFRARREPRESENTACI\u00d3N FEMENINA EN LA POL\u00cdTICA Y LA EMPRESA SEG\u00daN DATOS DEL INSTITUTO EUROPEO DE IGUALDAD DE G\u00c9NERO (EIGE) - Observatorio de Igualdad y Empleo\" \/>\n<meta property=\"og:description\" content=\"El Instituto Europeo de Igualdad de G\u00e9nero (EIGE) ha publicado sus \u00faltimos datos sobre mujeres y hombres en la toma de decisiones en los pa\u00edses europeos.\u00a0 En pol\u00edtica:\u00a0 En noviembre de 2020 solo el 32.7% de los representantes en los [\u2026]\" \/>\n<meta property=\"og:url\" content=\"https:\/\/observatorioigualdadyempleo.es\/13552-2\/\" \/>\n<meta property=\"og:site_name\" content=\"Observatorio de Igualdad y Empleo\" \/>\n<meta property=\"article:publisher\" content=\"https:\/\/www.facebook.com\/fundacionmujeres\" \/>\n<meta property=\"article:published_time\" content=\"2021-05-21T07:33:25+00:00\" \/>\n<meta property=\"article:modified_time\" content=\"2022-11-23T12:46:24+00:00\" \/>\n<meta property=\"og:image\" content=\"https:\/\/observatorioigualdadyempleo.es\/wp-content\/uploads\/2021\/05\/russia-95311_1920-1.jpg\" \/>\n\t<meta property=\"og:image:width\" content=\"1920\" \/>\n\t<meta property=\"og:image:height\" content=\"1280\" \/>\n\t<meta property=\"og:image:type\" content=\"image\/jpeg\" \/>\n<meta name=\"author\" content=\"Mar\u00eda Guinea\" \/>\n<meta name=\"twitter:card\" content=\"summary_large_image\" \/>\n<meta name=\"twitter:creator\" content=\"@fmujeres\" \/>\n<meta name=\"twitter:site\" content=\"@fmujeres\" \/>\n<meta name=\"twitter:label1\" content=\"Escrito por\" \/>\n\t<meta name=\"twitter:data1\" content=\"Mar\u00eda Guinea\" \/>\n\t<meta name=\"twitter:label2\" content=\"Tiempo de lectura\" \/>\n\t<meta name=\"twitter:data2\" content=\"2 minutos\" \/>\n<script type=\"application\/ld+json\" class=\"yoast-schema-graph\">{\"@context\":\"https:\\\/\\\/schema.org\",\"@graph\":[{\"@type\":\"Article\",\"@id\":\"https:\\\/\\\/observatorioigualdadyempleo.es\\\/13552-2\\\/#article\",\"isPartOf\":{\"@id\":\"https:\\\/\\\/observatorioigualdadyempleo.es\\\/13552-2\\\/\"},\"author\":{\"name\":\"Mar\u00eda Guinea\",\"@id\":\"https:\\\/\\\/observatorioigualdadyempleo.es\\\/#\\\/schema\\\/person\\\/9c918cf45b2e2ff256a2332d8aef9311\"},\"headline\":\"LA INFRARREPRESENTACI\u00d3N FEMENINA EN LA POL\u00cdTICA Y LA EMPRESA SEG\u00daN DATOS DEL INSTITUTO EUROPEO DE IGUALDAD DE G\u00c9NERO (EIGE)\",\"datePublished\":\"2021-05-21T07:33:25+00:00\",\"dateModified\":\"2022-11-23T12:46:24+00:00\",\"mainEntityOfPage\":{\"@id\":\"https:\\\/\\\/observatorioigualdadyempleo.es\\\/13552-2\\\/\"},\"wordCount\":362,\"commentCount\":0,\"image\":{\"@id\":\"https:\\\/\\\/observatorioigualdadyempleo.es\\\/13552-2\\\/#primaryimage\"},\"thumbnailUrl\":\"http:\\\/\\\/activat9-cp344.wordpresstemporal.com\\\/observatorio_igualdad_y_empleo\\\/wp-content\\\/uploads\\\/2021\\\/05\\\/russia-95311_1920-1.jpg\",\"keywords\":[\"2021\",\"Acceso al empleo\",\"Brecha\",\"EIGE\",\"Empleo\",\"Espa\u00f1a\",\"Igualdad de Oportunidades\",\"Uni\u00f3n Europea\"],\"articleSection\":[\"Empleo\"],\"inLanguage\":\"es\",\"potentialAction\":[{\"@type\":\"CommentAction\",\"name\":\"Comment\",\"target\":[\"https:\\\/\\\/observatorioigualdadyempleo.es\\\/13552-2\\\/#respond\"]}]},{\"@type\":\"WebPage\",\"@id\":\"https:\\\/\\\/observatorioigualdadyempleo.es\\\/13552-2\\\/\",\"url\":\"https:\\\/\\\/observatorioigualdadyempleo.es\\\/13552-2\\\/\",\"name\":\"LA INFRARREPRESENTACI\u00d3N FEMENINA EN LA POL\u00cdTICA Y LA EMPRESA SEG\u00daN DATOS DEL INSTITUTO EUROPEO DE IGUALDAD DE G\u00c9NERO (EIGE) - Observatorio de Igualdad y Empleo\",\"isPartOf\":{\"@id\":\"https:\\\/\\\/observatorioigualdadyempleo.es\\\/#website\"},\"primaryImageOfPage\":{\"@id\":\"https:\\\/\\\/observatorioigualdadyempleo.es\\\/13552-2\\\/#primaryimage\"},\"image\":{\"@id\":\"https:\\\/\\\/observatorioigualdadyempleo.es\\\/13552-2\\\/#primaryimage\"},\"thumbnailUrl\":\"http:\\\/\\\/activat9-cp344.wordpresstemporal.com\\\/observatorio_igualdad_y_empleo\\\/wp-content\\\/uploads\\\/2021\\\/05\\\/russia-95311_1920-1.jpg\",\"datePublished\":\"2021-05-21T07:33:25+00:00\",\"dateModified\":\"2022-11-23T12:46:24+00:00\",\"author\":{\"@id\":\"https:\\\/\\\/observatorioigualdadyempleo.es\\\/#\\\/schema\\\/person\\\/9c918cf45b2e2ff256a2332d8aef9311\"},\"breadcrumb\":{\"@id\":\"https:\\\/\\\/observatorioigualdadyempleo.es\\\/13552-2\\\/#breadcrumb\"},\"inLanguage\":\"es\",\"potentialAction\":[{\"@type\":\"ReadAction\",\"target\":[\"https:\\\/\\\/observatorioigualdadyempleo.es\\\/13552-2\\\/\"]}]},{\"@type\":\"ImageObject\",\"inLanguage\":\"es\",\"@id\":\"https:\\\/\\\/observatorioigualdadyempleo.es\\\/13552-2\\\/#primaryimage\",\"url\":\"http:\\\/\\\/activat9-cp344.wordpresstemporal.com\\\/observatorio_igualdad_y_empleo\\\/wp-content\\\/uploads\\\/2021\\\/05\\\/russia-95311_1920-1.jpg\",\"contentUrl\":\"http:\\\/\\\/activat9-cp344.wordpresstemporal.com\\\/observatorio_igualdad_y_empleo\\\/wp-content\\\/uploads\\\/2021\\\/05\\\/russia-95311_1920-1.jpg\",\"width\":1920,\"height\":1280},{\"@type\":\"BreadcrumbList\",\"@id\":\"https:\\\/\\\/observatorioigualdadyempleo.es\\\/13552-2\\\/#breadcrumb\",\"itemListElement\":[{\"@type\":\"ListItem\",\"position\":1,\"name\":\"Portada\",\"item\":\"https:\\\/\\\/observatorioigualdadyempleo.es\\\/\"},{\"@type\":\"ListItem\",\"position\":2,\"name\":\"LA INFRARREPRESENTACI\u00d3N FEMENINA EN LA POL\u00cdTICA Y LA EMPRESA SEG\u00daN DATOS DEL INSTITUTO EUROPEO DE IGUALDAD DE G\u00c9NERO (EIGE)\"}]},{\"@type\":\"WebSite\",\"@id\":\"https:\\\/\\\/observatorioigualdadyempleo.es\\\/#website\",\"url\":\"https:\\\/\\\/observatorioigualdadyempleo.es\\\/\",\"name\":\"Observatorio de Igualdad y Empleo\",\"description\":\"Recopilatorio de conocimiento sobre igualdad  y empleo\",\"potentialAction\":[{\"@type\":\"SearchAction\",\"target\":{\"@type\":\"EntryPoint\",\"urlTemplate\":\"https:\\\/\\\/observatorioigualdadyempleo.es\\\/?s={search_term_string}\"},\"query-input\":{\"@type\":\"PropertyValueSpecification\",\"valueRequired\":true,\"valueName\":\"search_term_string\"}}],\"inLanguage\":\"es\"},{\"@type\":\"Person\",\"@id\":\"https:\\\/\\\/observatorioigualdadyempleo.es\\\/#\\\/schema\\\/person\\\/9c918cf45b2e2ff256a2332d8aef9311\",\"name\":\"Mar\u00eda Guinea\",\"image\":{\"@type\":\"ImageObject\",\"inLanguage\":\"es\",\"@id\":\"https:\\\/\\\/secure.gravatar.com\\\/avatar\\\/2f7b02af550080177c395439ce09d946a7ce117bc9991646ff5a60d592f73804?s=96&d=mm&r=g\",\"url\":\"https:\\\/\\\/secure.gravatar.com\\\/avatar\\\/2f7b02af550080177c395439ce09d946a7ce117bc9991646ff5a60d592f73804?s=96&d=mm&r=g\",\"contentUrl\":\"https:\\\/\\\/secure.gravatar.com\\\/avatar\\\/2f7b02af550080177c395439ce09d946a7ce117bc9991646ff5a60d592f73804?s=96&d=mm&r=g\",\"caption\":\"Mar\u00eda Guinea\"},\"url\":\"http:\\\/\\\/activat9-cp344.wordpresstemporal.com\\\/observatorio_igualdad_y_empleo\\\/author\\\/mariag\\\/\"}]}<\/script>\n<!-- \/ Yoast SEO plugin. -->","yoast_head_json":{"title":"LA INFRARREPRESENTACI\u00d3N FEMENINA EN LA POL\u00cdTICA Y LA EMPRESA SEG\u00daN DATOS DEL INSTITUTO EUROPEO DE IGUALDAD DE G\u00c9NERO (EIGE) - Observatorio de Igualdad y Empleo","robots":{"index":"index","follow":"follow","max-snippet":"max-snippet:-1","max-image-preview":"max-image-preview:large","max-video-preview":"max-video-preview:-1"},"canonical":"https:\/\/observatorioigualdadyempleo.es\/13552-2\/","og_locale":"es_ES","og_type":"article","og_title":"LA INFRARREPRESENTACI\u00d3N FEMENINA EN LA POL\u00cdTICA Y LA EMPRESA SEG\u00daN DATOS DEL INSTITUTO EUROPEO DE IGUALDAD DE G\u00c9NERO (EIGE) - Observatorio de Igualdad y Empleo","og_description":"El Instituto Europeo de Igualdad de G\u00e9nero (EIGE) ha publicado sus \u00faltimos datos sobre mujeres y hombres en la toma de decisiones en los pa\u00edses europeos.\u00a0 En pol\u00edtica:\u00a0 En noviembre de 2020 solo el 32.7% de los representantes en los [\u2026]","og_url":"https:\/\/observatorioigualdadyempleo.es\/13552-2\/","og_site_name":"Observatorio de Igualdad y Empleo","article_publisher":"https:\/\/www.facebook.com\/fundacionmujeres","article_published_time":"2021-05-21T07:33:25+00:00","article_modified_time":"2022-11-23T12:46:24+00:00","og_image":[{"width":1920,"height":1280,"url":"https:\/\/observatorioigualdadyempleo.es\/wp-content\/uploads\/2021\/05\/russia-95311_1920-1.jpg","type":"image\/jpeg"}],"author":"Mar\u00eda Guinea","twitter_card":"summary_large_image","twitter_creator":"@fmujeres","twitter_site":"@fmujeres","twitter_misc":{"Escrito por":"Mar\u00eda Guinea","Tiempo de lectura":"2 minutos"},"schema":{"@context":"https:\/\/schema.org","@graph":[{"@type":"Article","@id":"https:\/\/observatorioigualdadyempleo.es\/13552-2\/#article","isPartOf":{"@id":"https:\/\/observatorioigualdadyempleo.es\/13552-2\/"},"author":{"name":"Mar\u00eda Guinea","@id":"https:\/\/observatorioigualdadyempleo.es\/#\/schema\/person\/9c918cf45b2e2ff256a2332d8aef9311"},"headline":"LA INFRARREPRESENTACI\u00d3N FEMENINA EN LA POL\u00cdTICA Y LA EMPRESA SEG\u00daN DATOS DEL INSTITUTO EUROPEO DE IGUALDAD DE G\u00c9NERO (EIGE)","datePublished":"2021-05-21T07:33:25+00:00","dateModified":"2022-11-23T12:46:24+00:00","mainEntityOfPage":{"@id":"https:\/\/observatorioigualdadyempleo.es\/13552-2\/"},"wordCount":362,"commentCount":0,"image":{"@id":"https:\/\/observatorioigualdadyempleo.es\/13552-2\/#primaryimage"},"thumbnailUrl":"http:\/\/activat9-cp344.wordpresstemporal.com\/observatorio_igualdad_y_empleo\/wp-content\/uploads\/2021\/05\/russia-95311_1920-1.jpg","keywords":["2021","Acceso al empleo","Brecha","EIGE","Empleo","Espa\u00f1a","Igualdad de Oportunidades","Uni\u00f3n Europea"],"articleSection":["Empleo"],"inLanguage":"es","potentialAction":[{"@type":"CommentAction","name":"Comment","target":["https:\/\/observatorioigualdadyempleo.es\/13552-2\/#respond"]}]},{"@type":"WebPage","@id":"https:\/\/observatorioigualdadyempleo.es\/13552-2\/","url":"https:\/\/observatorioigualdadyempleo.es\/13552-2\/","name":"LA INFRARREPRESENTACI\u00d3N FEMENINA EN LA POL\u00cdTICA Y LA EMPRESA SEG\u00daN DATOS DEL INSTITUTO EUROPEO DE IGUALDAD DE G\u00c9NERO (EIGE) - Observatorio de Igualdad y Empleo","isPartOf":{"@id":"https:\/\/observatorioigualdadyempleo.es\/#website"},"primaryImageOfPage":{"@id":"https:\/\/observatorioigualdadyempleo.es\/13552-2\/#primaryimage"},"image":{"@id":"https:\/\/observatorioigualdadyempleo.es\/13552-2\/#primaryimage"},"thumbnailUrl":"http:\/\/activat9-cp344.wordpresstemporal.com\/observatorio_igualdad_y_empleo\/wp-content\/uploads\/2021\/05\/russia-95311_1920-1.jpg","datePublished":"2021-05-21T07:33:25+00:00","dateModified":"2022-11-23T12:46:24+00:00","author":{"@id":"https:\/\/observatorioigualdadyempleo.es\/#\/schema\/person\/9c918cf45b2e2ff256a2332d8aef9311"},"breadcrumb":{"@id":"https:\/\/observatorioigualdadyempleo.es\/13552-2\/#breadcrumb"},"inLanguage":"es","potentialAction":[{"@type":"ReadAction","target":["https:\/\/observatorioigualdadyempleo.es\/13552-2\/"]}]},{"@type":"ImageObject","inLanguage":"es","@id":"https:\/\/observatorioigualdadyempleo.es\/13552-2\/#primaryimage","url":"http:\/\/activat9-cp344.wordpresstemporal.com\/observatorio_igualdad_y_empleo\/wp-content\/uploads\/2021\/05\/russia-95311_1920-1.jpg","contentUrl":"http:\/\/activat9-cp344.wordpresstemporal.com\/observatorio_igualdad_y_empleo\/wp-content\/uploads\/2021\/05\/russia-95311_1920-1.jpg","width":1920,"height":1280},{"@type":"BreadcrumbList","@id":"https:\/\/observatorioigualdadyempleo.es\/13552-2\/#breadcrumb","itemListElement":[{"@type":"ListItem","position":1,"name":"Portada","item":"https:\/\/observatorioigualdadyempleo.es\/"},{"@type":"ListItem","position":2,"name":"LA INFRARREPRESENTACI\u00d3N FEMENINA EN LA POL\u00cdTICA Y LA EMPRESA SEG\u00daN DATOS DEL INSTITUTO EUROPEO DE IGUALDAD DE G\u00c9NERO (EIGE)"}]},{"@type":"WebSite","@id":"https:\/\/observatorioigualdadyempleo.es\/#website","url":"https:\/\/observatorioigualdadyempleo.es\/","name":"Observatorio de Igualdad y Empleo","description":"Recopilatorio de conocimiento sobre igualdad  y empleo","potentialAction":[{"@type":"SearchAction","target":{"@type":"EntryPoint","urlTemplate":"https:\/\/observatorioigualdadyempleo.es\/?s={search_term_string}"},"query-input":{"@type":"PropertyValueSpecification","valueRequired":true,"valueName":"search_term_string"}}],"inLanguage":"es"},{"@type":"Person","@id":"https:\/\/observatorioigualdadyempleo.es\/#\/schema\/person\/9c918cf45b2e2ff256a2332d8aef9311","name":"Mar\u00eda Guinea","image":{"@type":"ImageObject","inLanguage":"es","@id":"https:\/\/secure.gravatar.com\/avatar\/2f7b02af550080177c395439ce09d946a7ce117bc9991646ff5a60d592f73804?s=96&d=mm&r=g","url":"https:\/\/secure.gravatar.com\/avatar\/2f7b02af550080177c395439ce09d946a7ce117bc9991646ff5a60d592f73804?s=96&d=mm&r=g","contentUrl":"https:\/\/secure.gravatar.com\/avatar\/2f7b02af550080177c395439ce09d946a7ce117bc9991646ff5a60d592f73804?s=96&d=mm&r=g","caption":"Mar\u00eda Guinea"},"url":"http:\/\/activat9-cp344.wordpresstemporal.com\/observatorio_igualdad_y_empleo\/author\/mariag\/"}]}},"_links":{"self":[{"href":"http:\/\/activat9-cp344.wordpresstemporal.com\/observatorio_igualdad_y_empleo\/wp-json\/wp\/v2\/posts\/13552","targetHints":{"allow":["GET"]}}],"collection":[{"href":"http:\/\/activat9-cp344.wordpresstemporal.com\/observatorio_igualdad_y_empleo\/wp-json\/wp\/v2\/posts"}],"about":[{"href":"http:\/\/activat9-cp344.wordpresstemporal.com\/observatorio_igualdad_y_empleo\/wp-json\/wp\/v2\/types\/post"}],"author":[{"embeddable":true,"href":"http:\/\/activat9-cp344.wordpresstemporal.com\/observatorio_igualdad_y_empleo\/wp-json\/wp\/v2\/users\/12"}],"replies":[{"embeddable":true,"href":"http:\/\/activat9-cp344.wordpresstemporal.com\/observatorio_igualdad_y_empleo\/wp-json\/wp\/v2\/comments?post=13552"}],"version-history":[{"count":2,"href":"http:\/\/activat9-cp344.wordpresstemporal.com\/observatorio_igualdad_y_empleo\/wp-json\/wp\/v2\/posts\/13552\/revisions"}],"predecessor-version":[{"id":13555,"href":"http:\/\/activat9-cp344.wordpresstemporal.com\/observatorio_igualdad_y_empleo\/wp-json\/wp\/v2\/posts\/13552\/revisions\/13555"}],"wp:featuredmedia":[{"embeddable":true,"href":"http:\/\/activat9-cp344.wordpresstemporal.com\/observatorio_igualdad_y_empleo\/wp-json\/wp\/v2\/media\/18111"}],"wp:attachment":[{"href":"http:\/\/activat9-cp344.wordpresstemporal.com\/observatorio_igualdad_y_empleo\/wp-json\/wp\/v2\/media?parent=13552"}],"wp:term":[{"taxonomy":"category","embeddable":true,"href":"http:\/\/activat9-cp344.wordpresstemporal.com\/observatorio_igualdad_y_empleo\/wp-json\/wp\/v2\/categories?post=13552"},{"taxonomy":"post_tag","embeddable":true,"href":"http:\/\/activat9-cp344.wordpresstemporal.com\/observatorio_igualdad_y_empleo\/wp-json\/wp\/v2\/tags?post=13552"}],"curies":[{"name":"wp","href":"https:\/\/api.w.org\/{rel}","templated":true}]}}