{"id":13585,"date":"2021-05-27T13:19:02","date_gmt":"2021-05-27T12:19:02","guid":{"rendered":"https:\/\/observatorioigualdadyempleo.es\/?p=13585"},"modified":"2022-11-23T13:38:01","modified_gmt":"2022-11-23T12:38:01","slug":"encuentros-mujer-rural-2021","status":"publish","type":"post","link":"http:\/\/activat9-cp344.wordpresstemporal.com\/observatorio_igualdad_y_empleo\/encuentros-mujer-rural-2021\/","title":{"rendered":"Encuentros Mujer Rural 2021"},"content":{"rendered":"<p><span class=\"color_15\">La <a href=\"https:\/\/www.adcnordeste.es\/\" target=\"_blank\" rel=\"noopener\">Asociaci\u00f3n Para El Desarrollo Comarcal del Nordeste<\/a> es una asociaci\u00f3n que lleva a cabo proyectos para <strong>promover el desarrollo local y comarcal del nordeste de\u00a0la Regi\u00f3n de Murcia. <\/strong><\/span><span class=\"color_15\">Uno de los proyectos que se llevan a cabo es el proyecto <em>Territorio en igualdad<\/em> cuyo objetivo es visibilizar a las mujeres rurales murcianas y hacerlas protagonistas del desarrollo de la comarca. En el marco de este proyecto se realizan los <strong>encuentros de mujeres rurales.\u00a0<\/strong><\/span><\/p>\n<h3>\u00bfEn qu\u00e9 consisten los encuentros de mujeres rurales?<\/h3>\n<p><span class=\"color_15\">Estos suponen un acercamiento a las distintas realidades que las mujeres viven en ese territorio, ofreciendo una oportunidad para la puesta en com\u00fan de estrategias y herramientas para su desarrollo. Adem\u00e1s, se visibiliza el trabajo y papel que realizan las mujeres como mitad fundamental de la sociedad.\u00a0\u00a0<\/span><\/p>\n<p>Como parte de la iniciativa se desarrollan exposiciones, ponencias y espacios de <em>networking<\/em>.<\/p>\n<ul>\n<li><em>Las exposiciones<\/em> muestran el trabajo de las mujeres y asociaciones de la comarca.<\/li>\n<li><em>Las ponencias<\/em> son jornadas para el debate y an\u00e1lisis de temas de inter\u00e9s e intercambio de experiencias de las mujeres.<\/li>\n<li><em>Los espacios de\u00a0networking<\/em> sirven para el asesoramientos y puesta en marcha de iniciativas sociales o de emprendimiento de las mujeres.<\/li>\n<\/ul>\n<div id=\"comp-ko0a8i241__item-j9plerjk\" class=\"_2bafp\" data-testid=\"richTextElement\">\n<p class=\"font_2\">En el contexto actual de pandemia, la propuesta de este a\u00f1o se basa en la creaci\u00f3n de un punto de encuentro itinerante que tendr\u00e1\u00a0 presencia en cada uno de los municipios del nordeste de Murcia. Se trata de cuatro exposiciones que se puede disfrutar entre junio y julio.<\/p>\n<p class=\"font_2\">Para m\u00e1s informaci\u00f3n se recomienda consultar la fuente original de esta publicaci\u00f3n: <a href=\"https:\/\/www.adcnordeste.es\/encuentros\">ADC NORDESTE .<\/a><\/p>\n<p>En el <a href=\"https:\/\/observatorioigualdadyempleo.es\/?s=empleo\"><strong>Observatorio de Igualdad y Empleo<\/strong><\/a> se puede consultar m\u00e1s informaci\u00f3n en materia de empleo con perspectiva de g\u00e9nero.<\/p>\n<p>El\u00a0<strong>Observatorio de Igualdad y Empleo<\/strong>\u00a0es una\u00a0acci\u00f3n de divulgaci\u00f3n que forma parte del proyecto\u00a0<a href=\"https:\/\/observatorioigualdadyempleo.es\/proyecto-dana\/\">DANA+<\/a>, financiado por el\u00a0<a href=\"https:\/\/ec.europa.eu\/social\/main.jsp?langId=es&amp;catId=325\">Fondo Social Europeo.<\/a><\/p>\n<\/div>\n","protected":false},"excerpt":{"rendered":"<p>La Asociaci\u00f3n Para El Desarrollo Comarcal del Nordeste es una asociaci\u00f3n que lleva a cabo proyectos para promover el desarrollo local y comarcal del nordeste de\u00a0la Regi\u00f3n de Murcia. Uno de los proyectos que se llevan a cabo es el<span class=\"excerpt-hellip\"> [\u2026]<\/span><\/p>\n","protected":false},"author":12,"featured_media":18109,"comment_status":"open","ping_status":"open","sticky":false,"template":"","format":"standard","meta":{"footnotes":""},"categories":[589,181],"tags":[330,547,55,150,131],"class_list":["post-13585","post","type-post","status-publish","format-standard","has-post-thumbnail","hentry","category-campana-mujeresrurales2021fm","category-empleo","tag-330","tag-adc-nordeste","tag-empleo","tag-murcia","tag-rural"],"yoast_head":"<!-- This site is optimized with the Yoast SEO plugin v27.5 - https:\/\/yoast.com\/product\/yoast-seo-wordpress\/ -->\n<title>Encuentros Mujer Rural 2021 - Observatorio de Igualdad y Empleo<\/title>\n<meta name=\"robots\" content=\"index, follow, max-snippet:-1, max-image-preview:large, max-video-preview:-1\" \/>\n<link rel=\"canonical\" href=\"http:\/\/activat9-cp344.wordpresstemporal.com\/observatorio_igualdad_y_empleo\/encuentros-mujer-rural-2021\/\" \/>\n<meta property=\"og:locale\" content=\"es_ES\" \/>\n<meta property=\"og:type\" content=\"article\" \/>\n<meta property=\"og:title\" content=\"Encuentros Mujer Rural 2021 - Observatorio de Igualdad y Empleo\" \/>\n<meta property=\"og:description\" content=\"La Asociaci\u00f3n Para El Desarrollo Comarcal del Nordeste es una asociaci\u00f3n que lleva a cabo proyectos para promover el desarrollo local y comarcal del nordeste de\u00a0la Regi\u00f3n de Murcia. Uno de los proyectos que se llevan a cabo es el [\u2026]\" \/>\n<meta property=\"og:url\" content=\"http:\/\/activat9-cp344.wordpresstemporal.com\/observatorio_igualdad_y_empleo\/encuentros-mujer-rural-2021\/\" \/>\n<meta property=\"og:site_name\" content=\"Observatorio de Igualdad y Empleo\" \/>\n<meta property=\"article:publisher\" content=\"https:\/\/www.facebook.com\/fundacionmujeres\" \/>\n<meta property=\"article:published_time\" content=\"2021-05-27T12:19:02+00:00\" \/>\n<meta property=\"article:modified_time\" content=\"2022-11-23T12:38:01+00:00\" \/>\n<meta property=\"og:image\" content=\"http:\/\/activat9-cp344.wordpresstemporal.com\/observatorio_igualdad_y_empleo\/wp-content\/uploads\/2021\/05\/Captura..-1.png\" \/>\n\t<meta property=\"og:image:width\" content=\"691\" \/>\n\t<meta property=\"og:image:height\" content=\"615\" \/>\n\t<meta property=\"og:image:type\" content=\"image\/png\" \/>\n<meta name=\"author\" content=\"Mar\u00eda Guinea\" \/>\n<meta name=\"twitter:card\" content=\"summary_large_image\" \/>\n<meta name=\"twitter:creator\" content=\"@fmujeres\" \/>\n<meta name=\"twitter:site\" content=\"@fmujeres\" \/>\n<meta name=\"twitter:label1\" content=\"Escrito por\" \/>\n\t<meta name=\"twitter:data1\" content=\"Mar\u00eda Guinea\" \/>\n\t<meta name=\"twitter:label2\" content=\"Tiempo de lectura\" \/>\n\t<meta name=\"twitter:data2\" content=\"2 minutos\" \/>\n<script type=\"application\/ld+json\" class=\"yoast-schema-graph\">{\"@context\":\"https:\\\/\\\/schema.org\",\"@graph\":[{\"@type\":\"Article\",\"@id\":\"http:\\\/\\\/activat9-cp344.wordpresstemporal.com\\\/observatorio_igualdad_y_empleo\\\/encuentros-mujer-rural-2021\\\/#article\",\"isPartOf\":{\"@id\":\"http:\\\/\\\/activat9-cp344.wordpresstemporal.com\\\/observatorio_igualdad_y_empleo\\\/encuentros-mujer-rural-2021\\\/\"},\"author\":{\"name\":\"Mar\u00eda Guinea\",\"@id\":\"https:\\\/\\\/observatorioigualdadyempleo.es\\\/#\\\/schema\\\/person\\\/9c918cf45b2e2ff256a2332d8aef9311\"},\"headline\":\"Encuentros Mujer Rural 2021\",\"datePublished\":\"2021-05-27T12:19:02+00:00\",\"dateModified\":\"2022-11-23T12:38:01+00:00\",\"mainEntityOfPage\":{\"@id\":\"http:\\\/\\\/activat9-cp344.wordpresstemporal.com\\\/observatorio_igualdad_y_empleo\\\/encuentros-mujer-rural-2021\\\/\"},\"wordCount\":322,\"commentCount\":0,\"image\":{\"@id\":\"http:\\\/\\\/activat9-cp344.wordpresstemporal.com\\\/observatorio_igualdad_y_empleo\\\/encuentros-mujer-rural-2021\\\/#primaryimage\"},\"thumbnailUrl\":\"http:\\\/\\\/activat9-cp344.wordpresstemporal.com\\\/observatorio_igualdad_y_empleo\\\/wp-content\\\/uploads\\\/2021\\\/05\\\/Captura..-1.png\",\"keywords\":[\"2021\",\"ADC Nordeste\",\"Empleo\",\"Murcia\",\"Rural\"],\"articleSection\":[\"Campa\u00f1a MujeresRurales2021FM\",\"Empleo\"],\"inLanguage\":\"es\",\"potentialAction\":[{\"@type\":\"CommentAction\",\"name\":\"Comment\",\"target\":[\"http:\\\/\\\/activat9-cp344.wordpresstemporal.com\\\/observatorio_igualdad_y_empleo\\\/encuentros-mujer-rural-2021\\\/#respond\"]}]},{\"@type\":\"WebPage\",\"@id\":\"http:\\\/\\\/activat9-cp344.wordpresstemporal.com\\\/observatorio_igualdad_y_empleo\\\/encuentros-mujer-rural-2021\\\/\",\"url\":\"http:\\\/\\\/activat9-cp344.wordpresstemporal.com\\\/observatorio_igualdad_y_empleo\\\/encuentros-mujer-rural-2021\\\/\",\"name\":\"Encuentros Mujer Rural 2021 - Observatorio de Igualdad y Empleo\",\"isPartOf\":{\"@id\":\"https:\\\/\\\/observatorioigualdadyempleo.es\\\/#website\"},\"primaryImageOfPage\":{\"@id\":\"http:\\\/\\\/activat9-cp344.wordpresstemporal.com\\\/observatorio_igualdad_y_empleo\\\/encuentros-mujer-rural-2021\\\/#primaryimage\"},\"image\":{\"@id\":\"http:\\\/\\\/activat9-cp344.wordpresstemporal.com\\\/observatorio_igualdad_y_empleo\\\/encuentros-mujer-rural-2021\\\/#primaryimage\"},\"thumbnailUrl\":\"http:\\\/\\\/activat9-cp344.wordpresstemporal.com\\\/observatorio_igualdad_y_empleo\\\/wp-content\\\/uploads\\\/2021\\\/05\\\/Captura..-1.png\",\"datePublished\":\"2021-05-27T12:19:02+00:00\",\"dateModified\":\"2022-11-23T12:38:01+00:00\",\"author\":{\"@id\":\"https:\\\/\\\/observatorioigualdadyempleo.es\\\/#\\\/schema\\\/person\\\/9c918cf45b2e2ff256a2332d8aef9311\"},\"breadcrumb\":{\"@id\":\"http:\\\/\\\/activat9-cp344.wordpresstemporal.com\\\/observatorio_igualdad_y_empleo\\\/encuentros-mujer-rural-2021\\\/#breadcrumb\"},\"inLanguage\":\"es\",\"potentialAction\":[{\"@type\":\"ReadAction\",\"target\":[\"http:\\\/\\\/activat9-cp344.wordpresstemporal.com\\\/observatorio_igualdad_y_empleo\\\/encuentros-mujer-rural-2021\\\/\"]}]},{\"@type\":\"ImageObject\",\"inLanguage\":\"es\",\"@id\":\"http:\\\/\\\/activat9-cp344.wordpresstemporal.com\\\/observatorio_igualdad_y_empleo\\\/encuentros-mujer-rural-2021\\\/#primaryimage\",\"url\":\"http:\\\/\\\/activat9-cp344.wordpresstemporal.com\\\/observatorio_igualdad_y_empleo\\\/wp-content\\\/uploads\\\/2021\\\/05\\\/Captura..-1.png\",\"contentUrl\":\"http:\\\/\\\/activat9-cp344.wordpresstemporal.com\\\/observatorio_igualdad_y_empleo\\\/wp-content\\\/uploads\\\/2021\\\/05\\\/Captura..-1.png\",\"width\":691,\"height\":615},{\"@type\":\"BreadcrumbList\",\"@id\":\"http:\\\/\\\/activat9-cp344.wordpresstemporal.com\\\/observatorio_igualdad_y_empleo\\\/encuentros-mujer-rural-2021\\\/#breadcrumb\",\"itemListElement\":[{\"@type\":\"ListItem\",\"position\":1,\"name\":\"Portada\",\"item\":\"https:\\\/\\\/observatorioigualdadyempleo.es\\\/\"},{\"@type\":\"ListItem\",\"position\":2,\"name\":\"Encuentros Mujer Rural 2021\"}]},{\"@type\":\"WebSite\",\"@id\":\"https:\\\/\\\/observatorioigualdadyempleo.es\\\/#website\",\"url\":\"https:\\\/\\\/observatorioigualdadyempleo.es\\\/\",\"name\":\"Observatorio de Igualdad y Empleo\",\"description\":\"Recopilatorio de conocimiento sobre igualdad  y empleo\",\"potentialAction\":[{\"@type\":\"SearchAction\",\"target\":{\"@type\":\"EntryPoint\",\"urlTemplate\":\"https:\\\/\\\/observatorioigualdadyempleo.es\\\/?s={search_term_string}\"},\"query-input\":{\"@type\":\"PropertyValueSpecification\",\"valueRequired\":true,\"valueName\":\"search_term_string\"}}],\"inLanguage\":\"es\"},{\"@type\":\"Person\",\"@id\":\"https:\\\/\\\/observatorioigualdadyempleo.es\\\/#\\\/schema\\\/person\\\/9c918cf45b2e2ff256a2332d8aef9311\",\"name\":\"Mar\u00eda Guinea\",\"image\":{\"@type\":\"ImageObject\",\"inLanguage\":\"es\",\"@id\":\"https:\\\/\\\/secure.gravatar.com\\\/avatar\\\/2f7b02af550080177c395439ce09d946a7ce117bc9991646ff5a60d592f73804?s=96&d=mm&r=g\",\"url\":\"https:\\\/\\\/secure.gravatar.com\\\/avatar\\\/2f7b02af550080177c395439ce09d946a7ce117bc9991646ff5a60d592f73804?s=96&d=mm&r=g\",\"contentUrl\":\"https:\\\/\\\/secure.gravatar.com\\\/avatar\\\/2f7b02af550080177c395439ce09d946a7ce117bc9991646ff5a60d592f73804?s=96&d=mm&r=g\",\"caption\":\"Mar\u00eda Guinea\"},\"url\":\"http:\\\/\\\/activat9-cp344.wordpresstemporal.com\\\/observatorio_igualdad_y_empleo\\\/author\\\/mariag\\\/\"}]}<\/script>\n<!-- \/ Yoast SEO plugin. -->","yoast_head_json":{"title":"Encuentros Mujer Rural 2021 - Observatorio de Igualdad y Empleo","robots":{"index":"index","follow":"follow","max-snippet":"max-snippet:-1","max-image-preview":"max-image-preview:large","max-video-preview":"max-video-preview:-1"},"canonical":"http:\/\/activat9-cp344.wordpresstemporal.com\/observatorio_igualdad_y_empleo\/encuentros-mujer-rural-2021\/","og_locale":"es_ES","og_type":"article","og_title":"Encuentros Mujer Rural 2021 - Observatorio de Igualdad y Empleo","og_description":"La Asociaci\u00f3n Para El Desarrollo Comarcal del Nordeste es una asociaci\u00f3n que lleva a cabo proyectos para promover el desarrollo local y comarcal del nordeste de\u00a0la Regi\u00f3n de Murcia. Uno de los proyectos que se llevan a cabo es el [\u2026]","og_url":"http:\/\/activat9-cp344.wordpresstemporal.com\/observatorio_igualdad_y_empleo\/encuentros-mujer-rural-2021\/","og_site_name":"Observatorio de Igualdad y Empleo","article_publisher":"https:\/\/www.facebook.com\/fundacionmujeres","article_published_time":"2021-05-27T12:19:02+00:00","article_modified_time":"2022-11-23T12:38:01+00:00","og_image":[{"width":691,"height":615,"url":"http:\/\/activat9-cp344.wordpresstemporal.com\/observatorio_igualdad_y_empleo\/wp-content\/uploads\/2021\/05\/Captura..-1.png","type":"image\/png"}],"author":"Mar\u00eda Guinea","twitter_card":"summary_large_image","twitter_creator":"@fmujeres","twitter_site":"@fmujeres","twitter_misc":{"Escrito por":"Mar\u00eda Guinea","Tiempo de lectura":"2 minutos"},"schema":{"@context":"https:\/\/schema.org","@graph":[{"@type":"Article","@id":"http:\/\/activat9-cp344.wordpresstemporal.com\/observatorio_igualdad_y_empleo\/encuentros-mujer-rural-2021\/#article","isPartOf":{"@id":"http:\/\/activat9-cp344.wordpresstemporal.com\/observatorio_igualdad_y_empleo\/encuentros-mujer-rural-2021\/"},"author":{"name":"Mar\u00eda Guinea","@id":"https:\/\/observatorioigualdadyempleo.es\/#\/schema\/person\/9c918cf45b2e2ff256a2332d8aef9311"},"headline":"Encuentros Mujer Rural 2021","datePublished":"2021-05-27T12:19:02+00:00","dateModified":"2022-11-23T12:38:01+00:00","mainEntityOfPage":{"@id":"http:\/\/activat9-cp344.wordpresstemporal.com\/observatorio_igualdad_y_empleo\/encuentros-mujer-rural-2021\/"},"wordCount":322,"commentCount":0,"image":{"@id":"http:\/\/activat9-cp344.wordpresstemporal.com\/observatorio_igualdad_y_empleo\/encuentros-mujer-rural-2021\/#primaryimage"},"thumbnailUrl":"http:\/\/activat9-cp344.wordpresstemporal.com\/observatorio_igualdad_y_empleo\/wp-content\/uploads\/2021\/05\/Captura..-1.png","keywords":["2021","ADC Nordeste","Empleo","Murcia","Rural"],"articleSection":["Campa\u00f1a MujeresRurales2021FM","Empleo"],"inLanguage":"es","potentialAction":[{"@type":"CommentAction","name":"Comment","target":["http:\/\/activat9-cp344.wordpresstemporal.com\/observatorio_igualdad_y_empleo\/encuentros-mujer-rural-2021\/#respond"]}]},{"@type":"WebPage","@id":"http:\/\/activat9-cp344.wordpresstemporal.com\/observatorio_igualdad_y_empleo\/encuentros-mujer-rural-2021\/","url":"http:\/\/activat9-cp344.wordpresstemporal.com\/observatorio_igualdad_y_empleo\/encuentros-mujer-rural-2021\/","name":"Encuentros Mujer Rural 2021 - Observatorio de Igualdad y Empleo","isPartOf":{"@id":"https:\/\/observatorioigualdadyempleo.es\/#website"},"primaryImageOfPage":{"@id":"http:\/\/activat9-cp344.wordpresstemporal.com\/observatorio_igualdad_y_empleo\/encuentros-mujer-rural-2021\/#primaryimage"},"image":{"@id":"http:\/\/activat9-cp344.wordpresstemporal.com\/observatorio_igualdad_y_empleo\/encuentros-mujer-rural-2021\/#primaryimage"},"thumbnailUrl":"http:\/\/activat9-cp344.wordpresstemporal.com\/observatorio_igualdad_y_empleo\/wp-content\/uploads\/2021\/05\/Captura..-1.png","datePublished":"2021-05-27T12:19:02+00:00","dateModified":"2022-11-23T12:38:01+00:00","author":{"@id":"https:\/\/observatorioigualdadyempleo.es\/#\/schema\/person\/9c918cf45b2e2ff256a2332d8aef9311"},"breadcrumb":{"@id":"http:\/\/activat9-cp344.wordpresstemporal.com\/observatorio_igualdad_y_empleo\/encuentros-mujer-rural-2021\/#breadcrumb"},"inLanguage":"es","potentialAction":[{"@type":"ReadAction","target":["http:\/\/activat9-cp344.wordpresstemporal.com\/observatorio_igualdad_y_empleo\/encuentros-mujer-rural-2021\/"]}]},{"@type":"ImageObject","inLanguage":"es","@id":"http:\/\/activat9-cp344.wordpresstemporal.com\/observatorio_igualdad_y_empleo\/encuentros-mujer-rural-2021\/#primaryimage","url":"http:\/\/activat9-cp344.wordpresstemporal.com\/observatorio_igualdad_y_empleo\/wp-content\/uploads\/2021\/05\/Captura..-1.png","contentUrl":"http:\/\/activat9-cp344.wordpresstemporal.com\/observatorio_igualdad_y_empleo\/wp-content\/uploads\/2021\/05\/Captura..-1.png","width":691,"height":615},{"@type":"BreadcrumbList","@id":"http:\/\/activat9-cp344.wordpresstemporal.com\/observatorio_igualdad_y_empleo\/encuentros-mujer-rural-2021\/#breadcrumb","itemListElement":[{"@type":"ListItem","position":1,"name":"Portada","item":"https:\/\/observatorioigualdadyempleo.es\/"},{"@type":"ListItem","position":2,"name":"Encuentros Mujer Rural 2021"}]},{"@type":"WebSite","@id":"https:\/\/observatorioigualdadyempleo.es\/#website","url":"https:\/\/observatorioigualdadyempleo.es\/","name":"Observatorio de Igualdad y Empleo","description":"Recopilatorio de conocimiento sobre igualdad  y empleo","potentialAction":[{"@type":"SearchAction","target":{"@type":"EntryPoint","urlTemplate":"https:\/\/observatorioigualdadyempleo.es\/?s={search_term_string}"},"query-input":{"@type":"PropertyValueSpecification","valueRequired":true,"valueName":"search_term_string"}}],"inLanguage":"es"},{"@type":"Person","@id":"https:\/\/observatorioigualdadyempleo.es\/#\/schema\/person\/9c918cf45b2e2ff256a2332d8aef9311","name":"Mar\u00eda Guinea","image":{"@type":"ImageObject","inLanguage":"es","@id":"https:\/\/secure.gravatar.com\/avatar\/2f7b02af550080177c395439ce09d946a7ce117bc9991646ff5a60d592f73804?s=96&d=mm&r=g","url":"https:\/\/secure.gravatar.com\/avatar\/2f7b02af550080177c395439ce09d946a7ce117bc9991646ff5a60d592f73804?s=96&d=mm&r=g","contentUrl":"https:\/\/secure.gravatar.com\/avatar\/2f7b02af550080177c395439ce09d946a7ce117bc9991646ff5a60d592f73804?s=96&d=mm&r=g","caption":"Mar\u00eda Guinea"},"url":"http:\/\/activat9-cp344.wordpresstemporal.com\/observatorio_igualdad_y_empleo\/author\/mariag\/"}]}},"_links":{"self":[{"href":"http:\/\/activat9-cp344.wordpresstemporal.com\/observatorio_igualdad_y_empleo\/wp-json\/wp\/v2\/posts\/13585","targetHints":{"allow":["GET"]}}],"collection":[{"href":"http:\/\/activat9-cp344.wordpresstemporal.com\/observatorio_igualdad_y_empleo\/wp-json\/wp\/v2\/posts"}],"about":[{"href":"http:\/\/activat9-cp344.wordpresstemporal.com\/observatorio_igualdad_y_empleo\/wp-json\/wp\/v2\/types\/post"}],"author":[{"embeddable":true,"href":"http:\/\/activat9-cp344.wordpresstemporal.com\/observatorio_igualdad_y_empleo\/wp-json\/wp\/v2\/users\/12"}],"replies":[{"embeddable":true,"href":"http:\/\/activat9-cp344.wordpresstemporal.com\/observatorio_igualdad_y_empleo\/wp-json\/wp\/v2\/comments?post=13585"}],"version-history":[{"count":5,"href":"http:\/\/activat9-cp344.wordpresstemporal.com\/observatorio_igualdad_y_empleo\/wp-json\/wp\/v2\/posts\/13585\/revisions"}],"predecessor-version":[{"id":13589,"href":"http:\/\/activat9-cp344.wordpresstemporal.com\/observatorio_igualdad_y_empleo\/wp-json\/wp\/v2\/posts\/13585\/revisions\/13589"}],"wp:featuredmedia":[{"embeddable":true,"href":"http:\/\/activat9-cp344.wordpresstemporal.com\/observatorio_igualdad_y_empleo\/wp-json\/wp\/v2\/media\/18109"}],"wp:attachment":[{"href":"http:\/\/activat9-cp344.wordpresstemporal.com\/observatorio_igualdad_y_empleo\/wp-json\/wp\/v2\/media?parent=13585"}],"wp:term":[{"taxonomy":"category","embeddable":true,"href":"http:\/\/activat9-cp344.wordpresstemporal.com\/observatorio_igualdad_y_empleo\/wp-json\/wp\/v2\/categories?post=13585"},{"taxonomy":"post_tag","embeddable":true,"href":"http:\/\/activat9-cp344.wordpresstemporal.com\/observatorio_igualdad_y_empleo\/wp-json\/wp\/v2\/tags?post=13585"}],"curies":[{"name":"wp","href":"https:\/\/api.w.org\/{rel}","templated":true}]}}