{"id":13990,"date":"2021-10-18T17:02:04","date_gmt":"2021-10-18T16:02:04","guid":{"rendered":"https:\/\/observatorioigualdadyempleo.es\/?p=13990"},"modified":"2022-11-23T10:20:57","modified_gmt":"2022-11-23T09:20:57","slug":"dia-europeo-de-las-microfinanzas","status":"publish","type":"post","link":"http:\/\/activat9-cp344.wordpresstemporal.com\/observatorio_igualdad_y_empleo\/dia-europeo-de-las-microfinanzas\/","title":{"rendered":"D\u00eda Europeo de las Microfinanzas"},"content":{"rendered":"<p>El pasado 15 de octubre se celebr\u00f3 el <strong>D\u00eda Europeo de las Microfinanzas<\/strong> y la Red Europea de Microfinanzas ha lanzado la campa\u00f1a \u00ab<em>Manteniendo las puertas abiertas para tod@s l@s emprendedor@s\u00bb<\/em>.<\/p>\n<p>Dentro del marco de esta campa\u00f1a se busca apoyar las actividades que se realicen durante el mes de octubre en relaci\u00f3n con las microfinanzas inclusivas, por lo que las entidades que deseen sumarse a esta iniciativa podr\u00e1n hacerlo contactando a trav\u00e9s de este <a href=\"https:\/\/www.european-microfinance.org\/event\/7th-european-microfinance-day-keeping-doors-open-all-entrepreneurs\">enlace<\/a>.<\/p>\n<p>El D\u00eda Europeo de las Microfinanzas busca sensibilizar a la ciudadan\u00eda europea sobre el valor de las microfinanzas en la lucha contra el desempleo y la exclusi\u00f3n, especialmente sobre aquella poblaci\u00f3n que se ha visto excluida del sector financiero tradicional, como as\u00ed tambi\u00e9n, intercambiar experiencias e informar sobre el funcionamiento de las microfinanzas.<\/p>\n<p>Se puede encontrar m\u00e1s informaci\u00f3n en materia de emprendimiento con perspectiva de g\u00e9nero en el <a href=\"https:\/\/observatorioigualdadyempleo.es\/?s=emprendimiento\">Observatorio de Igualdad y Empleo<\/a>.<\/p>\n<p>El\u00a0<strong>Observatorio de Igualdad y Empleo<\/strong>\u00a0es una\u00a0acci\u00f3n de divulgaci\u00f3n que forma parte del proyecto\u00a0<a href=\"https:\/\/observatorioigualdadyempleo.es\/proyecto-dana\/\">DANA+<\/a>, financiado por el\u00a0<a href=\"https:\/\/ec.europa.eu\/social\/main.jsp?langId=es&amp;catId=325\">Fondo Social Europeo.<\/a><\/p>\n<p>&nbsp;<\/p>\n","protected":false},"excerpt":{"rendered":"<p>El pasado 15 de octubre se celebr\u00f3 el D\u00eda Europeo de las Microfinanzas y la Red Europea de Microfinanzas ha lanzado la campa\u00f1a \u00abManteniendo las puertas abiertas para tod@s l@s emprendedor@s\u00bb. Dentro del marco de esta campa\u00f1a se busca apoyar<span class=\"excerpt-hellip\"> [\u2026]<\/span><\/p>\n","protected":false},"author":12,"featured_media":15620,"comment_status":"open","ping_status":"open","sticky":false,"template":"","format":"standard","meta":{"footnotes":""},"categories":[183],"tags":[62,595,594],"class_list":["post-13990","post","type-post","status-publish","format-standard","has-post-thumbnail","hentry","category-emprendimiento","tag-emprendimiento","tag-europa","tag-microfinanzas"],"yoast_head":"<!-- This site is optimized with the Yoast SEO plugin v27.5 - https:\/\/yoast.com\/product\/yoast-seo-wordpress\/ -->\n<title>D\u00eda Europeo de las Microfinanzas - Observatorio de Igualdad y Empleo<\/title>\n<meta name=\"robots\" content=\"index, follow, max-snippet:-1, max-image-preview:large, max-video-preview:-1\" \/>\n<link rel=\"canonical\" href=\"http:\/\/activat9-cp344.wordpresstemporal.com\/observatorio_igualdad_y_empleo\/dia-europeo-de-las-microfinanzas\/\" \/>\n<meta property=\"og:locale\" content=\"es_ES\" \/>\n<meta property=\"og:type\" content=\"article\" \/>\n<meta property=\"og:title\" content=\"D\u00eda Europeo de las Microfinanzas - Observatorio de Igualdad y Empleo\" \/>\n<meta property=\"og:description\" content=\"El pasado 15 de octubre se celebr\u00f3 el D\u00eda Europeo de las Microfinanzas y la Red Europea de Microfinanzas ha lanzado la campa\u00f1a \u00abManteniendo las puertas abiertas para tod@s l@s emprendedor@s\u00bb. Dentro del marco de esta campa\u00f1a se busca apoyar [\u2026]\" \/>\n<meta property=\"og:url\" content=\"http:\/\/activat9-cp344.wordpresstemporal.com\/observatorio_igualdad_y_empleo\/dia-europeo-de-las-microfinanzas\/\" \/>\n<meta property=\"og:site_name\" content=\"Observatorio de Igualdad y Empleo\" \/>\n<meta property=\"article:publisher\" content=\"https:\/\/www.facebook.com\/fundacionmujeres\" \/>\n<meta property=\"article:published_time\" content=\"2021-10-18T16:02:04+00:00\" \/>\n<meta property=\"article:modified_time\" content=\"2022-11-23T09:20:57+00:00\" \/>\n<meta property=\"og:image\" content=\"http:\/\/activat9-cp344.wordpresstemporal.com\/observatorio_igualdad_y_empleo\/wp-content\/uploads\/2021\/10\/Dia-Europeo-Mzas-poster_WEB_page-0001-1.jpg\" \/>\n\t<meta property=\"og:image:width\" content=\"1754\" \/>\n\t<meta property=\"og:image:height\" content=\"2481\" \/>\n\t<meta property=\"og:image:type\" content=\"image\/jpeg\" \/>\n<meta name=\"author\" content=\"Mar\u00eda Guinea\" \/>\n<meta name=\"twitter:card\" content=\"summary_large_image\" \/>\n<meta name=\"twitter:creator\" content=\"@fmujeres\" \/>\n<meta name=\"twitter:site\" content=\"@fmujeres\" \/>\n<meta name=\"twitter:label1\" content=\"Escrito por\" \/>\n\t<meta name=\"twitter:data1\" content=\"Mar\u00eda Guinea\" \/>\n\t<meta name=\"twitter:label2\" content=\"Tiempo de lectura\" \/>\n\t<meta name=\"twitter:data2\" content=\"1 minuto\" \/>\n<script type=\"application\/ld+json\" class=\"yoast-schema-graph\">{\"@context\":\"https:\\\/\\\/schema.org\",\"@graph\":[{\"@type\":\"Article\",\"@id\":\"http:\\\/\\\/activat9-cp344.wordpresstemporal.com\\\/observatorio_igualdad_y_empleo\\\/dia-europeo-de-las-microfinanzas\\\/#article\",\"isPartOf\":{\"@id\":\"http:\\\/\\\/activat9-cp344.wordpresstemporal.com\\\/observatorio_igualdad_y_empleo\\\/dia-europeo-de-las-microfinanzas\\\/\"},\"author\":{\"name\":\"Mar\u00eda Guinea\",\"@id\":\"http:\\\/\\\/activat9-cp344.wordpresstemporal.com\\\/observatorio_igualdad_y_empleo\\\/#\\\/schema\\\/person\\\/9c918cf45b2e2ff256a2332d8aef9311\"},\"headline\":\"D\u00eda Europeo de las Microfinanzas\",\"datePublished\":\"2021-10-18T16:02:04+00:00\",\"dateModified\":\"2022-11-23T09:20:57+00:00\",\"mainEntityOfPage\":{\"@id\":\"http:\\\/\\\/activat9-cp344.wordpresstemporal.com\\\/observatorio_igualdad_y_empleo\\\/dia-europeo-de-las-microfinanzas\\\/\"},\"wordCount\":196,\"commentCount\":0,\"image\":{\"@id\":\"http:\\\/\\\/activat9-cp344.wordpresstemporal.com\\\/observatorio_igualdad_y_empleo\\\/dia-europeo-de-las-microfinanzas\\\/#primaryimage\"},\"thumbnailUrl\":\"http:\\\/\\\/activat9-cp344.wordpresstemporal.com\\\/observatorio_igualdad_y_empleo\\\/wp-content\\\/uploads\\\/2021\\\/10\\\/Dia-Europeo-Mzas-poster_WEB_page-0001-1.jpg\",\"keywords\":[\"Emprendimiento\",\"Europa\",\"microfinanzas\"],\"articleSection\":[\"Emprendimiento\"],\"inLanguage\":\"es\",\"potentialAction\":[{\"@type\":\"CommentAction\",\"name\":\"Comment\",\"target\":[\"http:\\\/\\\/activat9-cp344.wordpresstemporal.com\\\/observatorio_igualdad_y_empleo\\\/dia-europeo-de-las-microfinanzas\\\/#respond\"]}]},{\"@type\":\"WebPage\",\"@id\":\"http:\\\/\\\/activat9-cp344.wordpresstemporal.com\\\/observatorio_igualdad_y_empleo\\\/dia-europeo-de-las-microfinanzas\\\/\",\"url\":\"http:\\\/\\\/activat9-cp344.wordpresstemporal.com\\\/observatorio_igualdad_y_empleo\\\/dia-europeo-de-las-microfinanzas\\\/\",\"name\":\"D\u00eda Europeo de las Microfinanzas - Observatorio de Igualdad y Empleo\",\"isPartOf\":{\"@id\":\"http:\\\/\\\/activat9-cp344.wordpresstemporal.com\\\/observatorio_igualdad_y_empleo\\\/#website\"},\"primaryImageOfPage\":{\"@id\":\"http:\\\/\\\/activat9-cp344.wordpresstemporal.com\\\/observatorio_igualdad_y_empleo\\\/dia-europeo-de-las-microfinanzas\\\/#primaryimage\"},\"image\":{\"@id\":\"http:\\\/\\\/activat9-cp344.wordpresstemporal.com\\\/observatorio_igualdad_y_empleo\\\/dia-europeo-de-las-microfinanzas\\\/#primaryimage\"},\"thumbnailUrl\":\"http:\\\/\\\/activat9-cp344.wordpresstemporal.com\\\/observatorio_igualdad_y_empleo\\\/wp-content\\\/uploads\\\/2021\\\/10\\\/Dia-Europeo-Mzas-poster_WEB_page-0001-1.jpg\",\"datePublished\":\"2021-10-18T16:02:04+00:00\",\"dateModified\":\"2022-11-23T09:20:57+00:00\",\"author\":{\"@id\":\"http:\\\/\\\/activat9-cp344.wordpresstemporal.com\\\/observatorio_igualdad_y_empleo\\\/#\\\/schema\\\/person\\\/9c918cf45b2e2ff256a2332d8aef9311\"},\"breadcrumb\":{\"@id\":\"http:\\\/\\\/activat9-cp344.wordpresstemporal.com\\\/observatorio_igualdad_y_empleo\\\/dia-europeo-de-las-microfinanzas\\\/#breadcrumb\"},\"inLanguage\":\"es\",\"potentialAction\":[{\"@type\":\"ReadAction\",\"target\":[\"http:\\\/\\\/activat9-cp344.wordpresstemporal.com\\\/observatorio_igualdad_y_empleo\\\/dia-europeo-de-las-microfinanzas\\\/\"]}]},{\"@type\":\"ImageObject\",\"inLanguage\":\"es\",\"@id\":\"http:\\\/\\\/activat9-cp344.wordpresstemporal.com\\\/observatorio_igualdad_y_empleo\\\/dia-europeo-de-las-microfinanzas\\\/#primaryimage\",\"url\":\"http:\\\/\\\/activat9-cp344.wordpresstemporal.com\\\/observatorio_igualdad_y_empleo\\\/wp-content\\\/uploads\\\/2021\\\/10\\\/Dia-Europeo-Mzas-poster_WEB_page-0001-1.jpg\",\"contentUrl\":\"http:\\\/\\\/activat9-cp344.wordpresstemporal.com\\\/observatorio_igualdad_y_empleo\\\/wp-content\\\/uploads\\\/2021\\\/10\\\/Dia-Europeo-Mzas-poster_WEB_page-0001-1.jpg\",\"width\":1754,\"height\":2481},{\"@type\":\"BreadcrumbList\",\"@id\":\"http:\\\/\\\/activat9-cp344.wordpresstemporal.com\\\/observatorio_igualdad_y_empleo\\\/dia-europeo-de-las-microfinanzas\\\/#breadcrumb\",\"itemListElement\":[{\"@type\":\"ListItem\",\"position\":1,\"name\":\"Portada\",\"item\":\"http:\\\/\\\/activat9-cp344.wordpresstemporal.com\\\/observatorio_igualdad_y_empleo\\\/\"},{\"@type\":\"ListItem\",\"position\":2,\"name\":\"D\u00eda Europeo de las Microfinanzas\"}]},{\"@type\":\"WebSite\",\"@id\":\"http:\\\/\\\/activat9-cp344.wordpresstemporal.com\\\/observatorio_igualdad_y_empleo\\\/#website\",\"url\":\"http:\\\/\\\/activat9-cp344.wordpresstemporal.com\\\/observatorio_igualdad_y_empleo\\\/\",\"name\":\"Observatorio de Igualdad y Empleo\",\"description\":\"Recopilatorio de conocimiento sobre igualdad  y empleo\",\"potentialAction\":[{\"@type\":\"SearchAction\",\"target\":{\"@type\":\"EntryPoint\",\"urlTemplate\":\"http:\\\/\\\/activat9-cp344.wordpresstemporal.com\\\/observatorio_igualdad_y_empleo\\\/?s={search_term_string}\"},\"query-input\":{\"@type\":\"PropertyValueSpecification\",\"valueRequired\":true,\"valueName\":\"search_term_string\"}}],\"inLanguage\":\"es\"},{\"@type\":\"Person\",\"@id\":\"http:\\\/\\\/activat9-cp344.wordpresstemporal.com\\\/observatorio_igualdad_y_empleo\\\/#\\\/schema\\\/person\\\/9c918cf45b2e2ff256a2332d8aef9311\",\"name\":\"Mar\u00eda Guinea\",\"image\":{\"@type\":\"ImageObject\",\"inLanguage\":\"es\",\"@id\":\"https:\\\/\\\/secure.gravatar.com\\\/avatar\\\/2f7b02af550080177c395439ce09d946a7ce117bc9991646ff5a60d592f73804?s=96&d=mm&r=g\",\"url\":\"https:\\\/\\\/secure.gravatar.com\\\/avatar\\\/2f7b02af550080177c395439ce09d946a7ce117bc9991646ff5a60d592f73804?s=96&d=mm&r=g\",\"contentUrl\":\"https:\\\/\\\/secure.gravatar.com\\\/avatar\\\/2f7b02af550080177c395439ce09d946a7ce117bc9991646ff5a60d592f73804?s=96&d=mm&r=g\",\"caption\":\"Mar\u00eda Guinea\"},\"url\":\"http:\\\/\\\/activat9-cp344.wordpresstemporal.com\\\/observatorio_igualdad_y_empleo\\\/author\\\/mariag\\\/\"}]}<\/script>\n<!-- \/ Yoast SEO plugin. -->","yoast_head_json":{"title":"D\u00eda Europeo de las Microfinanzas - Observatorio de Igualdad y Empleo","robots":{"index":"index","follow":"follow","max-snippet":"max-snippet:-1","max-image-preview":"max-image-preview:large","max-video-preview":"max-video-preview:-1"},"canonical":"http:\/\/activat9-cp344.wordpresstemporal.com\/observatorio_igualdad_y_empleo\/dia-europeo-de-las-microfinanzas\/","og_locale":"es_ES","og_type":"article","og_title":"D\u00eda Europeo de las Microfinanzas - Observatorio de Igualdad y Empleo","og_description":"El pasado 15 de octubre se celebr\u00f3 el D\u00eda Europeo de las Microfinanzas y la Red Europea de Microfinanzas ha lanzado la campa\u00f1a \u00abManteniendo las puertas abiertas para tod@s l@s emprendedor@s\u00bb. Dentro del marco de esta campa\u00f1a se busca apoyar [\u2026]","og_url":"http:\/\/activat9-cp344.wordpresstemporal.com\/observatorio_igualdad_y_empleo\/dia-europeo-de-las-microfinanzas\/","og_site_name":"Observatorio de Igualdad y Empleo","article_publisher":"https:\/\/www.facebook.com\/fundacionmujeres","article_published_time":"2021-10-18T16:02:04+00:00","article_modified_time":"2022-11-23T09:20:57+00:00","og_image":[{"width":1754,"height":2481,"url":"http:\/\/activat9-cp344.wordpresstemporal.com\/observatorio_igualdad_y_empleo\/wp-content\/uploads\/2021\/10\/Dia-Europeo-Mzas-poster_WEB_page-0001-1.jpg","type":"image\/jpeg"}],"author":"Mar\u00eda Guinea","twitter_card":"summary_large_image","twitter_creator":"@fmujeres","twitter_site":"@fmujeres","twitter_misc":{"Escrito por":"Mar\u00eda Guinea","Tiempo de lectura":"1 minuto"},"schema":{"@context":"https:\/\/schema.org","@graph":[{"@type":"Article","@id":"http:\/\/activat9-cp344.wordpresstemporal.com\/observatorio_igualdad_y_empleo\/dia-europeo-de-las-microfinanzas\/#article","isPartOf":{"@id":"http:\/\/activat9-cp344.wordpresstemporal.com\/observatorio_igualdad_y_empleo\/dia-europeo-de-las-microfinanzas\/"},"author":{"name":"Mar\u00eda Guinea","@id":"http:\/\/activat9-cp344.wordpresstemporal.com\/observatorio_igualdad_y_empleo\/#\/schema\/person\/9c918cf45b2e2ff256a2332d8aef9311"},"headline":"D\u00eda Europeo de las Microfinanzas","datePublished":"2021-10-18T16:02:04+00:00","dateModified":"2022-11-23T09:20:57+00:00","mainEntityOfPage":{"@id":"http:\/\/activat9-cp344.wordpresstemporal.com\/observatorio_igualdad_y_empleo\/dia-europeo-de-las-microfinanzas\/"},"wordCount":196,"commentCount":0,"image":{"@id":"http:\/\/activat9-cp344.wordpresstemporal.com\/observatorio_igualdad_y_empleo\/dia-europeo-de-las-microfinanzas\/#primaryimage"},"thumbnailUrl":"http:\/\/activat9-cp344.wordpresstemporal.com\/observatorio_igualdad_y_empleo\/wp-content\/uploads\/2021\/10\/Dia-Europeo-Mzas-poster_WEB_page-0001-1.jpg","keywords":["Emprendimiento","Europa","microfinanzas"],"articleSection":["Emprendimiento"],"inLanguage":"es","potentialAction":[{"@type":"CommentAction","name":"Comment","target":["http:\/\/activat9-cp344.wordpresstemporal.com\/observatorio_igualdad_y_empleo\/dia-europeo-de-las-microfinanzas\/#respond"]}]},{"@type":"WebPage","@id":"http:\/\/activat9-cp344.wordpresstemporal.com\/observatorio_igualdad_y_empleo\/dia-europeo-de-las-microfinanzas\/","url":"http:\/\/activat9-cp344.wordpresstemporal.com\/observatorio_igualdad_y_empleo\/dia-europeo-de-las-microfinanzas\/","name":"D\u00eda Europeo de las Microfinanzas - Observatorio de Igualdad y Empleo","isPartOf":{"@id":"http:\/\/activat9-cp344.wordpresstemporal.com\/observatorio_igualdad_y_empleo\/#website"},"primaryImageOfPage":{"@id":"http:\/\/activat9-cp344.wordpresstemporal.com\/observatorio_igualdad_y_empleo\/dia-europeo-de-las-microfinanzas\/#primaryimage"},"image":{"@id":"http:\/\/activat9-cp344.wordpresstemporal.com\/observatorio_igualdad_y_empleo\/dia-europeo-de-las-microfinanzas\/#primaryimage"},"thumbnailUrl":"http:\/\/activat9-cp344.wordpresstemporal.com\/observatorio_igualdad_y_empleo\/wp-content\/uploads\/2021\/10\/Dia-Europeo-Mzas-poster_WEB_page-0001-1.jpg","datePublished":"2021-10-18T16:02:04+00:00","dateModified":"2022-11-23T09:20:57+00:00","author":{"@id":"http:\/\/activat9-cp344.wordpresstemporal.com\/observatorio_igualdad_y_empleo\/#\/schema\/person\/9c918cf45b2e2ff256a2332d8aef9311"},"breadcrumb":{"@id":"http:\/\/activat9-cp344.wordpresstemporal.com\/observatorio_igualdad_y_empleo\/dia-europeo-de-las-microfinanzas\/#breadcrumb"},"inLanguage":"es","potentialAction":[{"@type":"ReadAction","target":["http:\/\/activat9-cp344.wordpresstemporal.com\/observatorio_igualdad_y_empleo\/dia-europeo-de-las-microfinanzas\/"]}]},{"@type":"ImageObject","inLanguage":"es","@id":"http:\/\/activat9-cp344.wordpresstemporal.com\/observatorio_igualdad_y_empleo\/dia-europeo-de-las-microfinanzas\/#primaryimage","url":"http:\/\/activat9-cp344.wordpresstemporal.com\/observatorio_igualdad_y_empleo\/wp-content\/uploads\/2021\/10\/Dia-Europeo-Mzas-poster_WEB_page-0001-1.jpg","contentUrl":"http:\/\/activat9-cp344.wordpresstemporal.com\/observatorio_igualdad_y_empleo\/wp-content\/uploads\/2021\/10\/Dia-Europeo-Mzas-poster_WEB_page-0001-1.jpg","width":1754,"height":2481},{"@type":"BreadcrumbList","@id":"http:\/\/activat9-cp344.wordpresstemporal.com\/observatorio_igualdad_y_empleo\/dia-europeo-de-las-microfinanzas\/#breadcrumb","itemListElement":[{"@type":"ListItem","position":1,"name":"Portada","item":"http:\/\/activat9-cp344.wordpresstemporal.com\/observatorio_igualdad_y_empleo\/"},{"@type":"ListItem","position":2,"name":"D\u00eda Europeo de las Microfinanzas"}]},{"@type":"WebSite","@id":"http:\/\/activat9-cp344.wordpresstemporal.com\/observatorio_igualdad_y_empleo\/#website","url":"http:\/\/activat9-cp344.wordpresstemporal.com\/observatorio_igualdad_y_empleo\/","name":"Observatorio de Igualdad y Empleo","description":"Recopilatorio de conocimiento sobre igualdad  y empleo","potentialAction":[{"@type":"SearchAction","target":{"@type":"EntryPoint","urlTemplate":"http:\/\/activat9-cp344.wordpresstemporal.com\/observatorio_igualdad_y_empleo\/?s={search_term_string}"},"query-input":{"@type":"PropertyValueSpecification","valueRequired":true,"valueName":"search_term_string"}}],"inLanguage":"es"},{"@type":"Person","@id":"http:\/\/activat9-cp344.wordpresstemporal.com\/observatorio_igualdad_y_empleo\/#\/schema\/person\/9c918cf45b2e2ff256a2332d8aef9311","name":"Mar\u00eda Guinea","image":{"@type":"ImageObject","inLanguage":"es","@id":"https:\/\/secure.gravatar.com\/avatar\/2f7b02af550080177c395439ce09d946a7ce117bc9991646ff5a60d592f73804?s=96&d=mm&r=g","url":"https:\/\/secure.gravatar.com\/avatar\/2f7b02af550080177c395439ce09d946a7ce117bc9991646ff5a60d592f73804?s=96&d=mm&r=g","contentUrl":"https:\/\/secure.gravatar.com\/avatar\/2f7b02af550080177c395439ce09d946a7ce117bc9991646ff5a60d592f73804?s=96&d=mm&r=g","caption":"Mar\u00eda Guinea"},"url":"http:\/\/activat9-cp344.wordpresstemporal.com\/observatorio_igualdad_y_empleo\/author\/mariag\/"}]}},"_links":{"self":[{"href":"http:\/\/activat9-cp344.wordpresstemporal.com\/observatorio_igualdad_y_empleo\/wp-json\/wp\/v2\/posts\/13990","targetHints":{"allow":["GET"]}}],"collection":[{"href":"http:\/\/activat9-cp344.wordpresstemporal.com\/observatorio_igualdad_y_empleo\/wp-json\/wp\/v2\/posts"}],"about":[{"href":"http:\/\/activat9-cp344.wordpresstemporal.com\/observatorio_igualdad_y_empleo\/wp-json\/wp\/v2\/types\/post"}],"author":[{"embeddable":true,"href":"http:\/\/activat9-cp344.wordpresstemporal.com\/observatorio_igualdad_y_empleo\/wp-json\/wp\/v2\/users\/12"}],"replies":[{"embeddable":true,"href":"http:\/\/activat9-cp344.wordpresstemporal.com\/observatorio_igualdad_y_empleo\/wp-json\/wp\/v2\/comments?post=13990"}],"version-history":[{"count":1,"href":"http:\/\/activat9-cp344.wordpresstemporal.com\/observatorio_igualdad_y_empleo\/wp-json\/wp\/v2\/posts\/13990\/revisions"}],"predecessor-version":[{"id":13992,"href":"http:\/\/activat9-cp344.wordpresstemporal.com\/observatorio_igualdad_y_empleo\/wp-json\/wp\/v2\/posts\/13990\/revisions\/13992"}],"wp:featuredmedia":[{"embeddable":true,"href":"http:\/\/activat9-cp344.wordpresstemporal.com\/observatorio_igualdad_y_empleo\/wp-json\/wp\/v2\/media\/15620"}],"wp:attachment":[{"href":"http:\/\/activat9-cp344.wordpresstemporal.com\/observatorio_igualdad_y_empleo\/wp-json\/wp\/v2\/media?parent=13990"}],"wp:term":[{"taxonomy":"category","embeddable":true,"href":"http:\/\/activat9-cp344.wordpresstemporal.com\/observatorio_igualdad_y_empleo\/wp-json\/wp\/v2\/categories?post=13990"},{"taxonomy":"post_tag","embeddable":true,"href":"http:\/\/activat9-cp344.wordpresstemporal.com\/observatorio_igualdad_y_empleo\/wp-json\/wp\/v2\/tags?post=13990"}],"curies":[{"name":"wp","href":"https:\/\/api.w.org\/{rel}","templated":true}]}}