{"id":14314,"date":"2022-02-23T11:48:57","date_gmt":"2022-02-23T10:48:57","guid":{"rendered":"https:\/\/observatorioigualdadyempleo.es\/?p=14314"},"modified":"2025-01-09T12:37:56","modified_gmt":"2025-01-09T11:37:56","slug":"causas-de-la-brecha-salarial-entre-mujeres-y-hombres","status":"publish","type":"post","link":"http:\/\/activat9-cp344.wordpresstemporal.com\/observatorio_igualdad_y_empleo\/causas-de-la-brecha-salarial-entre-mujeres-y-hombres\/","title":{"rendered":"Causas de la brecha salarial entre mujeres y hombres"},"content":{"rendered":"<p>Cada 22 de febrero se celebra el D\u00eda Europeo de la Igualdad Salarial. Este a\u00f1o, desde el Observatorio de Igualdad y Empleo de la <a href=\"https:\/\/fundacionmujeres.es\/\" target=\"_blank\" rel=\"noopener\">Fundaci\u00f3n Mujeres<\/a> y en colaboraci\u00f3n con Twitter y la agencia <a href=\"https:\/\/www.shackletongroup.com\/\" target=\"_blank\" rel=\"noopener\">Shackleton<\/a>, se ha creado la campa\u00f1a #VerifiedforGood. Con ello, se pretende dar visibilidad y verificar que la realidad social: <a href=\"https:\/\/twitter.com\/BrechaSalarial\" target=\"_blank\" rel=\"noopener\">@BrechaSalarial<\/a> es aut\u00e9ntica y de inter\u00e9s p\u00fablico, como demuestra la\u00a0 informaci\u00f3n oficial, real y contrastada al respecto.<\/p>\n<p><span style=\"font-weight: 400;\">La perpetuaci\u00f3n de los roles sociales de g\u00e9nero afecta a la desigualdad entre mujeres y hombres en el \u00e1mbito laboral. Esto se manifiesta en realidades como\u00a0 la brecha salarial. Algunas de las causas que determinan dicha brecha son: la feminizaci\u00f3n de determinados sectores de actividad laboral, que afecta tanto a los \u00e1mbitos profesionales (segregaci\u00f3n horizontal) como al rango en la estructura organizativa (segregaci\u00f3n vertical); el nivel educativo alcanzado y requerido; los tipos de contratos; y los de jornada.<\/span><\/p>\n<h3><b>Feminizaci\u00f3n seg\u00fan sectores de actividad (segregaci\u00f3n horizontal):<\/b><\/h3>\n<p><span style=\"font-weight: 400;\">Existe una desigual distribuci\u00f3n de mujeres y hombres seg\u00fan sector y ocupaci\u00f3n. Es es debido al impacto de la divisi\u00f3n de roles de g\u00e9nero del \u00e1mbito dom\u00e9stico (trabajo productivo y trabajo reproductivo) en el mercado laboral. Las mujeres est\u00e1n sobrerrepresentadas en los sectores de actividad (educaci\u00f3n, servicios sociales, hosteler\u00eda, sanidad) y las ocupaciones (camareras, dependientas, administrativas, maestras, enfermeras) donde los salarios son inferiores. Por el contrario, los hombres est\u00e1n sobrerrepresentados en sectores relacionados con las \u00e1reas STEM cuyos salarios son superiores.\u00a0<\/span><\/p>\n<p><span style=\"font-weight: 400;\">Seg\u00fan los datos del<a href=\"https:\/\/www.ccoo.es\/d6358833d528a8efd7ef9ec0c12e8fc3000001.pdf\" target=\"_blank\" rel=\"noopener\"> informe de CCOO de febrero de 2019,<\/a>\u00a0 sectores laborales como sanidad, educaci\u00f3n o servicio dom\u00e9stico est\u00e1n ampliamente feminizados. Estos han sido los sectores de cuidados que han sufrido m\u00e1s el peso de la pandemia.\u00a0 <\/span><span style=\"font-weight: 400;\">As\u00ed mismo, la ganancia media anual femenina es de 21.012\u20ac, pero el 38% de las mujeres ocupadas trabaja en sectores cuya ganancia media anual es inferior, mientras que el porcentaje de hombres es del\u00a0 15%. En los sectores de ganancia media entre 21.012\u20ac y 30.000, el porcentaje de mujeres ocupadas es del 31%, frente al 63% de los hombres. Solo el 4% de las mujeres trabaja en sectores en los que la ganancia media anual femenina supera los 30.000 euros, mientras que el porcentaje de hombres alcanza el 24%.\u00a0<\/span><\/p>\n<p><span style=\"font-weight: 400;\">Por otro lado, el Informe sobre la <a href=\"https:\/\/www.weforum.org\/reports\/global-gender-gap-report-2021\" target=\"_blank\" rel=\"noopener\">brecha de g\u00e9nero global 2021<\/a> del Foro Econ\u00f3mico Mundial se\u00f1ala que las brechas de g\u00e9nero son m\u00e1s mayores en sectores que requieren habilidades t\u00e9cnicas disruptivas y en los que las mujeres est\u00e1n\u00a0 infrarrepresentadas. Por ejemplo, en Cloud Computing las mujeres representan el 14% de la fuerza laboral; en Ingenier\u00eda, 20%; y en Datos e IA, 32%.\u00a0\u00a0<\/span><\/p>\n<h3><b>Feminizaci\u00f3n seg\u00fan rango ocupacional (segregaci\u00f3n vertical):\u00a0<\/b><\/h3>\n<p><span style=\"font-weight: 400;\">El rango de ocupaci\u00f3n es otro factor determinante en la brecha salarial. Proporcionalmente, el porcentaje de mujeres en puestos de direcci\u00f3n y gesti\u00f3n, t\u00e9cnicos y de mayor cualificaci\u00f3n es inferior al de los hombres. Esta tendencia se invierte en los puestos m\u00e1s bajos de la estructura ocupacional. En consecuencia, los puestos para los que se requiere menor cualificaci\u00f3n y, por consiguiente, est\u00e1n peor remunerados, est\u00e1n m\u00e1s feminizados. Atendiendo a los niveles de brecha, alcanza un 33,2% en los puestos directivos y se reduce hasta el 11% en los puestos de menor cualificaci\u00f3n. Varios fen\u00f3menos se asocian a esta realidad: el techo de cristal (limita el ascenso de las mujeres a puestos de control y mejor retribuidos); el suelo pegajoso (ancla a las mujeres a la parte baja de la escala laboral); y la fuga de tuber\u00edas (talento femenino que se va perdiendo a lo largo de las carreras profesionales).\u00a0<\/span><\/p>\n<p><strong>En todos los grupos de ocupaci\u00f3n <\/strong><span style=\"font-weight: 400;\"><strong>la ganancia media de los hombres es superior a la de las mujeres <\/strong>y entre profesionales que desempe\u00f1an ocupaciones similares, el salario masculino supera al femenino.\u00a0\u00a0<\/span><\/p>\n<p><span style=\"font-weight: 400;\">Los\u00a0 datos, recogidos en el informe de CCOO son esclarecedores: el 36% de las mujeres trabaja en ocupaciones cuyo salario medio anual no llega a 15.000 euros brutos al a\u00f1o, mientras que no hay ninguna ocupaci\u00f3n laboral en la que el salario medio de los hombres est\u00e9 por debajo de 15.000 euros. A su vez, m\u00e1s de la mitad de los hombres trabaja en ocupaciones cuyo salario medio est\u00e1 entre 20.000 y 30.000 euros, frente al 23% de las mujeres. Solo el 21% de mujeres asalariadas desempe\u00f1an ocupaciones en las que su salario medio supera los 30.000 euros, frente al 30% de los hombres.\u00a0<\/span><\/p>\n<h3><b>Nivel educativo alcanzado y requerido:\u00a0<\/b><\/h3>\n<p><span style=\"font-weight: 400;\">Las mayores brechas salariales se dan entre los profesionales con formaci\u00f3n profesional de grado medio (58,2%), seguidas de las personas que tienen formaci\u00f3n universitaria (52,0%) y las que tienen estudios primarios (51,3%). La brecha m\u00e1s reducida se observa entre los hombres y las mujeres sin estudios (29,0%).<\/span><\/p>\n<h3><b>Tipo de contrato:\u00a0<\/b><\/h3>\n<p><span style=\"font-weight: 400;\">El tipo de contrato tambi\u00e9n influye en la remuneraci\u00f3n percibida.\u00a0<\/span><span style=\"font-weight: 400;\">Seg\u00fan los datos del informe de CCOO, la brecha salarial entre mujeres y hombres es mucho m\u00e1s acusada en los contratos indefinidos que en los contratos temporales. Probablemente la causa est\u00e1 en que una vez alcanzado el contrato indefinido, los hombres tienen una carrera profesional m\u00e1s larga y estable. Esto se debe a la ausencia de corresponsabilidad en el cuidado de los hijos y familiares. Todo ello supone mayores posibilidades de ascensos, promociones y mejoras salariales de ellos en comparaci\u00f3n con sus compa\u00f1eras.\u00a0<\/span><\/p>\n<h3><b>Tipo de jornada:\u00a0<\/b><\/h3>\n<p><span style=\"font-weight: 400;\">En lo relativo al tipo de jornada, el informe de CCOO concluye que el 18% de las personas trabajadoras en la UE lo hace bajo el r\u00e9gimen de jornada parcial. En el caso de las mujeres, el 30% de los contratos que tienen suscritos son para jornada parcial. En Espa\u00f1a el porcentaje disminuye hasta 25%. Holanda es el pa\u00eds europeo con mayores ratios de parcialidad: 75%. <\/span><\/p>\n<p><span style=\"font-weight: 400;\">Los motivos que llevan a las mujeres que concluyen contratos a jornada parcial son: cuidado de menores y dependientes (25%), dificultades para encontrar trabajos a jornada completa (23%) y\u00a0 otras responsabilidades familiares y personales (13%).\u00a0<\/span><\/p>\n<p>En conclusi\u00f3n, la segregaci\u00f3n vertical y horizontal por raz\u00f3n de g\u00e9nero, junto con el nivel educativo alcanzado, el tipo de contrato y el de jornada son determinantes en la persistencia de la brecha salarial entre mujeres y hombres. Todo ello es el reflejo de la perpetuaci\u00f3n de los tradicionales roles de g\u00e9nero en el mercado laboral.<\/p>\n<p><span style=\"font-weight: 400;\">Se recomienda consultar las fuentes originales de esta publicaci\u00f3n:\u00a0<\/span><a href=\"https:\/\/www.igualdadenlaempresa.es\/DIE\/jornadas\/monograficos\/docs\/determinantes_de_la_brecha_salarial_de_genero_en__espana.pdf\" target=\"_blank\" rel=\"noopener\">Determinantes de la Brecha Salarial de G\u00e9nero en Espa\u00f1a de la colecci\u00f3n Econom\u00eda Mujer Empresa del Ministerio de Sanidad, Servicios Sociales e Igualdad . <\/a><a href=\"https:\/\/www.pwc.es\/es\/publicaciones\/diversidad\/analisis-brecha-salarial-genero-espana-ceos-pwc.pdf\" target=\"_blank\" rel=\"noopener\">An\u00e1lisis de la brecha salarial de g\u00e9nero en Espa\u00f1a por PWC y la CEOE . <\/a><a href=\"https:\/\/www.ccoo.es\/d6358833d528a8efd7ef9ec0c12e8fc3000001.pdf\" target=\"_blank\" rel=\"noopener\"><span style=\"font-weight: 400;\">Informe Cuentas claras para ROMPER la BRECHA SALARIAL de CCOO de febrero de 2021 . <\/span><\/a><a href=\"https:\/\/mujeres360.org\/tecnologia\/informe-mundial-del-wef-sobre-la-brecha-de-genero-2021\/\" target=\"_blank\" rel=\"noopener\"><span style=\"font-weight: 400;\">An\u00e1lisis de Mujeres 360 sobre el Informe sobre la brecha de g\u00e9nero global 2021 del Foro Econ\u00f3mico Mundial<\/span><\/a><\/p>\n<p><span style=\"font-weight: 400;\">Podr\u00e1s consultar m\u00e1s informaci\u00f3n en materia de empleo con perspectiva de g\u00e9nero a trav\u00e9s del siguiente <\/span><a href=\"https:\/\/observatorioigualdadyempleo.es\/?s=empleo\"><span style=\"font-weight: 400;\">enlace <\/span><\/a><span style=\"font-weight: 400;\">del <\/span><b>Observatorio de Igualdad y Empleo<\/b><span style=\"font-weight: 400;\">.<\/span><\/p>\n<p><span style=\"font-weight: 400;\">El <\/span><b>Observatorio de Igualdad y Empleo<\/b><span style=\"font-weight: 400;\"> es una acci\u00f3n de divulgaci\u00f3n que forma parte del proyecto <\/span><a href=\"https:\/\/observatorioigualdadyempleo.es\/proyecto-dana\/\"><span style=\"font-weight: 400;\">DANA+<\/span><\/a><span style=\"font-weight: 400;\">, financiado por el <\/span><a href=\"https:\/\/ec.europa.eu\/social\/main.jsp?langId=es&amp;catId=325\"><span style=\"font-weight: 400;\">Fondo Social Europeo.<\/span><\/a><\/p>\n","protected":false},"excerpt":{"rendered":"<p>Cada 22 de febrero se celebra el D\u00eda Europeo de la Igualdad Salarial. Este a\u00f1o, desde el Observatorio de Igualdad y Empleo de la Fundaci\u00f3n Mujeres y en colaboraci\u00f3n con Twitter y la agencia Shackleton, se ha creado la campa\u00f1a<span class=\"excerpt-hellip\"> [\u2026]<\/span><\/p>\n","protected":false},"author":12,"featured_media":14863,"comment_status":"open","ping_status":"open","sticky":false,"template":"","format":"standard","meta":{"footnotes":""},"categories":[639,1223],"tags":[422,83,699,51,55,69,38,67,640],"class_list":["post-14314","post","type-post","status-publish","format-standard","has-post-thumbnail","hentry","category-campana-verifiedforgood","category-campanas","tag-422","tag-brecha-salarial","tag-campanas","tag-corresponsabilidad","tag-empleo","tag-espana","tag-igualdad-de-oportunidades","tag-union-europea","tag-verifiedforgood"],"yoast_head":"<!-- This site is optimized with the Yoast SEO plugin v27.5 - https:\/\/yoast.com\/product\/yoast-seo-wordpress\/ -->\n<title>Causas de la brecha salarial entre mujeres y hombres - Observatorio de Igualdad y Empleo<\/title>\n<meta name=\"robots\" content=\"index, follow, max-snippet:-1, max-image-preview:large, max-video-preview:-1\" \/>\n<link rel=\"canonical\" href=\"https:\/\/activat9-cp344.wordpresstemporal.com\/observatorio_igualdad_y_empleo\/causas-de-la-brecha-salarial-entre-mujeres-y-hombres\/\" \/>\n<meta property=\"og:locale\" content=\"es_ES\" \/>\n<meta property=\"og:type\" content=\"article\" \/>\n<meta property=\"og:title\" content=\"Causas de la brecha salarial entre mujeres y hombres - Observatorio de Igualdad y Empleo\" \/>\n<meta property=\"og:description\" content=\"Cada 22 de febrero se celebra el D\u00eda Europeo de la Igualdad Salarial. Este a\u00f1o, desde el Observatorio de Igualdad y Empleo de la Fundaci\u00f3n Mujeres y en colaboraci\u00f3n con Twitter y la agencia Shackleton, se ha creado la campa\u00f1a [\u2026]\" \/>\n<meta property=\"og:url\" content=\"https:\/\/activat9-cp344.wordpresstemporal.com\/observatorio_igualdad_y_empleo\/causas-de-la-brecha-salarial-entre-mujeres-y-hombres\/\" \/>\n<meta property=\"og:site_name\" content=\"Observatorio de Igualdad y Empleo\" \/>\n<meta property=\"article:publisher\" content=\"https:\/\/www.facebook.com\/fundacionmujeres\" \/>\n<meta property=\"article:published_time\" content=\"2022-02-23T10:48:57+00:00\" \/>\n<meta property=\"article:modified_time\" content=\"2025-01-09T11:37:56+00:00\" \/>\n<meta property=\"og:image\" content=\"https:\/\/activat9-cp344.wordpresstemporal.com\/observatorio_igualdad_y_empleo\/wp-content\/uploads\/2022\/02\/VFG-e1738234133323.jpg\" \/>\n\t<meta property=\"og:image:width\" content=\"1058\" \/>\n\t<meta property=\"og:image:height\" content=\"670\" \/>\n\t<meta property=\"og:image:type\" content=\"image\/jpeg\" \/>\n<meta name=\"author\" content=\"Mar\u00eda Guinea\" \/>\n<meta name=\"twitter:card\" content=\"summary_large_image\" \/>\n<meta name=\"twitter:creator\" content=\"@fmujeres\" \/>\n<meta name=\"twitter:site\" content=\"@fmujeres\" \/>\n<meta name=\"twitter:label1\" content=\"Escrito por\" \/>\n\t<meta name=\"twitter:data1\" content=\"Mar\u00eda Guinea\" \/>\n\t<meta name=\"twitter:label2\" content=\"Tiempo de lectura\" \/>\n\t<meta name=\"twitter:data2\" content=\"6 minutos\" \/>\n<script type=\"application\/ld+json\" class=\"yoast-schema-graph\">{\"@context\":\"https:\\\/\\\/schema.org\",\"@graph\":[{\"@type\":\"Article\",\"@id\":\"https:\\\/\\\/activat9-cp344.wordpresstemporal.com\\\/observatorio_igualdad_y_empleo\\\/causas-de-la-brecha-salarial-entre-mujeres-y-hombres\\\/#article\",\"isPartOf\":{\"@id\":\"https:\\\/\\\/activat9-cp344.wordpresstemporal.com\\\/observatorio_igualdad_y_empleo\\\/causas-de-la-brecha-salarial-entre-mujeres-y-hombres\\\/\"},\"author\":{\"name\":\"Mar\u00eda Guinea\",\"@id\":\"https:\\\/\\\/observatorioigualdadyempleo.es\\\/#\\\/schema\\\/person\\\/9c918cf45b2e2ff256a2332d8aef9311\"},\"headline\":\"Causas de la brecha salarial entre mujeres y hombres\",\"datePublished\":\"2022-02-23T10:48:57+00:00\",\"dateModified\":\"2025-01-09T11:37:56+00:00\",\"mainEntityOfPage\":{\"@id\":\"https:\\\/\\\/activat9-cp344.wordpresstemporal.com\\\/observatorio_igualdad_y_empleo\\\/causas-de-la-brecha-salarial-entre-mujeres-y-hombres\\\/\"},\"wordCount\":1216,\"commentCount\":0,\"image\":{\"@id\":\"https:\\\/\\\/activat9-cp344.wordpresstemporal.com\\\/observatorio_igualdad_y_empleo\\\/causas-de-la-brecha-salarial-entre-mujeres-y-hombres\\\/#primaryimage\"},\"thumbnailUrl\":\"http:\\\/\\\/activat9-cp344.wordpresstemporal.com\\\/observatorio_igualdad_y_empleo\\\/wp-content\\\/uploads\\\/2022\\\/02\\\/VFG-e1738234133323.jpg\",\"keywords\":[\"2022\",\"Brecha salarial\",\"Campa\u00f1as\",\"Corresponsabilidad\",\"Empleo\",\"Espa\u00f1a\",\"Igualdad de Oportunidades\",\"Uni\u00f3n Europea\",\"VerifiedforGood\"],\"articleSection\":[\"Campa\u00f1a #VerifiedforGood\",\"Campa\u00f1as\"],\"inLanguage\":\"es\",\"potentialAction\":[{\"@type\":\"CommentAction\",\"name\":\"Comment\",\"target\":[\"https:\\\/\\\/activat9-cp344.wordpresstemporal.com\\\/observatorio_igualdad_y_empleo\\\/causas-de-la-brecha-salarial-entre-mujeres-y-hombres\\\/#respond\"]}]},{\"@type\":\"WebPage\",\"@id\":\"https:\\\/\\\/activat9-cp344.wordpresstemporal.com\\\/observatorio_igualdad_y_empleo\\\/causas-de-la-brecha-salarial-entre-mujeres-y-hombres\\\/\",\"url\":\"https:\\\/\\\/activat9-cp344.wordpresstemporal.com\\\/observatorio_igualdad_y_empleo\\\/causas-de-la-brecha-salarial-entre-mujeres-y-hombres\\\/\",\"name\":\"Causas de la brecha salarial entre mujeres y hombres - Observatorio de Igualdad y Empleo\",\"isPartOf\":{\"@id\":\"https:\\\/\\\/observatorioigualdadyempleo.es\\\/#website\"},\"primaryImageOfPage\":{\"@id\":\"https:\\\/\\\/activat9-cp344.wordpresstemporal.com\\\/observatorio_igualdad_y_empleo\\\/causas-de-la-brecha-salarial-entre-mujeres-y-hombres\\\/#primaryimage\"},\"image\":{\"@id\":\"https:\\\/\\\/activat9-cp344.wordpresstemporal.com\\\/observatorio_igualdad_y_empleo\\\/causas-de-la-brecha-salarial-entre-mujeres-y-hombres\\\/#primaryimage\"},\"thumbnailUrl\":\"http:\\\/\\\/activat9-cp344.wordpresstemporal.com\\\/observatorio_igualdad_y_empleo\\\/wp-content\\\/uploads\\\/2022\\\/02\\\/VFG-e1738234133323.jpg\",\"datePublished\":\"2022-02-23T10:48:57+00:00\",\"dateModified\":\"2025-01-09T11:37:56+00:00\",\"author\":{\"@id\":\"https:\\\/\\\/observatorioigualdadyempleo.es\\\/#\\\/schema\\\/person\\\/9c918cf45b2e2ff256a2332d8aef9311\"},\"breadcrumb\":{\"@id\":\"https:\\\/\\\/activat9-cp344.wordpresstemporal.com\\\/observatorio_igualdad_y_empleo\\\/causas-de-la-brecha-salarial-entre-mujeres-y-hombres\\\/#breadcrumb\"},\"inLanguage\":\"es\",\"potentialAction\":[{\"@type\":\"ReadAction\",\"target\":[\"https:\\\/\\\/activat9-cp344.wordpresstemporal.com\\\/observatorio_igualdad_y_empleo\\\/causas-de-la-brecha-salarial-entre-mujeres-y-hombres\\\/\"]}]},{\"@type\":\"ImageObject\",\"inLanguage\":\"es\",\"@id\":\"https:\\\/\\\/activat9-cp344.wordpresstemporal.com\\\/observatorio_igualdad_y_empleo\\\/causas-de-la-brecha-salarial-entre-mujeres-y-hombres\\\/#primaryimage\",\"url\":\"http:\\\/\\\/activat9-cp344.wordpresstemporal.com\\\/observatorio_igualdad_y_empleo\\\/wp-content\\\/uploads\\\/2022\\\/02\\\/VFG-e1738234133323.jpg\",\"contentUrl\":\"http:\\\/\\\/activat9-cp344.wordpresstemporal.com\\\/observatorio_igualdad_y_empleo\\\/wp-content\\\/uploads\\\/2022\\\/02\\\/VFG-e1738234133323.jpg\",\"width\":1058,\"height\":670},{\"@type\":\"BreadcrumbList\",\"@id\":\"https:\\\/\\\/activat9-cp344.wordpresstemporal.com\\\/observatorio_igualdad_y_empleo\\\/causas-de-la-brecha-salarial-entre-mujeres-y-hombres\\\/#breadcrumb\",\"itemListElement\":[{\"@type\":\"ListItem\",\"position\":1,\"name\":\"Portada\",\"item\":\"https:\\\/\\\/observatorioigualdadyempleo.es\\\/\"},{\"@type\":\"ListItem\",\"position\":2,\"name\":\"Causas de la brecha salarial entre mujeres y hombres\"}]},{\"@type\":\"WebSite\",\"@id\":\"https:\\\/\\\/observatorioigualdadyempleo.es\\\/#website\",\"url\":\"https:\\\/\\\/observatorioigualdadyempleo.es\\\/\",\"name\":\"Observatorio de Igualdad y Empleo\",\"description\":\"Recopilatorio de conocimiento sobre igualdad  y empleo\",\"potentialAction\":[{\"@type\":\"SearchAction\",\"target\":{\"@type\":\"EntryPoint\",\"urlTemplate\":\"https:\\\/\\\/observatorioigualdadyempleo.es\\\/?s={search_term_string}\"},\"query-input\":{\"@type\":\"PropertyValueSpecification\",\"valueRequired\":true,\"valueName\":\"search_term_string\"}}],\"inLanguage\":\"es\"},{\"@type\":\"Person\",\"@id\":\"https:\\\/\\\/observatorioigualdadyempleo.es\\\/#\\\/schema\\\/person\\\/9c918cf45b2e2ff256a2332d8aef9311\",\"name\":\"Mar\u00eda Guinea\",\"image\":{\"@type\":\"ImageObject\",\"inLanguage\":\"es\",\"@id\":\"https:\\\/\\\/secure.gravatar.com\\\/avatar\\\/2f7b02af550080177c395439ce09d946a7ce117bc9991646ff5a60d592f73804?s=96&d=mm&r=g\",\"url\":\"https:\\\/\\\/secure.gravatar.com\\\/avatar\\\/2f7b02af550080177c395439ce09d946a7ce117bc9991646ff5a60d592f73804?s=96&d=mm&r=g\",\"contentUrl\":\"https:\\\/\\\/secure.gravatar.com\\\/avatar\\\/2f7b02af550080177c395439ce09d946a7ce117bc9991646ff5a60d592f73804?s=96&d=mm&r=g\",\"caption\":\"Mar\u00eda Guinea\"},\"url\":\"http:\\\/\\\/activat9-cp344.wordpresstemporal.com\\\/observatorio_igualdad_y_empleo\\\/author\\\/mariag\\\/\"}]}<\/script>\n<!-- \/ Yoast SEO plugin. -->","yoast_head_json":{"title":"Causas de la brecha salarial entre mujeres y hombres - Observatorio de Igualdad y Empleo","robots":{"index":"index","follow":"follow","max-snippet":"max-snippet:-1","max-image-preview":"max-image-preview:large","max-video-preview":"max-video-preview:-1"},"canonical":"https:\/\/activat9-cp344.wordpresstemporal.com\/observatorio_igualdad_y_empleo\/causas-de-la-brecha-salarial-entre-mujeres-y-hombres\/","og_locale":"es_ES","og_type":"article","og_title":"Causas de la brecha salarial entre mujeres y hombres - Observatorio de Igualdad y Empleo","og_description":"Cada 22 de febrero se celebra el D\u00eda Europeo de la Igualdad Salarial. Este a\u00f1o, desde el Observatorio de Igualdad y Empleo de la Fundaci\u00f3n Mujeres y en colaboraci\u00f3n con Twitter y la agencia Shackleton, se ha creado la campa\u00f1a [\u2026]","og_url":"https:\/\/activat9-cp344.wordpresstemporal.com\/observatorio_igualdad_y_empleo\/causas-de-la-brecha-salarial-entre-mujeres-y-hombres\/","og_site_name":"Observatorio de Igualdad y Empleo","article_publisher":"https:\/\/www.facebook.com\/fundacionmujeres","article_published_time":"2022-02-23T10:48:57+00:00","article_modified_time":"2025-01-09T11:37:56+00:00","og_image":[{"width":1058,"height":670,"url":"https:\/\/activat9-cp344.wordpresstemporal.com\/observatorio_igualdad_y_empleo\/wp-content\/uploads\/2022\/02\/VFG-e1738234133323.jpg","type":"image\/jpeg"}],"author":"Mar\u00eda Guinea","twitter_card":"summary_large_image","twitter_creator":"@fmujeres","twitter_site":"@fmujeres","twitter_misc":{"Escrito por":"Mar\u00eda Guinea","Tiempo de lectura":"6 minutos"},"schema":{"@context":"https:\/\/schema.org","@graph":[{"@type":"Article","@id":"https:\/\/activat9-cp344.wordpresstemporal.com\/observatorio_igualdad_y_empleo\/causas-de-la-brecha-salarial-entre-mujeres-y-hombres\/#article","isPartOf":{"@id":"https:\/\/activat9-cp344.wordpresstemporal.com\/observatorio_igualdad_y_empleo\/causas-de-la-brecha-salarial-entre-mujeres-y-hombres\/"},"author":{"name":"Mar\u00eda Guinea","@id":"https:\/\/observatorioigualdadyempleo.es\/#\/schema\/person\/9c918cf45b2e2ff256a2332d8aef9311"},"headline":"Causas de la brecha salarial entre mujeres y hombres","datePublished":"2022-02-23T10:48:57+00:00","dateModified":"2025-01-09T11:37:56+00:00","mainEntityOfPage":{"@id":"https:\/\/activat9-cp344.wordpresstemporal.com\/observatorio_igualdad_y_empleo\/causas-de-la-brecha-salarial-entre-mujeres-y-hombres\/"},"wordCount":1216,"commentCount":0,"image":{"@id":"https:\/\/activat9-cp344.wordpresstemporal.com\/observatorio_igualdad_y_empleo\/causas-de-la-brecha-salarial-entre-mujeres-y-hombres\/#primaryimage"},"thumbnailUrl":"http:\/\/activat9-cp344.wordpresstemporal.com\/observatorio_igualdad_y_empleo\/wp-content\/uploads\/2022\/02\/VFG-e1738234133323.jpg","keywords":["2022","Brecha salarial","Campa\u00f1as","Corresponsabilidad","Empleo","Espa\u00f1a","Igualdad de Oportunidades","Uni\u00f3n Europea","VerifiedforGood"],"articleSection":["Campa\u00f1a #VerifiedforGood","Campa\u00f1as"],"inLanguage":"es","potentialAction":[{"@type":"CommentAction","name":"Comment","target":["https:\/\/activat9-cp344.wordpresstemporal.com\/observatorio_igualdad_y_empleo\/causas-de-la-brecha-salarial-entre-mujeres-y-hombres\/#respond"]}]},{"@type":"WebPage","@id":"https:\/\/activat9-cp344.wordpresstemporal.com\/observatorio_igualdad_y_empleo\/causas-de-la-brecha-salarial-entre-mujeres-y-hombres\/","url":"https:\/\/activat9-cp344.wordpresstemporal.com\/observatorio_igualdad_y_empleo\/causas-de-la-brecha-salarial-entre-mujeres-y-hombres\/","name":"Causas de la brecha salarial entre mujeres y hombres - Observatorio de Igualdad y Empleo","isPartOf":{"@id":"https:\/\/observatorioigualdadyempleo.es\/#website"},"primaryImageOfPage":{"@id":"https:\/\/activat9-cp344.wordpresstemporal.com\/observatorio_igualdad_y_empleo\/causas-de-la-brecha-salarial-entre-mujeres-y-hombres\/#primaryimage"},"image":{"@id":"https:\/\/activat9-cp344.wordpresstemporal.com\/observatorio_igualdad_y_empleo\/causas-de-la-brecha-salarial-entre-mujeres-y-hombres\/#primaryimage"},"thumbnailUrl":"http:\/\/activat9-cp344.wordpresstemporal.com\/observatorio_igualdad_y_empleo\/wp-content\/uploads\/2022\/02\/VFG-e1738234133323.jpg","datePublished":"2022-02-23T10:48:57+00:00","dateModified":"2025-01-09T11:37:56+00:00","author":{"@id":"https:\/\/observatorioigualdadyempleo.es\/#\/schema\/person\/9c918cf45b2e2ff256a2332d8aef9311"},"breadcrumb":{"@id":"https:\/\/activat9-cp344.wordpresstemporal.com\/observatorio_igualdad_y_empleo\/causas-de-la-brecha-salarial-entre-mujeres-y-hombres\/#breadcrumb"},"inLanguage":"es","potentialAction":[{"@type":"ReadAction","target":["https:\/\/activat9-cp344.wordpresstemporal.com\/observatorio_igualdad_y_empleo\/causas-de-la-brecha-salarial-entre-mujeres-y-hombres\/"]}]},{"@type":"ImageObject","inLanguage":"es","@id":"https:\/\/activat9-cp344.wordpresstemporal.com\/observatorio_igualdad_y_empleo\/causas-de-la-brecha-salarial-entre-mujeres-y-hombres\/#primaryimage","url":"http:\/\/activat9-cp344.wordpresstemporal.com\/observatorio_igualdad_y_empleo\/wp-content\/uploads\/2022\/02\/VFG-e1738234133323.jpg","contentUrl":"http:\/\/activat9-cp344.wordpresstemporal.com\/observatorio_igualdad_y_empleo\/wp-content\/uploads\/2022\/02\/VFG-e1738234133323.jpg","width":1058,"height":670},{"@type":"BreadcrumbList","@id":"https:\/\/activat9-cp344.wordpresstemporal.com\/observatorio_igualdad_y_empleo\/causas-de-la-brecha-salarial-entre-mujeres-y-hombres\/#breadcrumb","itemListElement":[{"@type":"ListItem","position":1,"name":"Portada","item":"https:\/\/observatorioigualdadyempleo.es\/"},{"@type":"ListItem","position":2,"name":"Causas de la brecha salarial entre mujeres y hombres"}]},{"@type":"WebSite","@id":"https:\/\/observatorioigualdadyempleo.es\/#website","url":"https:\/\/observatorioigualdadyempleo.es\/","name":"Observatorio de Igualdad y Empleo","description":"Recopilatorio de conocimiento sobre igualdad  y empleo","potentialAction":[{"@type":"SearchAction","target":{"@type":"EntryPoint","urlTemplate":"https:\/\/observatorioigualdadyempleo.es\/?s={search_term_string}"},"query-input":{"@type":"PropertyValueSpecification","valueRequired":true,"valueName":"search_term_string"}}],"inLanguage":"es"},{"@type":"Person","@id":"https:\/\/observatorioigualdadyempleo.es\/#\/schema\/person\/9c918cf45b2e2ff256a2332d8aef9311","name":"Mar\u00eda Guinea","image":{"@type":"ImageObject","inLanguage":"es","@id":"https:\/\/secure.gravatar.com\/avatar\/2f7b02af550080177c395439ce09d946a7ce117bc9991646ff5a60d592f73804?s=96&d=mm&r=g","url":"https:\/\/secure.gravatar.com\/avatar\/2f7b02af550080177c395439ce09d946a7ce117bc9991646ff5a60d592f73804?s=96&d=mm&r=g","contentUrl":"https:\/\/secure.gravatar.com\/avatar\/2f7b02af550080177c395439ce09d946a7ce117bc9991646ff5a60d592f73804?s=96&d=mm&r=g","caption":"Mar\u00eda Guinea"},"url":"http:\/\/activat9-cp344.wordpresstemporal.com\/observatorio_igualdad_y_empleo\/author\/mariag\/"}]}},"_links":{"self":[{"href":"http:\/\/activat9-cp344.wordpresstemporal.com\/observatorio_igualdad_y_empleo\/wp-json\/wp\/v2\/posts\/14314","targetHints":{"allow":["GET"]}}],"collection":[{"href":"http:\/\/activat9-cp344.wordpresstemporal.com\/observatorio_igualdad_y_empleo\/wp-json\/wp\/v2\/posts"}],"about":[{"href":"http:\/\/activat9-cp344.wordpresstemporal.com\/observatorio_igualdad_y_empleo\/wp-json\/wp\/v2\/types\/post"}],"author":[{"embeddable":true,"href":"http:\/\/activat9-cp344.wordpresstemporal.com\/observatorio_igualdad_y_empleo\/wp-json\/wp\/v2\/users\/12"}],"replies":[{"embeddable":true,"href":"http:\/\/activat9-cp344.wordpresstemporal.com\/observatorio_igualdad_y_empleo\/wp-json\/wp\/v2\/comments?post=14314"}],"version-history":[{"count":9,"href":"http:\/\/activat9-cp344.wordpresstemporal.com\/observatorio_igualdad_y_empleo\/wp-json\/wp\/v2\/posts\/14314\/revisions"}],"predecessor-version":[{"id":14864,"href":"http:\/\/activat9-cp344.wordpresstemporal.com\/observatorio_igualdad_y_empleo\/wp-json\/wp\/v2\/posts\/14314\/revisions\/14864"}],"wp:featuredmedia":[{"embeddable":true,"href":"http:\/\/activat9-cp344.wordpresstemporal.com\/observatorio_igualdad_y_empleo\/wp-json\/wp\/v2\/media\/14863"}],"wp:attachment":[{"href":"http:\/\/activat9-cp344.wordpresstemporal.com\/observatorio_igualdad_y_empleo\/wp-json\/wp\/v2\/media?parent=14314"}],"wp:term":[{"taxonomy":"category","embeddable":true,"href":"http:\/\/activat9-cp344.wordpresstemporal.com\/observatorio_igualdad_y_empleo\/wp-json\/wp\/v2\/categories?post=14314"},{"taxonomy":"post_tag","embeddable":true,"href":"http:\/\/activat9-cp344.wordpresstemporal.com\/observatorio_igualdad_y_empleo\/wp-json\/wp\/v2\/tags?post=14314"}],"curies":[{"name":"wp","href":"https:\/\/api.w.org\/{rel}","templated":true}]}}