{"id":15578,"date":"2022-11-14T12:30:08","date_gmt":"2022-11-14T11:30:08","guid":{"rendered":"https:\/\/observatorioigualdadyempleo.es\/?p=15578"},"modified":"2025-01-09T12:30:29","modified_gmt":"2025-01-09T11:30:29","slug":"15578-2","status":"publish","type":"post","link":"http:\/\/activat9-cp344.wordpresstemporal.com\/observatorio_igualdad_y_empleo\/15578-2\/","title":{"rendered":"Campa\u00f1a #EmprendedorasSosteniblesFM. Empoderamiento para el emprendimiento"},"content":{"rendered":"<p>El <strong>19 de noviembre<\/strong> se conmemora el <strong>D\u00eda Internacional de las Mujeres Emprendedoras.<\/strong> Desde Fundaci\u00f3n Mujeres consideramos imprescindible difundir el impacto de los emprendimientos liderados por mujeres. Este a\u00f1o queremos centrarnos en aquellos que, a trav\u00e9s de modelos de negocio sostenibles, generan cambios a nivel econ\u00f3mico, social y medioambiental.<\/p>\n<h3>Empoderamiento para el emprendimiento<\/h3>\n<p>Los <a href=\"https:\/\/fundacionmujeres.es\/?s=Emprendimiento\" target=\"_blank\" rel=\"noopener\"><span style=\"text-decoration: underline;\">itinerarios de Fundaci\u00f3n Mujeres centrados en el emprendimiento<\/span><\/a> desarrollan sus actividades desde la mejora del empoderamiento para el emprendimiento.\u00a0 Su objetivo principal, por tanto, es el desarrollo de actitudes y aptitudes que faciliten el acceso al empleo, como: el liderazgo, la toma de decisiones y la capacitaci\u00f3n de iniciativas empresariales. En este sentido, es necesario facilitar pautas que les ayuden a planificar, adecuadamente su proceso de definici\u00f3n y maduraci\u00f3n de su idea de negocio, analizando los procesos y determinando las nuevas necesidades para las que se deber\u00e1n fijar nuevas metas.<\/p>\n<p>Si se logra incrementar la participaci\u00f3n de las mujeres en la actividad empresarial, procurando tambi\u00e9n una ampliaci\u00f3n de perfiles y del abanico de actividades en las que se desarrollan, se producir\u00e1 un incremento de la masa cr\u00edtica capaz de reducir la brecha de g\u00e9nero en el emprendimiento y mejorando las posibilidades de las mujeres de beneficiarse de las inversiones previstas para los pr\u00f3ximos meses en las pol\u00edticas p\u00fablicas.<\/p>\n<h3>Campa\u00f1a #EmprendedorasSosteniblesFM<\/h3>\n<p>En el marco de la celebraci\u00f3n del <strong>D\u00eda Internacional de la Mujer Emprendedora<\/strong> que se conmemora el <strong>19 de noviembre<\/strong>, desde Fundaci\u00f3n Mujeres se pone en marcha la <strong><a href=\"http:\/\/www.circuloempresarias.net\/19n-dia-internacional-de-las-mujeres-emprendedoras-2022\/\" target=\"_blank\" rel=\"noopener\">campa\u00f1a #EmprendedorasSosteniblesFM<\/a> <\/strong>entre los d\u00edas <strong>14 y 22 de noviembre. <\/strong>Con esta campa\u00f1a se busca ofrecer a emprendedoras y empresarias la posibilidad de participar en un abanico de actividades especialmente dise\u00f1ado para que las mujeres compartan espacios de reflexi\u00f3n y aprendizaje comunes. Las actividades programadas incluyen: un encuentro; workshop; tertulia; grupos activatenred; talleres; y consejos de nuestras empresarias, que se desarrollar\u00e1n en formato presencial o de forma online.<\/p>\n<p>Si quieres participar en el encuentro para emprendedoras y empresarias que se realizar\u00e1 el 16 de noviembre en A Coru\u00f1a puedes inscribirte <a href=\"https:\/\/docs.google.com\/forms\/d\/e\/1FAIpQLSeC8tTzq7eyFVqY1-FUmPZhxxkN_6oy3jJZQbq-WxsK4KBPVA\/viewform\" target=\"_blank\" rel=\"noopener\">AQU\u00cd .<\/a>Tambi\u00e9n puedes seguir el encuentro a trav\u00e9s de <a href=\"https:\/\/www.youtube.com\/watch?v=bz1MujmhVok\" target=\"_blank\" rel=\"noopener\">YouTube.\u00a0<\/a><\/p>\n<p>Para obtener m\u00e1s informaci\u00f3n sobre las actividades de campa\u00f1a, puedes acceder a su<a href=\"http:\/\/www.circuloempresarias.net\/19n-dia-internacional-de-las-mujeres-emprendedoras-2022\/\" target=\"_blank\" rel=\"noopener\"> p\u00e1gina principal.\u00a0<\/a><\/p>\n<p>La campa\u00f1a<strong>\u00a0#EmprendedorasSosteniblesFM<\/strong>\u00a0se encuentra dentro EI Emprendimiento y est\u00e1 financiado por el Ministerio de Derechos Sociales y Agenda 2030.<\/p>\n<p>Puedes consultar m\u00e1s informaci\u00f3n en materia de empresas en el\u00a0<a href=\"https:\/\/observatorioigualdadyempleo.es\/?s=empresas\" target=\"_blank\" rel=\"noopener\"><strong>Observatorio de Igualdad y Empleo<\/strong>.<\/a><\/p>\n<p>El\u00a0<strong>Observatorio de Igualdad y Empleo<\/strong>\u00a0es una acci\u00f3n de divulgaci\u00f3n que forma parte del proyecto\u00a0<strong>DANA+<\/strong>, financiado por el\u00a0<a href=\"https:\/\/ec.europa.eu\/social\/main.jsp?langId=es&amp;catId=325\">Fondo Social Europeo- Programa Operativo de Inclusi\u00f3n Social y Econom\u00eda.\u00a0<\/a><\/p>\n","protected":false},"excerpt":{"rendered":"<p>El 19 de noviembre se conmemora el D\u00eda Internacional de las Mujeres Emprendedoras. Desde Fundaci\u00f3n Mujeres consideramos imprescindible difundir el impacto de los emprendimientos liderados por mujeres. Este a\u00f1o queremos centrarnos en aquellos que, a trav\u00e9s de modelos de negocio<span class=\"excerpt-hellip\"> [\u2026]<\/span><\/p>\n","protected":false},"author":12,"featured_media":15582,"comment_status":"open","ping_status":"open","sticky":false,"template":"","format":"standard","meta":{"footnotes":""},"categories":[1223,183],"tags":[679,422,196,699,62,47,59,38],"class_list":["post-15578","post","type-post","status-publish","format-standard","has-post-thumbnail","hentry","category-campanas","category-emprendimiento","tag-emprendedorassosteniblesfm","tag-422","tag-brecha","tag-campanas","tag-emprendimiento","tag-empresa","tag-enfoque-de-genero","tag-igualdad-de-oportunidades"],"yoast_head":"<!-- This site is optimized with the Yoast SEO plugin v27.5 - https:\/\/yoast.com\/product\/yoast-seo-wordpress\/ -->\n<title>Campa\u00f1a #EmprendedorasSosteniblesFM. Empoderamiento para el emprendimiento - Observatorio de Igualdad y Empleo<\/title>\n<meta name=\"robots\" content=\"index, follow, max-snippet:-1, max-image-preview:large, max-video-preview:-1\" \/>\n<link rel=\"canonical\" href=\"http:\/\/activat9-cp344.wordpresstemporal.com\/observatorio_igualdad_y_empleo\/15578-2\/\" \/>\n<meta property=\"og:locale\" content=\"es_ES\" \/>\n<meta property=\"og:type\" content=\"article\" \/>\n<meta property=\"og:title\" content=\"Campa\u00f1a #EmprendedorasSosteniblesFM. Empoderamiento para el emprendimiento - Observatorio de Igualdad y Empleo\" \/>\n<meta property=\"og:description\" content=\"El 19 de noviembre se conmemora el D\u00eda Internacional de las Mujeres Emprendedoras. Desde Fundaci\u00f3n Mujeres consideramos imprescindible difundir el impacto de los emprendimientos liderados por mujeres. Este a\u00f1o queremos centrarnos en aquellos que, a trav\u00e9s de modelos de negocio [\u2026]\" \/>\n<meta property=\"og:url\" content=\"http:\/\/activat9-cp344.wordpresstemporal.com\/observatorio_igualdad_y_empleo\/15578-2\/\" \/>\n<meta property=\"og:site_name\" content=\"Observatorio de Igualdad y Empleo\" \/>\n<meta property=\"article:publisher\" content=\"https:\/\/www.facebook.com\/fundacionmujeres\" \/>\n<meta property=\"article:published_time\" content=\"2022-11-14T11:30:08+00:00\" \/>\n<meta property=\"article:modified_time\" content=\"2025-01-09T11:30:29+00:00\" \/>\n<meta property=\"og:image\" content=\"http:\/\/activat9-cp344.wordpresstemporal.com\/observatorio_igualdad_y_empleo\/wp-content\/uploads\/2022\/11\/Modelo-Eventos-Noticias-y-RRSS-19N.png\" \/>\n\t<meta property=\"og:image:width\" content=\"600\" \/>\n\t<meta property=\"og:image:height\" content=\"350\" \/>\n\t<meta property=\"og:image:type\" content=\"image\/png\" \/>\n<meta name=\"author\" content=\"Mar\u00eda Guinea\" \/>\n<meta name=\"twitter:card\" content=\"summary_large_image\" \/>\n<meta name=\"twitter:creator\" content=\"@fmujeres\" \/>\n<meta name=\"twitter:site\" content=\"@fmujeres\" \/>\n<meta name=\"twitter:label1\" content=\"Escrito por\" \/>\n\t<meta name=\"twitter:data1\" content=\"Mar\u00eda Guinea\" \/>\n\t<meta name=\"twitter:label2\" content=\"Tiempo de lectura\" \/>\n\t<meta name=\"twitter:data2\" content=\"2 minutos\" \/>\n<script type=\"application\/ld+json\" class=\"yoast-schema-graph\">{\"@context\":\"https:\\\/\\\/schema.org\",\"@graph\":[{\"@type\":\"Article\",\"@id\":\"http:\\\/\\\/activat9-cp344.wordpresstemporal.com\\\/observatorio_igualdad_y_empleo\\\/15578-2\\\/#article\",\"isPartOf\":{\"@id\":\"http:\\\/\\\/activat9-cp344.wordpresstemporal.com\\\/observatorio_igualdad_y_empleo\\\/15578-2\\\/\"},\"author\":{\"name\":\"Mar\u00eda Guinea\",\"@id\":\"http:\\\/\\\/activat9-cp344.wordpresstemporal.com\\\/observatorio_igualdad_y_empleo\\\/#\\\/schema\\\/person\\\/9c918cf45b2e2ff256a2332d8aef9311\"},\"headline\":\"Campa\u00f1a #EmprendedorasSosteniblesFM. Empoderamiento para el emprendimiento\",\"datePublished\":\"2022-11-14T11:30:08+00:00\",\"dateModified\":\"2025-01-09T11:30:29+00:00\",\"mainEntityOfPage\":{\"@id\":\"http:\\\/\\\/activat9-cp344.wordpresstemporal.com\\\/observatorio_igualdad_y_empleo\\\/15578-2\\\/\"},\"wordCount\":465,\"commentCount\":0,\"image\":{\"@id\":\"http:\\\/\\\/activat9-cp344.wordpresstemporal.com\\\/observatorio_igualdad_y_empleo\\\/15578-2\\\/#primaryimage\"},\"thumbnailUrl\":\"http:\\\/\\\/activat9-cp344.wordpresstemporal.com\\\/observatorio_igualdad_y_empleo\\\/wp-content\\\/uploads\\\/2022\\\/11\\\/Modelo-Eventos-Noticias-y-RRSS-19N.png\",\"keywords\":[\"#EmprendedorasSosteniblesFM\",\"2022\",\"Brecha\",\"Campa\u00f1as\",\"Emprendimiento\",\"Empresa\",\"Enfoque de g\u00e9nero\",\"Igualdad de Oportunidades\"],\"articleSection\":[\"Campa\u00f1as\",\"Emprendimiento\"],\"inLanguage\":\"es\",\"potentialAction\":[{\"@type\":\"CommentAction\",\"name\":\"Comment\",\"target\":[\"http:\\\/\\\/activat9-cp344.wordpresstemporal.com\\\/observatorio_igualdad_y_empleo\\\/15578-2\\\/#respond\"]}]},{\"@type\":\"WebPage\",\"@id\":\"http:\\\/\\\/activat9-cp344.wordpresstemporal.com\\\/observatorio_igualdad_y_empleo\\\/15578-2\\\/\",\"url\":\"http:\\\/\\\/activat9-cp344.wordpresstemporal.com\\\/observatorio_igualdad_y_empleo\\\/15578-2\\\/\",\"name\":\"Campa\u00f1a #EmprendedorasSosteniblesFM. Empoderamiento para el emprendimiento - Observatorio de Igualdad y Empleo\",\"isPartOf\":{\"@id\":\"http:\\\/\\\/activat9-cp344.wordpresstemporal.com\\\/observatorio_igualdad_y_empleo\\\/#website\"},\"primaryImageOfPage\":{\"@id\":\"http:\\\/\\\/activat9-cp344.wordpresstemporal.com\\\/observatorio_igualdad_y_empleo\\\/15578-2\\\/#primaryimage\"},\"image\":{\"@id\":\"http:\\\/\\\/activat9-cp344.wordpresstemporal.com\\\/observatorio_igualdad_y_empleo\\\/15578-2\\\/#primaryimage\"},\"thumbnailUrl\":\"http:\\\/\\\/activat9-cp344.wordpresstemporal.com\\\/observatorio_igualdad_y_empleo\\\/wp-content\\\/uploads\\\/2022\\\/11\\\/Modelo-Eventos-Noticias-y-RRSS-19N.png\",\"datePublished\":\"2022-11-14T11:30:08+00:00\",\"dateModified\":\"2025-01-09T11:30:29+00:00\",\"author\":{\"@id\":\"http:\\\/\\\/activat9-cp344.wordpresstemporal.com\\\/observatorio_igualdad_y_empleo\\\/#\\\/schema\\\/person\\\/9c918cf45b2e2ff256a2332d8aef9311\"},\"breadcrumb\":{\"@id\":\"http:\\\/\\\/activat9-cp344.wordpresstemporal.com\\\/observatorio_igualdad_y_empleo\\\/15578-2\\\/#breadcrumb\"},\"inLanguage\":\"es\",\"potentialAction\":[{\"@type\":\"ReadAction\",\"target\":[\"http:\\\/\\\/activat9-cp344.wordpresstemporal.com\\\/observatorio_igualdad_y_empleo\\\/15578-2\\\/\"]}]},{\"@type\":\"ImageObject\",\"inLanguage\":\"es\",\"@id\":\"http:\\\/\\\/activat9-cp344.wordpresstemporal.com\\\/observatorio_igualdad_y_empleo\\\/15578-2\\\/#primaryimage\",\"url\":\"http:\\\/\\\/activat9-cp344.wordpresstemporal.com\\\/observatorio_igualdad_y_empleo\\\/wp-content\\\/uploads\\\/2022\\\/11\\\/Modelo-Eventos-Noticias-y-RRSS-19N.png\",\"contentUrl\":\"http:\\\/\\\/activat9-cp344.wordpresstemporal.com\\\/observatorio_igualdad_y_empleo\\\/wp-content\\\/uploads\\\/2022\\\/11\\\/Modelo-Eventos-Noticias-y-RRSS-19N.png\",\"width\":600,\"height\":350},{\"@type\":\"BreadcrumbList\",\"@id\":\"http:\\\/\\\/activat9-cp344.wordpresstemporal.com\\\/observatorio_igualdad_y_empleo\\\/15578-2\\\/#breadcrumb\",\"itemListElement\":[{\"@type\":\"ListItem\",\"position\":1,\"name\":\"Portada\",\"item\":\"http:\\\/\\\/activat9-cp344.wordpresstemporal.com\\\/observatorio_igualdad_y_empleo\\\/\"},{\"@type\":\"ListItem\",\"position\":2,\"name\":\"Campa\u00f1a #EmprendedorasSosteniblesFM. Empoderamiento para el emprendimiento\"}]},{\"@type\":\"WebSite\",\"@id\":\"http:\\\/\\\/activat9-cp344.wordpresstemporal.com\\\/observatorio_igualdad_y_empleo\\\/#website\",\"url\":\"http:\\\/\\\/activat9-cp344.wordpresstemporal.com\\\/observatorio_igualdad_y_empleo\\\/\",\"name\":\"Observatorio de Igualdad y Empleo\",\"description\":\"Recopilatorio de conocimiento sobre igualdad  y empleo\",\"potentialAction\":[{\"@type\":\"SearchAction\",\"target\":{\"@type\":\"EntryPoint\",\"urlTemplate\":\"http:\\\/\\\/activat9-cp344.wordpresstemporal.com\\\/observatorio_igualdad_y_empleo\\\/?s={search_term_string}\"},\"query-input\":{\"@type\":\"PropertyValueSpecification\",\"valueRequired\":true,\"valueName\":\"search_term_string\"}}],\"inLanguage\":\"es\"},{\"@type\":\"Person\",\"@id\":\"http:\\\/\\\/activat9-cp344.wordpresstemporal.com\\\/observatorio_igualdad_y_empleo\\\/#\\\/schema\\\/person\\\/9c918cf45b2e2ff256a2332d8aef9311\",\"name\":\"Mar\u00eda Guinea\",\"image\":{\"@type\":\"ImageObject\",\"inLanguage\":\"es\",\"@id\":\"https:\\\/\\\/secure.gravatar.com\\\/avatar\\\/2f7b02af550080177c395439ce09d946a7ce117bc9991646ff5a60d592f73804?s=96&d=mm&r=g\",\"url\":\"https:\\\/\\\/secure.gravatar.com\\\/avatar\\\/2f7b02af550080177c395439ce09d946a7ce117bc9991646ff5a60d592f73804?s=96&d=mm&r=g\",\"contentUrl\":\"https:\\\/\\\/secure.gravatar.com\\\/avatar\\\/2f7b02af550080177c395439ce09d946a7ce117bc9991646ff5a60d592f73804?s=96&d=mm&r=g\",\"caption\":\"Mar\u00eda Guinea\"},\"url\":\"http:\\\/\\\/activat9-cp344.wordpresstemporal.com\\\/observatorio_igualdad_y_empleo\\\/author\\\/mariag\\\/\"}]}<\/script>\n<!-- \/ Yoast SEO plugin. -->","yoast_head_json":{"title":"Campa\u00f1a #EmprendedorasSosteniblesFM. Empoderamiento para el emprendimiento - Observatorio de Igualdad y Empleo","robots":{"index":"index","follow":"follow","max-snippet":"max-snippet:-1","max-image-preview":"max-image-preview:large","max-video-preview":"max-video-preview:-1"},"canonical":"http:\/\/activat9-cp344.wordpresstemporal.com\/observatorio_igualdad_y_empleo\/15578-2\/","og_locale":"es_ES","og_type":"article","og_title":"Campa\u00f1a #EmprendedorasSosteniblesFM. Empoderamiento para el emprendimiento - Observatorio de Igualdad y Empleo","og_description":"El 19 de noviembre se conmemora el D\u00eda Internacional de las Mujeres Emprendedoras. Desde Fundaci\u00f3n Mujeres consideramos imprescindible difundir el impacto de los emprendimientos liderados por mujeres. Este a\u00f1o queremos centrarnos en aquellos que, a trav\u00e9s de modelos de negocio [\u2026]","og_url":"http:\/\/activat9-cp344.wordpresstemporal.com\/observatorio_igualdad_y_empleo\/15578-2\/","og_site_name":"Observatorio de Igualdad y Empleo","article_publisher":"https:\/\/www.facebook.com\/fundacionmujeres","article_published_time":"2022-11-14T11:30:08+00:00","article_modified_time":"2025-01-09T11:30:29+00:00","og_image":[{"width":600,"height":350,"url":"http:\/\/activat9-cp344.wordpresstemporal.com\/observatorio_igualdad_y_empleo\/wp-content\/uploads\/2022\/11\/Modelo-Eventos-Noticias-y-RRSS-19N.png","type":"image\/png"}],"author":"Mar\u00eda Guinea","twitter_card":"summary_large_image","twitter_creator":"@fmujeres","twitter_site":"@fmujeres","twitter_misc":{"Escrito por":"Mar\u00eda Guinea","Tiempo de lectura":"2 minutos"},"schema":{"@context":"https:\/\/schema.org","@graph":[{"@type":"Article","@id":"http:\/\/activat9-cp344.wordpresstemporal.com\/observatorio_igualdad_y_empleo\/15578-2\/#article","isPartOf":{"@id":"http:\/\/activat9-cp344.wordpresstemporal.com\/observatorio_igualdad_y_empleo\/15578-2\/"},"author":{"name":"Mar\u00eda Guinea","@id":"http:\/\/activat9-cp344.wordpresstemporal.com\/observatorio_igualdad_y_empleo\/#\/schema\/person\/9c918cf45b2e2ff256a2332d8aef9311"},"headline":"Campa\u00f1a #EmprendedorasSosteniblesFM. Empoderamiento para el emprendimiento","datePublished":"2022-11-14T11:30:08+00:00","dateModified":"2025-01-09T11:30:29+00:00","mainEntityOfPage":{"@id":"http:\/\/activat9-cp344.wordpresstemporal.com\/observatorio_igualdad_y_empleo\/15578-2\/"},"wordCount":465,"commentCount":0,"image":{"@id":"http:\/\/activat9-cp344.wordpresstemporal.com\/observatorio_igualdad_y_empleo\/15578-2\/#primaryimage"},"thumbnailUrl":"http:\/\/activat9-cp344.wordpresstemporal.com\/observatorio_igualdad_y_empleo\/wp-content\/uploads\/2022\/11\/Modelo-Eventos-Noticias-y-RRSS-19N.png","keywords":["#EmprendedorasSosteniblesFM","2022","Brecha","Campa\u00f1as","Emprendimiento","Empresa","Enfoque de g\u00e9nero","Igualdad de Oportunidades"],"articleSection":["Campa\u00f1as","Emprendimiento"],"inLanguage":"es","potentialAction":[{"@type":"CommentAction","name":"Comment","target":["http:\/\/activat9-cp344.wordpresstemporal.com\/observatorio_igualdad_y_empleo\/15578-2\/#respond"]}]},{"@type":"WebPage","@id":"http:\/\/activat9-cp344.wordpresstemporal.com\/observatorio_igualdad_y_empleo\/15578-2\/","url":"http:\/\/activat9-cp344.wordpresstemporal.com\/observatorio_igualdad_y_empleo\/15578-2\/","name":"Campa\u00f1a #EmprendedorasSosteniblesFM. Empoderamiento para el emprendimiento - Observatorio de Igualdad y Empleo","isPartOf":{"@id":"http:\/\/activat9-cp344.wordpresstemporal.com\/observatorio_igualdad_y_empleo\/#website"},"primaryImageOfPage":{"@id":"http:\/\/activat9-cp344.wordpresstemporal.com\/observatorio_igualdad_y_empleo\/15578-2\/#primaryimage"},"image":{"@id":"http:\/\/activat9-cp344.wordpresstemporal.com\/observatorio_igualdad_y_empleo\/15578-2\/#primaryimage"},"thumbnailUrl":"http:\/\/activat9-cp344.wordpresstemporal.com\/observatorio_igualdad_y_empleo\/wp-content\/uploads\/2022\/11\/Modelo-Eventos-Noticias-y-RRSS-19N.png","datePublished":"2022-11-14T11:30:08+00:00","dateModified":"2025-01-09T11:30:29+00:00","author":{"@id":"http:\/\/activat9-cp344.wordpresstemporal.com\/observatorio_igualdad_y_empleo\/#\/schema\/person\/9c918cf45b2e2ff256a2332d8aef9311"},"breadcrumb":{"@id":"http:\/\/activat9-cp344.wordpresstemporal.com\/observatorio_igualdad_y_empleo\/15578-2\/#breadcrumb"},"inLanguage":"es","potentialAction":[{"@type":"ReadAction","target":["http:\/\/activat9-cp344.wordpresstemporal.com\/observatorio_igualdad_y_empleo\/15578-2\/"]}]},{"@type":"ImageObject","inLanguage":"es","@id":"http:\/\/activat9-cp344.wordpresstemporal.com\/observatorio_igualdad_y_empleo\/15578-2\/#primaryimage","url":"http:\/\/activat9-cp344.wordpresstemporal.com\/observatorio_igualdad_y_empleo\/wp-content\/uploads\/2022\/11\/Modelo-Eventos-Noticias-y-RRSS-19N.png","contentUrl":"http:\/\/activat9-cp344.wordpresstemporal.com\/observatorio_igualdad_y_empleo\/wp-content\/uploads\/2022\/11\/Modelo-Eventos-Noticias-y-RRSS-19N.png","width":600,"height":350},{"@type":"BreadcrumbList","@id":"http:\/\/activat9-cp344.wordpresstemporal.com\/observatorio_igualdad_y_empleo\/15578-2\/#breadcrumb","itemListElement":[{"@type":"ListItem","position":1,"name":"Portada","item":"http:\/\/activat9-cp344.wordpresstemporal.com\/observatorio_igualdad_y_empleo\/"},{"@type":"ListItem","position":2,"name":"Campa\u00f1a #EmprendedorasSosteniblesFM. Empoderamiento para el emprendimiento"}]},{"@type":"WebSite","@id":"http:\/\/activat9-cp344.wordpresstemporal.com\/observatorio_igualdad_y_empleo\/#website","url":"http:\/\/activat9-cp344.wordpresstemporal.com\/observatorio_igualdad_y_empleo\/","name":"Observatorio de Igualdad y Empleo","description":"Recopilatorio de conocimiento sobre igualdad  y empleo","potentialAction":[{"@type":"SearchAction","target":{"@type":"EntryPoint","urlTemplate":"http:\/\/activat9-cp344.wordpresstemporal.com\/observatorio_igualdad_y_empleo\/?s={search_term_string}"},"query-input":{"@type":"PropertyValueSpecification","valueRequired":true,"valueName":"search_term_string"}}],"inLanguage":"es"},{"@type":"Person","@id":"http:\/\/activat9-cp344.wordpresstemporal.com\/observatorio_igualdad_y_empleo\/#\/schema\/person\/9c918cf45b2e2ff256a2332d8aef9311","name":"Mar\u00eda Guinea","image":{"@type":"ImageObject","inLanguage":"es","@id":"https:\/\/secure.gravatar.com\/avatar\/2f7b02af550080177c395439ce09d946a7ce117bc9991646ff5a60d592f73804?s=96&d=mm&r=g","url":"https:\/\/secure.gravatar.com\/avatar\/2f7b02af550080177c395439ce09d946a7ce117bc9991646ff5a60d592f73804?s=96&d=mm&r=g","contentUrl":"https:\/\/secure.gravatar.com\/avatar\/2f7b02af550080177c395439ce09d946a7ce117bc9991646ff5a60d592f73804?s=96&d=mm&r=g","caption":"Mar\u00eda Guinea"},"url":"http:\/\/activat9-cp344.wordpresstemporal.com\/observatorio_igualdad_y_empleo\/author\/mariag\/"}]}},"_links":{"self":[{"href":"http:\/\/activat9-cp344.wordpresstemporal.com\/observatorio_igualdad_y_empleo\/wp-json\/wp\/v2\/posts\/15578","targetHints":{"allow":["GET"]}}],"collection":[{"href":"http:\/\/activat9-cp344.wordpresstemporal.com\/observatorio_igualdad_y_empleo\/wp-json\/wp\/v2\/posts"}],"about":[{"href":"http:\/\/activat9-cp344.wordpresstemporal.com\/observatorio_igualdad_y_empleo\/wp-json\/wp\/v2\/types\/post"}],"author":[{"embeddable":true,"href":"http:\/\/activat9-cp344.wordpresstemporal.com\/observatorio_igualdad_y_empleo\/wp-json\/wp\/v2\/users\/12"}],"replies":[{"embeddable":true,"href":"http:\/\/activat9-cp344.wordpresstemporal.com\/observatorio_igualdad_y_empleo\/wp-json\/wp\/v2\/comments?post=15578"}],"version-history":[{"count":4,"href":"http:\/\/activat9-cp344.wordpresstemporal.com\/observatorio_igualdad_y_empleo\/wp-json\/wp\/v2\/posts\/15578\/revisions"}],"predecessor-version":[{"id":15584,"href":"http:\/\/activat9-cp344.wordpresstemporal.com\/observatorio_igualdad_y_empleo\/wp-json\/wp\/v2\/posts\/15578\/revisions\/15584"}],"wp:featuredmedia":[{"embeddable":true,"href":"http:\/\/activat9-cp344.wordpresstemporal.com\/observatorio_igualdad_y_empleo\/wp-json\/wp\/v2\/media\/15582"}],"wp:attachment":[{"href":"http:\/\/activat9-cp344.wordpresstemporal.com\/observatorio_igualdad_y_empleo\/wp-json\/wp\/v2\/media?parent=15578"}],"wp:term":[{"taxonomy":"category","embeddable":true,"href":"http:\/\/activat9-cp344.wordpresstemporal.com\/observatorio_igualdad_y_empleo\/wp-json\/wp\/v2\/categories?post=15578"},{"taxonomy":"post_tag","embeddable":true,"href":"http:\/\/activat9-cp344.wordpresstemporal.com\/observatorio_igualdad_y_empleo\/wp-json\/wp\/v2\/tags?post=15578"}],"curies":[{"name":"wp","href":"https:\/\/api.w.org\/{rel}","templated":true}]}}