{"id":19382,"date":"2023-12-15T10:52:55","date_gmt":"2023-12-15T09:52:55","guid":{"rendered":"https:\/\/observatorioigualdadyempleo.es\/?p=19382"},"modified":"2025-01-09T11:06:31","modified_gmt":"2025-01-09T10:06:31","slug":"19382-2","status":"publish","type":"post","link":"http:\/\/activat9-cp344.wordpresstemporal.com\/observatorio_igualdad_y_empleo\/19382-2\/","title":{"rendered":"La maternidad, una berrera en el desarrollo laboral de las mujeres"},"content":{"rendered":"<p style=\"text-align: left;\"><em>\u201c\u00bfConciliar en un pa\u00eds donde una guarder\u00eda p\u00fablica s\u00f3lo abre hasta las 5:30? \u00bfConciliar cuando te acoges a una ley que te hace diferente?\u201d<\/em><\/p>\n<p style=\"text-align: left;\"><em>\u201cLlevo unos meses de reducci\u00f3n y solo veo complicaciones para todo!! Est\u00e1n esperando a que renuncie a poder trabajar. OBLIGADA a reducir horas\u201d.<\/em><\/p>\n<p style=\"text-align: left;\"><em>\u201cQue sentido tiene tener hijos a los que no ves? Jornada intensiva ya!\u201d<\/em><\/p>\n<p style=\"text-align: left;\"><em>\u201cGrito porque desde que soy madre mi jefe me trata distinto, no me da aumentos salariales y dice que no estoy comprometida con el trabajo\u201d<\/em><\/p>\n<p style=\"text-align: justify;\">Son algunos de los testimonios expresados en<a href=\"https:\/\/rompe-el-muro.clubdemalasmadres.com\/\" target=\"_blank\" rel=\"noopener\"> rompe el muro de la conciliaci\u00f3n <\/a>creado por la asociaci\u00f3n <a href=\"https:\/\/yonorenuncio.com\/\" target=\"_blank\" rel=\"noopener\">Yo No Renuncio.<\/a> Esta acci\u00f3n busca dar salida y reflejar el malestar de la sociedad, y en concreto de las mujeres, en cuanto a la conciliaci\u00f3n de la vida laboral y familiar.<\/p>\n<h3>Maternidad y discriminaci\u00f3n laboral<\/h3>\n<p style=\"text-align: justify;\">La maternidad contin\u00faa siendo una barrera en el desarrollo laboral de las mujeres. Los roles y estereotipos de g\u00e9nero que acompa\u00f1an a las mujeres inciden en su acceso, permanencia y ascenso en el empleo. El rol de cuidadora tradicionalmente otorgado a las mujeres les obliga a elegir entre el desarrollo profesional y la maternidad. As\u00ed, 6 de cada 10 mujeres renuncian a su carrera laboral para ser madres. De las que contin\u00faan, 3 de cada 4 ven afectada su vida laboral.<\/p>\n<p style=\"text-align: justify;\">Precisamente, las dificultades laborales a las que se enfrentan, ocasiona que renunciar a su carrera profesional sea la \u00fanica salida. Esto mismo afirmaba Laura Baena, fundadora del club Malasmadres: \u201cYo renunci\u00e9 porque la renuncia parece la \u00fanica soluci\u00f3n cuando no puedes conciliar. La conciliaci\u00f3n en Espa\u00f1a es un privilegio. No es un derecho. Y hay que luchar porque esto cambie\u201d.<\/p>\n<p style=\"text-align: justify;\">Sumado a todo esto, encontramos la reticencia de las empresas a la concesi\u00f3n de derechos y medidas relacionados con la conciliaci\u00f3n y la corresponsabilidad. En estos casos la v\u00eda judicial supone una inversi\u00f3n de esfuerzo, tiempo y dinero que no todas pueden afrontar. As\u00ed, el coste de renunciar a su carrera profesional es menor. Estas dificultades, as\u00ed como la falta de perspectiva de g\u00e9nero en las acciones que se llevan a cabo, fueron expuestas en el encuentro \u00abM<em>aternidad y conciliaci\u00f3n, la renuncia no es la soluci\u00f3n\u00bb<\/em>, celebrado por la asociaci\u00f3n Yo No Renuncio el pasado 16 de noviembre.<\/p>\n<p style=\"text-align: justify;\">Queda patente, de nuevo, que las mujeres tienen mayores cargas y dificultades a la hora de participar en diferentes \u00e1mbitos tradicionalmente reservados a los hombres, por lo que se hace necesaria la perspectiva de g\u00e9nero para promover soluciones legislativas y sociales.<\/p>\n<p>Puedes acceder a la fuente original a trav\u00e9s del siguiente enlace: <a href=\"https:\/\/www.eldebate.com\/familia\/20231115\/cada-tres-mujeres-sufrido-algun-tipo-discriminacion-laboral-maternidad_153747.html\" target=\"_blank\" rel=\"noopener\">EL DEBATE<\/a><\/p>\n<p>Puedes consultar m\u00e1s informaci\u00f3n en materia de conciliaci\u00f3n a trav\u00e9s del siguiente <a href=\"https:\/\/observatorioigualdadyempleo.es\/?s=conciliaci%C3%B3n+\" target=\"_blank\" rel=\"noopener\">enlace<\/a> del Observatorio de Igualdad y Empleo.<\/p>\n<p>El Observatorio de Igualdad y Empleo es una acci\u00f3n de divulgaci\u00f3n que forma parte del proyecto Empoderamiento e Igualdad para el Empleo financiado por el Ministerio de Derechos Sociales y Agenda 2030.<\/p>\n","protected":false},"excerpt":{"rendered":"<p>\u201c\u00bfConciliar en un pa\u00eds donde una guarder\u00eda p\u00fablica s\u00f3lo abre hasta las 5:30? \u00bfConciliar cuando te acoges a una ley que te hace diferente?\u201d \u201cLlevo unos meses de reducci\u00f3n y solo veo complicaciones para todo!! Est\u00e1n esperando a que renuncie<span class=\"excerpt-hellip\"> [\u2026]<\/span><\/p>\n","protected":false},"author":12,"featured_media":19384,"comment_status":"open","ping_status":"open","sticky":false,"template":"","format":"standard","meta":{"footnotes":""},"categories":[688,781,1223,181],"tags":[769,196,699,50,51,55,59,69,38],"class_list":["post-19382","post","type-post","status-publish","format-standard","has-post-thumbnail","hentry","category-contralabrechasalarial","category-porlosderechoslaborales","category-campanas","category-empleo","tag-diadelaconciliacion","tag-brecha","tag-campanas","tag-conciliacion","tag-corresponsabilidad","tag-empleo","tag-enfoque-de-genero","tag-espana","tag-igualdad-de-oportunidades"],"yoast_head":"<!-- This site is optimized with the Yoast SEO plugin v27.5 - https:\/\/yoast.com\/product\/yoast-seo-wordpress\/ -->\n<title>La maternidad, una berrera en el desarrollo laboral de las mujeres - Observatorio de Igualdad y Empleo<\/title>\n<meta name=\"robots\" content=\"index, follow, max-snippet:-1, max-image-preview:large, max-video-preview:-1\" \/>\n<link rel=\"canonical\" href=\"http:\/\/activat9-cp344.wordpresstemporal.com\/observatorio_igualdad_y_empleo\/19382-2\/\" \/>\n<meta property=\"og:locale\" content=\"es_ES\" \/>\n<meta property=\"og:type\" content=\"article\" \/>\n<meta property=\"og:title\" content=\"La maternidad, una berrera en el desarrollo laboral de las mujeres - Observatorio de Igualdad y Empleo\" \/>\n<meta property=\"og:description\" content=\"\u201c\u00bfConciliar en un pa\u00eds donde una guarder\u00eda p\u00fablica s\u00f3lo abre hasta las 5:30? \u00bfConciliar cuando te acoges a una ley que te hace diferente?\u201d \u201cLlevo unos meses de reducci\u00f3n y solo veo complicaciones para todo!! Est\u00e1n esperando a que renuncie [\u2026]\" \/>\n<meta property=\"og:url\" content=\"http:\/\/activat9-cp344.wordpresstemporal.com\/observatorio_igualdad_y_empleo\/19382-2\/\" \/>\n<meta property=\"og:site_name\" content=\"Observatorio de Igualdad y Empleo\" \/>\n<meta property=\"article:publisher\" content=\"https:\/\/www.facebook.com\/fundacionmujeres\" \/>\n<meta property=\"article:published_time\" content=\"2023-12-15T09:52:55+00:00\" \/>\n<meta property=\"article:modified_time\" content=\"2025-01-09T10:06:31+00:00\" \/>\n<meta property=\"og:image\" content=\"http:\/\/activat9-cp344.wordpresstemporal.com\/observatorio_igualdad_y_empleo\/wp-content\/uploads\/2023\/12\/Mensajes-en-redes-8.png\" \/>\n\t<meta property=\"og:image:width\" content=\"925\" \/>\n\t<meta property=\"og:image:height\" content=\"788\" \/>\n\t<meta property=\"og:image:type\" content=\"image\/png\" \/>\n<meta name=\"author\" content=\"Mar\u00eda Guinea\" \/>\n<meta name=\"twitter:card\" content=\"summary_large_image\" \/>\n<meta name=\"twitter:creator\" content=\"@fmujeres\" \/>\n<meta name=\"twitter:site\" content=\"@fmujeres\" \/>\n<meta name=\"twitter:label1\" content=\"Escrito por\" \/>\n\t<meta name=\"twitter:data1\" content=\"Mar\u00eda Guinea\" \/>\n\t<meta name=\"twitter:label2\" content=\"Tiempo de lectura\" \/>\n\t<meta name=\"twitter:data2\" content=\"3 minutos\" \/>\n<script type=\"application\/ld+json\" class=\"yoast-schema-graph\">{\"@context\":\"https:\\\/\\\/schema.org\",\"@graph\":[{\"@type\":\"Article\",\"@id\":\"http:\\\/\\\/activat9-cp344.wordpresstemporal.com\\\/observatorio_igualdad_y_empleo\\\/19382-2\\\/#article\",\"isPartOf\":{\"@id\":\"http:\\\/\\\/activat9-cp344.wordpresstemporal.com\\\/observatorio_igualdad_y_empleo\\\/19382-2\\\/\"},\"author\":{\"name\":\"Mar\u00eda Guinea\",\"@id\":\"https:\\\/\\\/observatorioigualdadyempleo.es\\\/#\\\/schema\\\/person\\\/9c918cf45b2e2ff256a2332d8aef9311\"},\"headline\":\"La maternidad, una berrera en el desarrollo laboral de las mujeres\",\"datePublished\":\"2023-12-15T09:52:55+00:00\",\"dateModified\":\"2025-01-09T10:06:31+00:00\",\"mainEntityOfPage\":{\"@id\":\"http:\\\/\\\/activat9-cp344.wordpresstemporal.com\\\/observatorio_igualdad_y_empleo\\\/19382-2\\\/\"},\"wordCount\":520,\"commentCount\":0,\"image\":{\"@id\":\"http:\\\/\\\/activat9-cp344.wordpresstemporal.com\\\/observatorio_igualdad_y_empleo\\\/19382-2\\\/#primaryimage\"},\"thumbnailUrl\":\"http:\\\/\\\/activat9-cp344.wordpresstemporal.com\\\/observatorio_igualdad_y_empleo\\\/wp-content\\\/uploads\\\/2023\\\/12\\\/Mensajes-en-redes-8.png\",\"keywords\":[\"#D\u00edaDeLaConciliaci\u00f3n\",\"Brecha\",\"Campa\u00f1as\",\"Conciliaci\u00f3n\",\"Corresponsabilidad\",\"Empleo\",\"Enfoque de g\u00e9nero\",\"Espa\u00f1a\",\"Igualdad de Oportunidades\"],\"articleSection\":[\"#ContraLaBrechaSalarial\",\"#PorLosDerechosLaborales\",\"Campa\u00f1as\",\"Empleo\"],\"inLanguage\":\"es\",\"potentialAction\":[{\"@type\":\"CommentAction\",\"name\":\"Comment\",\"target\":[\"http:\\\/\\\/activat9-cp344.wordpresstemporal.com\\\/observatorio_igualdad_y_empleo\\\/19382-2\\\/#respond\"]}]},{\"@type\":\"WebPage\",\"@id\":\"http:\\\/\\\/activat9-cp344.wordpresstemporal.com\\\/observatorio_igualdad_y_empleo\\\/19382-2\\\/\",\"url\":\"http:\\\/\\\/activat9-cp344.wordpresstemporal.com\\\/observatorio_igualdad_y_empleo\\\/19382-2\\\/\",\"name\":\"La maternidad, una berrera en el desarrollo laboral de las mujeres - Observatorio de Igualdad y Empleo\",\"isPartOf\":{\"@id\":\"https:\\\/\\\/observatorioigualdadyempleo.es\\\/#website\"},\"primaryImageOfPage\":{\"@id\":\"http:\\\/\\\/activat9-cp344.wordpresstemporal.com\\\/observatorio_igualdad_y_empleo\\\/19382-2\\\/#primaryimage\"},\"image\":{\"@id\":\"http:\\\/\\\/activat9-cp344.wordpresstemporal.com\\\/observatorio_igualdad_y_empleo\\\/19382-2\\\/#primaryimage\"},\"thumbnailUrl\":\"http:\\\/\\\/activat9-cp344.wordpresstemporal.com\\\/observatorio_igualdad_y_empleo\\\/wp-content\\\/uploads\\\/2023\\\/12\\\/Mensajes-en-redes-8.png\",\"datePublished\":\"2023-12-15T09:52:55+00:00\",\"dateModified\":\"2025-01-09T10:06:31+00:00\",\"author\":{\"@id\":\"https:\\\/\\\/observatorioigualdadyempleo.es\\\/#\\\/schema\\\/person\\\/9c918cf45b2e2ff256a2332d8aef9311\"},\"breadcrumb\":{\"@id\":\"http:\\\/\\\/activat9-cp344.wordpresstemporal.com\\\/observatorio_igualdad_y_empleo\\\/19382-2\\\/#breadcrumb\"},\"inLanguage\":\"es\",\"potentialAction\":[{\"@type\":\"ReadAction\",\"target\":[\"http:\\\/\\\/activat9-cp344.wordpresstemporal.com\\\/observatorio_igualdad_y_empleo\\\/19382-2\\\/\"]}]},{\"@type\":\"ImageObject\",\"inLanguage\":\"es\",\"@id\":\"http:\\\/\\\/activat9-cp344.wordpresstemporal.com\\\/observatorio_igualdad_y_empleo\\\/19382-2\\\/#primaryimage\",\"url\":\"http:\\\/\\\/activat9-cp344.wordpresstemporal.com\\\/observatorio_igualdad_y_empleo\\\/wp-content\\\/uploads\\\/2023\\\/12\\\/Mensajes-en-redes-8.png\",\"contentUrl\":\"http:\\\/\\\/activat9-cp344.wordpresstemporal.com\\\/observatorio_igualdad_y_empleo\\\/wp-content\\\/uploads\\\/2023\\\/12\\\/Mensajes-en-redes-8.png\",\"width\":925,\"height\":788},{\"@type\":\"BreadcrumbList\",\"@id\":\"http:\\\/\\\/activat9-cp344.wordpresstemporal.com\\\/observatorio_igualdad_y_empleo\\\/19382-2\\\/#breadcrumb\",\"itemListElement\":[{\"@type\":\"ListItem\",\"position\":1,\"name\":\"Portada\",\"item\":\"https:\\\/\\\/observatorioigualdadyempleo.es\\\/\"},{\"@type\":\"ListItem\",\"position\":2,\"name\":\"La maternidad, una berrera en el desarrollo laboral de las mujeres\"}]},{\"@type\":\"WebSite\",\"@id\":\"https:\\\/\\\/observatorioigualdadyempleo.es\\\/#website\",\"url\":\"https:\\\/\\\/observatorioigualdadyempleo.es\\\/\",\"name\":\"Observatorio de Igualdad y Empleo\",\"description\":\"Recopilatorio de conocimiento sobre igualdad  y empleo\",\"potentialAction\":[{\"@type\":\"SearchAction\",\"target\":{\"@type\":\"EntryPoint\",\"urlTemplate\":\"https:\\\/\\\/observatorioigualdadyempleo.es\\\/?s={search_term_string}\"},\"query-input\":{\"@type\":\"PropertyValueSpecification\",\"valueRequired\":true,\"valueName\":\"search_term_string\"}}],\"inLanguage\":\"es\"},{\"@type\":\"Person\",\"@id\":\"https:\\\/\\\/observatorioigualdadyempleo.es\\\/#\\\/schema\\\/person\\\/9c918cf45b2e2ff256a2332d8aef9311\",\"name\":\"Mar\u00eda Guinea\",\"image\":{\"@type\":\"ImageObject\",\"inLanguage\":\"es\",\"@id\":\"https:\\\/\\\/secure.gravatar.com\\\/avatar\\\/2f7b02af550080177c395439ce09d946a7ce117bc9991646ff5a60d592f73804?s=96&d=mm&r=g\",\"url\":\"https:\\\/\\\/secure.gravatar.com\\\/avatar\\\/2f7b02af550080177c395439ce09d946a7ce117bc9991646ff5a60d592f73804?s=96&d=mm&r=g\",\"contentUrl\":\"https:\\\/\\\/secure.gravatar.com\\\/avatar\\\/2f7b02af550080177c395439ce09d946a7ce117bc9991646ff5a60d592f73804?s=96&d=mm&r=g\",\"caption\":\"Mar\u00eda Guinea\"},\"url\":\"http:\\\/\\\/activat9-cp344.wordpresstemporal.com\\\/observatorio_igualdad_y_empleo\\\/author\\\/mariag\\\/\"}]}<\/script>\n<!-- \/ Yoast SEO plugin. -->","yoast_head_json":{"title":"La maternidad, una berrera en el desarrollo laboral de las mujeres - Observatorio de Igualdad y Empleo","robots":{"index":"index","follow":"follow","max-snippet":"max-snippet:-1","max-image-preview":"max-image-preview:large","max-video-preview":"max-video-preview:-1"},"canonical":"http:\/\/activat9-cp344.wordpresstemporal.com\/observatorio_igualdad_y_empleo\/19382-2\/","og_locale":"es_ES","og_type":"article","og_title":"La maternidad, una berrera en el desarrollo laboral de las mujeres - Observatorio de Igualdad y Empleo","og_description":"\u201c\u00bfConciliar en un pa\u00eds donde una guarder\u00eda p\u00fablica s\u00f3lo abre hasta las 5:30? \u00bfConciliar cuando te acoges a una ley que te hace diferente?\u201d \u201cLlevo unos meses de reducci\u00f3n y solo veo complicaciones para todo!! Est\u00e1n esperando a que renuncie [\u2026]","og_url":"http:\/\/activat9-cp344.wordpresstemporal.com\/observatorio_igualdad_y_empleo\/19382-2\/","og_site_name":"Observatorio de Igualdad y Empleo","article_publisher":"https:\/\/www.facebook.com\/fundacionmujeres","article_published_time":"2023-12-15T09:52:55+00:00","article_modified_time":"2025-01-09T10:06:31+00:00","og_image":[{"width":925,"height":788,"url":"http:\/\/activat9-cp344.wordpresstemporal.com\/observatorio_igualdad_y_empleo\/wp-content\/uploads\/2023\/12\/Mensajes-en-redes-8.png","type":"image\/png"}],"author":"Mar\u00eda Guinea","twitter_card":"summary_large_image","twitter_creator":"@fmujeres","twitter_site":"@fmujeres","twitter_misc":{"Escrito por":"Mar\u00eda Guinea","Tiempo de lectura":"3 minutos"},"schema":{"@context":"https:\/\/schema.org","@graph":[{"@type":"Article","@id":"http:\/\/activat9-cp344.wordpresstemporal.com\/observatorio_igualdad_y_empleo\/19382-2\/#article","isPartOf":{"@id":"http:\/\/activat9-cp344.wordpresstemporal.com\/observatorio_igualdad_y_empleo\/19382-2\/"},"author":{"name":"Mar\u00eda Guinea","@id":"https:\/\/observatorioigualdadyempleo.es\/#\/schema\/person\/9c918cf45b2e2ff256a2332d8aef9311"},"headline":"La maternidad, una berrera en el desarrollo laboral de las mujeres","datePublished":"2023-12-15T09:52:55+00:00","dateModified":"2025-01-09T10:06:31+00:00","mainEntityOfPage":{"@id":"http:\/\/activat9-cp344.wordpresstemporal.com\/observatorio_igualdad_y_empleo\/19382-2\/"},"wordCount":520,"commentCount":0,"image":{"@id":"http:\/\/activat9-cp344.wordpresstemporal.com\/observatorio_igualdad_y_empleo\/19382-2\/#primaryimage"},"thumbnailUrl":"http:\/\/activat9-cp344.wordpresstemporal.com\/observatorio_igualdad_y_empleo\/wp-content\/uploads\/2023\/12\/Mensajes-en-redes-8.png","keywords":["#D\u00edaDeLaConciliaci\u00f3n","Brecha","Campa\u00f1as","Conciliaci\u00f3n","Corresponsabilidad","Empleo","Enfoque de g\u00e9nero","Espa\u00f1a","Igualdad de Oportunidades"],"articleSection":["#ContraLaBrechaSalarial","#PorLosDerechosLaborales","Campa\u00f1as","Empleo"],"inLanguage":"es","potentialAction":[{"@type":"CommentAction","name":"Comment","target":["http:\/\/activat9-cp344.wordpresstemporal.com\/observatorio_igualdad_y_empleo\/19382-2\/#respond"]}]},{"@type":"WebPage","@id":"http:\/\/activat9-cp344.wordpresstemporal.com\/observatorio_igualdad_y_empleo\/19382-2\/","url":"http:\/\/activat9-cp344.wordpresstemporal.com\/observatorio_igualdad_y_empleo\/19382-2\/","name":"La maternidad, una berrera en el desarrollo laboral de las mujeres - Observatorio de Igualdad y Empleo","isPartOf":{"@id":"https:\/\/observatorioigualdadyempleo.es\/#website"},"primaryImageOfPage":{"@id":"http:\/\/activat9-cp344.wordpresstemporal.com\/observatorio_igualdad_y_empleo\/19382-2\/#primaryimage"},"image":{"@id":"http:\/\/activat9-cp344.wordpresstemporal.com\/observatorio_igualdad_y_empleo\/19382-2\/#primaryimage"},"thumbnailUrl":"http:\/\/activat9-cp344.wordpresstemporal.com\/observatorio_igualdad_y_empleo\/wp-content\/uploads\/2023\/12\/Mensajes-en-redes-8.png","datePublished":"2023-12-15T09:52:55+00:00","dateModified":"2025-01-09T10:06:31+00:00","author":{"@id":"https:\/\/observatorioigualdadyempleo.es\/#\/schema\/person\/9c918cf45b2e2ff256a2332d8aef9311"},"breadcrumb":{"@id":"http:\/\/activat9-cp344.wordpresstemporal.com\/observatorio_igualdad_y_empleo\/19382-2\/#breadcrumb"},"inLanguage":"es","potentialAction":[{"@type":"ReadAction","target":["http:\/\/activat9-cp344.wordpresstemporal.com\/observatorio_igualdad_y_empleo\/19382-2\/"]}]},{"@type":"ImageObject","inLanguage":"es","@id":"http:\/\/activat9-cp344.wordpresstemporal.com\/observatorio_igualdad_y_empleo\/19382-2\/#primaryimage","url":"http:\/\/activat9-cp344.wordpresstemporal.com\/observatorio_igualdad_y_empleo\/wp-content\/uploads\/2023\/12\/Mensajes-en-redes-8.png","contentUrl":"http:\/\/activat9-cp344.wordpresstemporal.com\/observatorio_igualdad_y_empleo\/wp-content\/uploads\/2023\/12\/Mensajes-en-redes-8.png","width":925,"height":788},{"@type":"BreadcrumbList","@id":"http:\/\/activat9-cp344.wordpresstemporal.com\/observatorio_igualdad_y_empleo\/19382-2\/#breadcrumb","itemListElement":[{"@type":"ListItem","position":1,"name":"Portada","item":"https:\/\/observatorioigualdadyempleo.es\/"},{"@type":"ListItem","position":2,"name":"La maternidad, una berrera en el desarrollo laboral de las mujeres"}]},{"@type":"WebSite","@id":"https:\/\/observatorioigualdadyempleo.es\/#website","url":"https:\/\/observatorioigualdadyempleo.es\/","name":"Observatorio de Igualdad y Empleo","description":"Recopilatorio de conocimiento sobre igualdad  y empleo","potentialAction":[{"@type":"SearchAction","target":{"@type":"EntryPoint","urlTemplate":"https:\/\/observatorioigualdadyempleo.es\/?s={search_term_string}"},"query-input":{"@type":"PropertyValueSpecification","valueRequired":true,"valueName":"search_term_string"}}],"inLanguage":"es"},{"@type":"Person","@id":"https:\/\/observatorioigualdadyempleo.es\/#\/schema\/person\/9c918cf45b2e2ff256a2332d8aef9311","name":"Mar\u00eda Guinea","image":{"@type":"ImageObject","inLanguage":"es","@id":"https:\/\/secure.gravatar.com\/avatar\/2f7b02af550080177c395439ce09d946a7ce117bc9991646ff5a60d592f73804?s=96&d=mm&r=g","url":"https:\/\/secure.gravatar.com\/avatar\/2f7b02af550080177c395439ce09d946a7ce117bc9991646ff5a60d592f73804?s=96&d=mm&r=g","contentUrl":"https:\/\/secure.gravatar.com\/avatar\/2f7b02af550080177c395439ce09d946a7ce117bc9991646ff5a60d592f73804?s=96&d=mm&r=g","caption":"Mar\u00eda Guinea"},"url":"http:\/\/activat9-cp344.wordpresstemporal.com\/observatorio_igualdad_y_empleo\/author\/mariag\/"}]}},"_links":{"self":[{"href":"http:\/\/activat9-cp344.wordpresstemporal.com\/observatorio_igualdad_y_empleo\/wp-json\/wp\/v2\/posts\/19382","targetHints":{"allow":["GET"]}}],"collection":[{"href":"http:\/\/activat9-cp344.wordpresstemporal.com\/observatorio_igualdad_y_empleo\/wp-json\/wp\/v2\/posts"}],"about":[{"href":"http:\/\/activat9-cp344.wordpresstemporal.com\/observatorio_igualdad_y_empleo\/wp-json\/wp\/v2\/types\/post"}],"author":[{"embeddable":true,"href":"http:\/\/activat9-cp344.wordpresstemporal.com\/observatorio_igualdad_y_empleo\/wp-json\/wp\/v2\/users\/12"}],"replies":[{"embeddable":true,"href":"http:\/\/activat9-cp344.wordpresstemporal.com\/observatorio_igualdad_y_empleo\/wp-json\/wp\/v2\/comments?post=19382"}],"version-history":[{"count":4,"href":"http:\/\/activat9-cp344.wordpresstemporal.com\/observatorio_igualdad_y_empleo\/wp-json\/wp\/v2\/posts\/19382\/revisions"}],"predecessor-version":[{"id":19387,"href":"http:\/\/activat9-cp344.wordpresstemporal.com\/observatorio_igualdad_y_empleo\/wp-json\/wp\/v2\/posts\/19382\/revisions\/19387"}],"wp:featuredmedia":[{"embeddable":true,"href":"http:\/\/activat9-cp344.wordpresstemporal.com\/observatorio_igualdad_y_empleo\/wp-json\/wp\/v2\/media\/19384"}],"wp:attachment":[{"href":"http:\/\/activat9-cp344.wordpresstemporal.com\/observatorio_igualdad_y_empleo\/wp-json\/wp\/v2\/media?parent=19382"}],"wp:term":[{"taxonomy":"category","embeddable":true,"href":"http:\/\/activat9-cp344.wordpresstemporal.com\/observatorio_igualdad_y_empleo\/wp-json\/wp\/v2\/categories?post=19382"},{"taxonomy":"post_tag","embeddable":true,"href":"http:\/\/activat9-cp344.wordpresstemporal.com\/observatorio_igualdad_y_empleo\/wp-json\/wp\/v2\/tags?post=19382"}],"curies":[{"name":"wp","href":"https:\/\/api.w.org\/{rel}","templated":true}]}}