{"id":28522,"date":"2026-04-08T07:54:23","date_gmt":"2026-04-08T06:54:23","guid":{"rendered":"https:\/\/observatorioigualdadyempleo.es\/?p=28522"},"modified":"2026-04-08T08:18:14","modified_gmt":"2026-04-08T07:18:14","slug":"progreso-de-las-mujeres-investigadoras-en-espana","status":"publish","type":"post","link":"http:\/\/activat9-cp344.wordpresstemporal.com\/observatorio_igualdad_y_empleo\/progreso-de-las-mujeres-investigadoras-en-espana\/","title":{"rendered":"Progreso de las mujeres investigadoras en Espa\u00f1a"},"content":{"rendered":"<p style=\"text-align: justify;\">Investigadoras son \u201clas personas implicadas en la concepci\u00f3n o creaci\u00f3n de nuevos conocimientos, productos, procesos, m\u00e9todos y sistemas y en la gesti\u00f3n de los correspondientes proyectos\u201d.<\/p>\n<p style=\"text-align: justify;\">La investigaci\u00f3n cient\u00edfica y tecnol\u00f3gica es indispensable para el progreso y la mejora de la calidad de vida de las personas. A trav\u00e9s de la investigaci\u00f3n se resuelven problemas complejos que afectan a la vida de las personas. Es fundamental para el desarrollo sostenible y la comprensi\u00f3n del mundo.<\/p>\n<p style=\"text-align: justify;\">Teniendo en cuenta la importancia de la ciencia y la tecnolog\u00eda, <strong>\u00bfno ser\u00eda deseable (e indispensable) que toda la poblaci\u00f3n sin restricciones pudiese aportar su talento?<\/strong> Las brechas de g\u00e9nero en ciencia, tecnolog\u00eda e innovaci\u00f3n contin\u00faan vigentes y quedan patentes desde el inicio en la etapa formativa.<\/p>\n<h3 style=\"text-align: justify;\">Brecha de g\u00e9nero en formaci\u00f3n<\/h3>\n<p style=\"text-align: justify;\">Seg\u00fan datos del Instituto Nacional de Estad\u00edstica, la\u00a0tasa de graduados en ciencias, matem\u00e1ticas, inform\u00e1tica, ingenier\u00eda, industria y construcci\u00f3n para los hombres asciende al 33,5% mientras que para las mujeres alcanza el 13,1% (por 1000 habitantes, con edades comprendidas entre 20-29 a\u00f1os en 2023 en Espa\u00f1a).<\/p>\n<p style=\"text-align: center;\"><strong><a href=\"https:\/\/observatorioigualdadyempleo.es\/wp-content\/uploads\/2026\/03\/graph.jpg\"><img loading=\"lazy\" decoding=\"async\" class=\"alignnone size-full wp-image-28642\" src=\"https:\/\/observatorioigualdadyempleo.es\/wp-content\/uploads\/2026\/03\/graph.jpg\" alt=\"\" width=\"607\" height=\"505\" srcset=\"http:\/\/activat9-cp344.wordpresstemporal.com\/observatorio_igualdad_y_empleo\/wp-content\/uploads\/2026\/03\/graph.jpg 607w, http:\/\/activat9-cp344.wordpresstemporal.com\/observatorio_igualdad_y_empleo\/wp-content\/uploads\/2026\/03\/graph-90x75.jpg 90w, http:\/\/activat9-cp344.wordpresstemporal.com\/observatorio_igualdad_y_empleo\/wp-content\/uploads\/2026\/03\/graph-480x399.jpg 480w\" sizes=\"auto, (max-width:767px) 480px, 607px\" \/><\/a>Fuente: INE<\/strong><\/p>\n<p style=\"text-align: justify;\">A pesar de que las matr\u00edculas de mujeres en estas \u00e1reas de estudio han aumentado, la desigualdad se manifiesta desde la educaci\u00f3n temprana y se acent\u00faa en la educaci\u00f3n superior y formaci\u00f3n profesional. Las mujeres tienen una presencia en formaci\u00f3n cient\u00edfica y tecnol\u00f3gica cerca del 30% a nivel mundial. Sin embargo, estas cifras disminuyen en las formaciones relacionadas con el \u00e1mbito TIC y de ingenier\u00eda.<\/p>\n<h3 style=\"text-align: justify;\">Brecha de g\u00e9nero en investigaci\u00f3n<\/h3>\n<p style=\"text-align: justify;\">Una de las variables en las que focalizar a la hora de observar la brecha de g\u00e9nero en investigaci\u00f3n es el origen p\u00fablico o privado de la misma. <strong>Las mujeres representan cerca del 50,5% de las investigadoras en el \u00e1mbito p\u00fablico, mientras que esta cifra desciende hasta el 31,2% en el \u00e1mbito privado.<\/strong> As\u00ed, el total de la participaci\u00f3n de mujeres alcanza el 39,6%, lo que solamente supone un punto porcentual m\u00e1s que la cifra alcanzada 10 a\u00f1os antes, en 2014.<\/p>\n<p style=\"text-align: justify;\">Por otro lado, el Instituto Nacional de Estad\u00edstica revisa tambi\u00e9n el n\u00famero de mujeres investigadoras en equivalencia a jornada completa (EJC). El personal investigador en EJC representa la suma de horas trabajadas en I+D dividida por la jornada completa media. De esta forma se consigue una medici\u00f3n homog\u00e9nea en funci\u00f3n de las horas dedicadas. <strong>En 2024, el n\u00famero de mujeres investigadoras en equivalencia a jornada completa es inferior al de los hombres, representando un 40,2%.<\/strong><\/p>\n<p style=\"text-align: center;\"><strong>Presencia y tasas de \u00e9xito seg\u00fan sexo del solicitante en las convocatorias de recursos humanos de <\/strong><strong>las agencias de financiaci\u00f3n de la investigaci\u00f3n por \u00e1rea cient\u00edfico-tecnol\u00f3gica. 2022.<\/strong><\/p>\n<p style=\"text-align: justify;\"><a href=\"https:\/\/observatorioigualdadyempleo.es\/wp-content\/uploads\/2026\/04\/Captura-de-pantalla-2026-04-07-151720.png\"><img loading=\"lazy\" decoding=\"async\" class=\"size-full wp-image-28650 alignnone\" src=\"https:\/\/observatorioigualdadyempleo.es\/wp-content\/uploads\/2026\/04\/Captura-de-pantalla-2026-04-07-151720.png\" alt=\"\" width=\"1784\" height=\"492\" srcset=\"http:\/\/activat9-cp344.wordpresstemporal.com\/observatorio_igualdad_y_empleo\/wp-content\/uploads\/2026\/04\/Captura-de-pantalla-2026-04-07-151720.png 1784w, http:\/\/activat9-cp344.wordpresstemporal.com\/observatorio_igualdad_y_empleo\/wp-content\/uploads\/2026\/04\/Captura-de-pantalla-2026-04-07-151720-1024x282.png 1024w, http:\/\/activat9-cp344.wordpresstemporal.com\/observatorio_igualdad_y_empleo\/wp-content\/uploads\/2026\/04\/Captura-de-pantalla-2026-04-07-151720-768x212.png 768w, http:\/\/activat9-cp344.wordpresstemporal.com\/observatorio_igualdad_y_empleo\/wp-content\/uploads\/2026\/04\/Captura-de-pantalla-2026-04-07-151720-1536x424.png 1536w, http:\/\/activat9-cp344.wordpresstemporal.com\/observatorio_igualdad_y_empleo\/wp-content\/uploads\/2026\/04\/Captura-de-pantalla-2026-04-07-151720-150x41.png 150w, http:\/\/activat9-cp344.wordpresstemporal.com\/observatorio_igualdad_y_empleo\/wp-content\/uploads\/2026\/04\/Captura-de-pantalla-2026-04-07-151720-480x132.png 480w\" sizes=\"auto, (max-width:767px) 480px, (max-width:1784px) 100vw, 1784px\" \/><\/a><span style=\"color: #808080;\">Notas: Tasa de \u00e9xito calculada como la proporci\u00f3n de ayudas concedidas sobre solicitadas para cada sexo.<\/span><\/p>\n<p style=\"text-align: justify;\"><strong>Fuente: <a href=\"https:\/\/observatorioigualdadyempleo.es\/downloads\/?26482\">Cient\u00edficas en cifras 2025<\/a>. Unidad de Mujeres y Ciencia. Secretar\u00eda de Estado de Ciencia, Innovaci\u00f3n y Universidades<\/strong><\/p>\n<p style=\"text-align: justify;\">Esta informaci\u00f3n del a\u00f1o en 2022, puesta en contexto con la cuota de participaci\u00f3n de las mujeres en investigaci\u00f3n, ponen de manifiesto que a pesar de tener menor presencia total, las mujeres consiguen una mayor tasa de \u00e9xito respecto a las convocatorias de Recursos Humanos. <strong>Estas convocatorias consisten en\u00a0procesos competitivos de selecci\u00f3n y financiaci\u00f3n destinados a contratar, formar o estabilizar personal investigador y t\u00e9cnico<\/strong>. Las personas destinatarias de estas ayudas pueden ser investigadoras predoctorales (haciendo tesis), postdoctorales (iniciando o consolidando carrera) o t\u00e9cnicos de apoyo.<\/p>\n<h3 style=\"text-align: justify;\">Principales obst\u00e1culos<\/h3>\n<p style=\"text-align: justify;\"><a href=\"https:\/\/observatorioigualdadyempleo.es\/wp-content\/uploads\/2026\/04\/Grafico_Noticia_Contenido_1-e1775568523795.png\"><img loading=\"lazy\" decoding=\"async\" class=\"size-full wp-image-28658 aligncenter\" src=\"https:\/\/observatorioigualdadyempleo.es\/wp-content\/uploads\/2026\/04\/Grafico_Noticia_Contenido_1-e1775568523795.png\" alt=\"\" width=\"956\" height=\"476\" srcset=\"http:\/\/activat9-cp344.wordpresstemporal.com\/observatorio_igualdad_y_empleo\/wp-content\/uploads\/2026\/04\/Grafico_Noticia_Contenido_1-e1775568523795.png 956w, http:\/\/activat9-cp344.wordpresstemporal.com\/observatorio_igualdad_y_empleo\/wp-content\/uploads\/2026\/04\/Grafico_Noticia_Contenido_1-e1775568523795-768x382.png 768w, http:\/\/activat9-cp344.wordpresstemporal.com\/observatorio_igualdad_y_empleo\/wp-content\/uploads\/2026\/04\/Grafico_Noticia_Contenido_1-e1775568523795-150x75.png 150w, http:\/\/activat9-cp344.wordpresstemporal.com\/observatorio_igualdad_y_empleo\/wp-content\/uploads\/2026\/04\/Grafico_Noticia_Contenido_1-e1775568523795-480x239.png 480w\" sizes=\"auto, (max-width:767px) 480px, (max-width:956px) 100vw, 956px\" \/><\/a><\/p>\n<p style=\"text-align: justify;\">En cuanto al \u00e1mbito formativo, el informe <a href=\"https:\/\/observatorioigualdadyempleo.es\/downloads\/?26482\">\u201cCient\u00edficas en cifras 2025\u201d<\/a> concluye que <strong>la integraci\u00f3n de la perspectiva de g\u00e9nero en la investigaci\u00f3n alcanza un 79,5% en las universidades p\u00fablicas frente al 48% en las privadas<\/strong>. Esto supone una dificultad a\u00f1adida teniendo en cuenta que el n\u00famero de universidades privadas en Espa\u00f1a ha experimentado un crecimiento acelerado, duplicando sus alumnos en la \u00faltima d\u00e9cada: un 129% m\u00e1s (Ministerio de Ciencia, Innovaci\u00f3n y Universidades).<\/p>\n<h3 style=\"text-align: justify;\">Estrategias para el cambio<\/h3>\n<p style=\"text-align: justify;\">Para fomentar la participaci\u00f3n de las mujeres en el \u00e1mbito de la investigaci\u00f3n, y sobre todo en inform\u00e1tica e ingenier\u00edas donde se encuentra su menor representaci\u00f3n, algunas de los \u00e1mbitos de intervenci\u00f3n o estrategias a seguir son las siguientes:<\/p>\n<ol style=\"text-align: justify;\">\n<li><strong>Educaci\u00f3n temprana.<\/strong> Evitar la orientaci\u00f3n de g\u00e9nero desde las primeras etapas de la educaci\u00f3n. Fomentar el inter\u00e9s en la ciencia en la infancia y la adolescencia de las mujeres.<\/li>\n<li><strong>Referentes a seguir.<\/strong> Visibilizar los logros de mujeres en ciencia y tecnolog\u00eda. Sensibilizar sobre la invisibilizaci\u00f3n de su participaci\u00f3n en este \u00e1mbito a lo largo de la historia.<\/li>\n<li><strong>Igualdad en Recursos Humanos.<\/strong> Implementar pr\u00e1cticas de Recursos Humanos que eliminen o penalicen los sesgos de g\u00e9nero en las pol\u00edticas o su aplicaci\u00f3n.<\/li>\n<li><strong>Impulso de la corresponsabilidad.<\/strong> Pol\u00edticas p\u00fablicas y de RRHH que fomenten la corresponsabilidad para eliminar la sobrecarga en las mujeres que produce su alejamiento de la carrera profesional.<\/li>\n<li><strong>Fomento de un entorno inclusivo.<\/strong> Hacer hincapi\u00e9 en c\u00f3digos de conducta estrictos que integren a las mujeres y erradiquen cualquier tipo de acoso sexual o por raz\u00f3n de sexo del \u00e1mbito de la investigaci\u00f3n.<\/li>\n<\/ol>\n<h6 style=\"text-align: justify;\">Puedes acceder a la fuente original de la noticia a trav\u00e9s de los siguientes enlaces:<\/h6>\n<p style=\"text-align: justify;\"><a href=\"https:\/\/www.lhh.com\/es-es\/insights\/brecha-de-genero-en-carreras-stem\">Por qu\u00e9 persiste la brecha de g\u00e9nero en las carreras STEM<\/a><\/p>\n<p style=\"text-align: justify;\"><a href=\"https:\/\/www.observatoriofp.com\/informes-analisis\/monografico\/4906-la-brecha-de-genero-en-estudios-stem-tambien-afecta-a-la-fp-las-jovenes-que-estudian-ciclos-en-este-ambito-logran-mas-empleo-y-mejor-salario-pero-solo-el-9percent-opta-por-ellos#:~:text=2.,en%20el%20curso%202018%2D2019\">La brecha de g\u00e9nero en estudios STEM tambi\u00e9n afecta a la FP: las j\u00f3venes que estudian ciclos en este \u00e1mbito logran m\u00e1s empleo y mejor salario, pero solo el 9% opta por ellos<\/a><\/p>\n<p style=\"text-align: justify;\"><a href=\"https:\/\/observatorioigualdadyempleo.es\/downloads\/?19552\">Mujeres en STEM. Desde la educaci\u00f3n b\u00e1sica hasta la carrera laboral<\/a><\/p>\n<p><a href=\"https:\/\/www.ciencia.gob.es\/Noticias\/2025\/octubre\/real-decreto-universidades.html#:~:text=Un%20129%25%20m%C3%A1s%20de%20estudiantes%20en%20la%20privada%20en%20la%20%C3%BAltima%20d%C3%A9cada&amp;text=Durante%20la%20%C3%BAltima%20d%C3%A9cada%2C%20el,financiaci%C3%B3n%20de%20las%20universidades%20p%C3%BAblicas\">El Gobierno aprueba el Real Decreto para endurecer los criterios de creaci\u00f3n, reconocimiento y autorizaci\u00f3n de centros universitarios en Espa\u00f1a<\/a><\/p>\n<p style=\"text-align: justify;\"><span style=\"color: #808080;\"><strong>La campa\u00f1a #InvestigadorasAlMando se enmarca en el proyecto Empoderamiento e Igualdad para el Empleo, financiado por el Ministerio de Derechos Sociales, Consumo y Agenda 2030.<\/strong><\/span><\/p>\n","protected":false},"excerpt":{"rendered":"<p>Investigadoras son \u201clas personas implicadas en la concepci\u00f3n o creaci\u00f3n de nuevos conocimientos, productos, procesos, m\u00e9todos y sistemas y en la gesti\u00f3n de los correspondientes proyectos\u201d. La investigaci\u00f3n cient\u00edfica y tecnol\u00f3gica es indispensable para el progreso y la mejora de<span class=\"excerpt-hellip\"> [\u2026]<\/span><\/p>\n","protected":false},"author":29,"featured_media":28523,"comment_status":"closed","ping_status":"open","sticky":false,"template":"","format":"standard","meta":{"footnotes":""},"categories":[1305,181],"tags":[1306,426,509,59,69,38,156,106,128],"class_list":["post-28522","post","type-post","status-publish","format-standard","has-post-thumbnail","hentry","category-investigadorasalmando","category-empleo","tag-investigadorasalmando","tag-426","tag-ciencia","tag-enfoque-de-genero","tag-espana","tag-igualdad-de-oportunidades","tag-investigacion","tag-politicas-publicas","tag-sector-tic"],"yoast_head":"<!-- This site is optimized with the Yoast SEO plugin v27.5 - https:\/\/yoast.com\/product\/yoast-seo-wordpress\/ -->\n<title>Progreso de las mujeres investigadoras en Espa\u00f1a - Observatorio de Igualdad y Empleo<\/title>\n<meta name=\"robots\" content=\"index, follow, max-snippet:-1, max-image-preview:large, max-video-preview:-1\" \/>\n<link rel=\"canonical\" href=\"https:\/\/observatorioigualdadyempleo.es\/progreso-de-las-mujeres-investigadoras-en-espana\/\" \/>\n<meta property=\"og:locale\" content=\"es_ES\" \/>\n<meta property=\"og:type\" content=\"article\" \/>\n<meta property=\"og:title\" content=\"Progreso de las mujeres investigadoras en Espa\u00f1a - Observatorio de Igualdad y Empleo\" \/>\n<meta property=\"og:description\" content=\"Investigadoras son \u201clas personas implicadas en la concepci\u00f3n o creaci\u00f3n de nuevos conocimientos, productos, procesos, m\u00e9todos y sistemas y en la gesti\u00f3n de los correspondientes proyectos\u201d. La investigaci\u00f3n cient\u00edfica y tecnol\u00f3gica es indispensable para el progreso y la mejora de [\u2026]\" \/>\n<meta property=\"og:url\" content=\"https:\/\/observatorioigualdadyempleo.es\/progreso-de-las-mujeres-investigadoras-en-espana\/\" \/>\n<meta property=\"og:site_name\" content=\"Observatorio de Igualdad y Empleo\" \/>\n<meta property=\"article:publisher\" content=\"https:\/\/www.facebook.com\/fundacionmujeres\" \/>\n<meta property=\"article:published_time\" content=\"2026-04-08T06:54:23+00:00\" \/>\n<meta property=\"article:modified_time\" content=\"2026-04-08T07:18:14+00:00\" \/>\n<meta property=\"og:image\" content=\"https:\/\/observatorioigualdadyempleo.es\/wp-content\/uploads\/2026\/03\/Noticia_1_10A2026.png\" \/>\n\t<meta property=\"og:image:width\" content=\"850\" \/>\n\t<meta property=\"og:image:height\" content=\"480\" \/>\n\t<meta property=\"og:image:type\" content=\"image\/png\" \/>\n<meta name=\"author\" content=\"Ricardo Caceres\" \/>\n<meta name=\"twitter:card\" content=\"summary_large_image\" \/>\n<meta name=\"twitter:creator\" content=\"@fmujeres\" \/>\n<meta name=\"twitter:site\" content=\"@fmujeres\" \/>\n<meta name=\"twitter:label1\" content=\"Escrito por\" \/>\n\t<meta name=\"twitter:data1\" content=\"Ricardo Caceres\" \/>\n\t<meta name=\"twitter:label2\" content=\"Tiempo de lectura\" \/>\n\t<meta name=\"twitter:data2\" content=\"6 minutos\" \/>\n<script type=\"application\/ld+json\" class=\"yoast-schema-graph\">{\"@context\":\"https:\\\/\\\/schema.org\",\"@graph\":[{\"@type\":\"Article\",\"@id\":\"https:\\\/\\\/observatorioigualdadyempleo.es\\\/progreso-de-las-mujeres-investigadoras-en-espana\\\/#article\",\"isPartOf\":{\"@id\":\"https:\\\/\\\/observatorioigualdadyempleo.es\\\/progreso-de-las-mujeres-investigadoras-en-espana\\\/\"},\"author\":{\"name\":\"Ricardo Caceres\",\"@id\":\"https:\\\/\\\/observatorioigualdadyempleo.es\\\/#\\\/schema\\\/person\\\/636958756c86a3659434ff7e5215552c\"},\"headline\":\"Progreso de las mujeres investigadoras en Espa\u00f1a\",\"datePublished\":\"2026-04-08T06:54:23+00:00\",\"dateModified\":\"2026-04-08T07:18:14+00:00\",\"mainEntityOfPage\":{\"@id\":\"https:\\\/\\\/observatorioigualdadyempleo.es\\\/progreso-de-las-mujeres-investigadoras-en-espana\\\/\"},\"wordCount\":1027,\"image\":{\"@id\":\"https:\\\/\\\/observatorioigualdadyempleo.es\\\/progreso-de-las-mujeres-investigadoras-en-espana\\\/#primaryimage\"},\"thumbnailUrl\":\"http:\\\/\\\/activat9-cp344.wordpresstemporal.com\\\/observatorio_igualdad_y_empleo\\\/wp-content\\\/uploads\\\/2026\\\/03\\\/Noticia_1_10A2026.png\",\"keywords\":[\"#InvestigadorasAlMando\",\"2026\",\"Ciencia\",\"Enfoque de g\u00e9nero\",\"Espa\u00f1a\",\"Igualdad de Oportunidades\",\"Investigaci\u00f3n\",\"Pol\u00edticas P\u00fablicas\",\"Sector TIC\"],\"articleSection\":[\"#InvestigadorasAlMando\",\"Empleo\"],\"inLanguage\":\"es\"},{\"@type\":\"WebPage\",\"@id\":\"https:\\\/\\\/observatorioigualdadyempleo.es\\\/progreso-de-las-mujeres-investigadoras-en-espana\\\/\",\"url\":\"https:\\\/\\\/observatorioigualdadyempleo.es\\\/progreso-de-las-mujeres-investigadoras-en-espana\\\/\",\"name\":\"Progreso de las mujeres investigadoras en Espa\u00f1a - Observatorio de Igualdad y Empleo\",\"isPartOf\":{\"@id\":\"https:\\\/\\\/observatorioigualdadyempleo.es\\\/#website\"},\"primaryImageOfPage\":{\"@id\":\"https:\\\/\\\/observatorioigualdadyempleo.es\\\/progreso-de-las-mujeres-investigadoras-en-espana\\\/#primaryimage\"},\"image\":{\"@id\":\"https:\\\/\\\/observatorioigualdadyempleo.es\\\/progreso-de-las-mujeres-investigadoras-en-espana\\\/#primaryimage\"},\"thumbnailUrl\":\"http:\\\/\\\/activat9-cp344.wordpresstemporal.com\\\/observatorio_igualdad_y_empleo\\\/wp-content\\\/uploads\\\/2026\\\/03\\\/Noticia_1_10A2026.png\",\"datePublished\":\"2026-04-08T06:54:23+00:00\",\"dateModified\":\"2026-04-08T07:18:14+00:00\",\"author\":{\"@id\":\"https:\\\/\\\/observatorioigualdadyempleo.es\\\/#\\\/schema\\\/person\\\/636958756c86a3659434ff7e5215552c\"},\"breadcrumb\":{\"@id\":\"https:\\\/\\\/observatorioigualdadyempleo.es\\\/progreso-de-las-mujeres-investigadoras-en-espana\\\/#breadcrumb\"},\"inLanguage\":\"es\",\"potentialAction\":[{\"@type\":\"ReadAction\",\"target\":[\"https:\\\/\\\/observatorioigualdadyempleo.es\\\/progreso-de-las-mujeres-investigadoras-en-espana\\\/\"]}]},{\"@type\":\"ImageObject\",\"inLanguage\":\"es\",\"@id\":\"https:\\\/\\\/observatorioigualdadyempleo.es\\\/progreso-de-las-mujeres-investigadoras-en-espana\\\/#primaryimage\",\"url\":\"http:\\\/\\\/activat9-cp344.wordpresstemporal.com\\\/observatorio_igualdad_y_empleo\\\/wp-content\\\/uploads\\\/2026\\\/03\\\/Noticia_1_10A2026.png\",\"contentUrl\":\"http:\\\/\\\/activat9-cp344.wordpresstemporal.com\\\/observatorio_igualdad_y_empleo\\\/wp-content\\\/uploads\\\/2026\\\/03\\\/Noticia_1_10A2026.png\",\"width\":850,\"height\":480},{\"@type\":\"BreadcrumbList\",\"@id\":\"https:\\\/\\\/observatorioigualdadyempleo.es\\\/progreso-de-las-mujeres-investigadoras-en-espana\\\/#breadcrumb\",\"itemListElement\":[{\"@type\":\"ListItem\",\"position\":1,\"name\":\"Portada\",\"item\":\"https:\\\/\\\/observatorioigualdadyempleo.es\\\/\"},{\"@type\":\"ListItem\",\"position\":2,\"name\":\"Progreso de las mujeres investigadoras en Espa\u00f1a\"}]},{\"@type\":\"WebSite\",\"@id\":\"https:\\\/\\\/observatorioigualdadyempleo.es\\\/#website\",\"url\":\"https:\\\/\\\/observatorioigualdadyempleo.es\\\/\",\"name\":\"Observatorio de Igualdad y Empleo\",\"description\":\"Recopilatorio de conocimiento sobre igualdad  y empleo\",\"potentialAction\":[{\"@type\":\"SearchAction\",\"target\":{\"@type\":\"EntryPoint\",\"urlTemplate\":\"https:\\\/\\\/observatorioigualdadyempleo.es\\\/?s={search_term_string}\"},\"query-input\":{\"@type\":\"PropertyValueSpecification\",\"valueRequired\":true,\"valueName\":\"search_term_string\"}}],\"inLanguage\":\"es\"},{\"@type\":\"Person\",\"@id\":\"https:\\\/\\\/observatorioigualdadyempleo.es\\\/#\\\/schema\\\/person\\\/636958756c86a3659434ff7e5215552c\",\"name\":\"Ricardo Caceres\",\"image\":{\"@type\":\"ImageObject\",\"inLanguage\":\"es\",\"@id\":\"https:\\\/\\\/secure.gravatar.com\\\/avatar\\\/033a244ad832ad2dd65bc032c83faf8dedb83f9e3fba9e173186eddafdc507a6?s=96&d=mm&r=g\",\"url\":\"https:\\\/\\\/secure.gravatar.com\\\/avatar\\\/033a244ad832ad2dd65bc032c83faf8dedb83f9e3fba9e173186eddafdc507a6?s=96&d=mm&r=g\",\"contentUrl\":\"https:\\\/\\\/secure.gravatar.com\\\/avatar\\\/033a244ad832ad2dd65bc032c83faf8dedb83f9e3fba9e173186eddafdc507a6?s=96&d=mm&r=g\",\"caption\":\"Ricardo Caceres\"},\"url\":\"http:\\\/\\\/activat9-cp344.wordpresstemporal.com\\\/observatorio_igualdad_y_empleo\\\/author\\\/ricardo-caceres\\\/\"}]}<\/script>\n<!-- \/ Yoast SEO plugin. -->","yoast_head_json":{"title":"Progreso de las mujeres investigadoras en Espa\u00f1a - Observatorio de Igualdad y Empleo","robots":{"index":"index","follow":"follow","max-snippet":"max-snippet:-1","max-image-preview":"max-image-preview:large","max-video-preview":"max-video-preview:-1"},"canonical":"https:\/\/observatorioigualdadyempleo.es\/progreso-de-las-mujeres-investigadoras-en-espana\/","og_locale":"es_ES","og_type":"article","og_title":"Progreso de las mujeres investigadoras en Espa\u00f1a - Observatorio de Igualdad y Empleo","og_description":"Investigadoras son \u201clas personas implicadas en la concepci\u00f3n o creaci\u00f3n de nuevos conocimientos, productos, procesos, m\u00e9todos y sistemas y en la gesti\u00f3n de los correspondientes proyectos\u201d. La investigaci\u00f3n cient\u00edfica y tecnol\u00f3gica es indispensable para el progreso y la mejora de [\u2026]","og_url":"https:\/\/observatorioigualdadyempleo.es\/progreso-de-las-mujeres-investigadoras-en-espana\/","og_site_name":"Observatorio de Igualdad y Empleo","article_publisher":"https:\/\/www.facebook.com\/fundacionmujeres","article_published_time":"2026-04-08T06:54:23+00:00","article_modified_time":"2026-04-08T07:18:14+00:00","og_image":[{"width":850,"height":480,"url":"https:\/\/observatorioigualdadyempleo.es\/wp-content\/uploads\/2026\/03\/Noticia_1_10A2026.png","type":"image\/png"}],"author":"Ricardo Caceres","twitter_card":"summary_large_image","twitter_creator":"@fmujeres","twitter_site":"@fmujeres","twitter_misc":{"Escrito por":"Ricardo Caceres","Tiempo de lectura":"6 minutos"},"schema":{"@context":"https:\/\/schema.org","@graph":[{"@type":"Article","@id":"https:\/\/observatorioigualdadyempleo.es\/progreso-de-las-mujeres-investigadoras-en-espana\/#article","isPartOf":{"@id":"https:\/\/observatorioigualdadyempleo.es\/progreso-de-las-mujeres-investigadoras-en-espana\/"},"author":{"name":"Ricardo Caceres","@id":"https:\/\/observatorioigualdadyempleo.es\/#\/schema\/person\/636958756c86a3659434ff7e5215552c"},"headline":"Progreso de las mujeres investigadoras en Espa\u00f1a","datePublished":"2026-04-08T06:54:23+00:00","dateModified":"2026-04-08T07:18:14+00:00","mainEntityOfPage":{"@id":"https:\/\/observatorioigualdadyempleo.es\/progreso-de-las-mujeres-investigadoras-en-espana\/"},"wordCount":1027,"image":{"@id":"https:\/\/observatorioigualdadyempleo.es\/progreso-de-las-mujeres-investigadoras-en-espana\/#primaryimage"},"thumbnailUrl":"http:\/\/activat9-cp344.wordpresstemporal.com\/observatorio_igualdad_y_empleo\/wp-content\/uploads\/2026\/03\/Noticia_1_10A2026.png","keywords":["#InvestigadorasAlMando","2026","Ciencia","Enfoque de g\u00e9nero","Espa\u00f1a","Igualdad de Oportunidades","Investigaci\u00f3n","Pol\u00edticas P\u00fablicas","Sector TIC"],"articleSection":["#InvestigadorasAlMando","Empleo"],"inLanguage":"es"},{"@type":"WebPage","@id":"https:\/\/observatorioigualdadyempleo.es\/progreso-de-las-mujeres-investigadoras-en-espana\/","url":"https:\/\/observatorioigualdadyempleo.es\/progreso-de-las-mujeres-investigadoras-en-espana\/","name":"Progreso de las mujeres investigadoras en Espa\u00f1a - Observatorio de Igualdad y Empleo","isPartOf":{"@id":"https:\/\/observatorioigualdadyempleo.es\/#website"},"primaryImageOfPage":{"@id":"https:\/\/observatorioigualdadyempleo.es\/progreso-de-las-mujeres-investigadoras-en-espana\/#primaryimage"},"image":{"@id":"https:\/\/observatorioigualdadyempleo.es\/progreso-de-las-mujeres-investigadoras-en-espana\/#primaryimage"},"thumbnailUrl":"http:\/\/activat9-cp344.wordpresstemporal.com\/observatorio_igualdad_y_empleo\/wp-content\/uploads\/2026\/03\/Noticia_1_10A2026.png","datePublished":"2026-04-08T06:54:23+00:00","dateModified":"2026-04-08T07:18:14+00:00","author":{"@id":"https:\/\/observatorioigualdadyempleo.es\/#\/schema\/person\/636958756c86a3659434ff7e5215552c"},"breadcrumb":{"@id":"https:\/\/observatorioigualdadyempleo.es\/progreso-de-las-mujeres-investigadoras-en-espana\/#breadcrumb"},"inLanguage":"es","potentialAction":[{"@type":"ReadAction","target":["https:\/\/observatorioigualdadyempleo.es\/progreso-de-las-mujeres-investigadoras-en-espana\/"]}]},{"@type":"ImageObject","inLanguage":"es","@id":"https:\/\/observatorioigualdadyempleo.es\/progreso-de-las-mujeres-investigadoras-en-espana\/#primaryimage","url":"http:\/\/activat9-cp344.wordpresstemporal.com\/observatorio_igualdad_y_empleo\/wp-content\/uploads\/2026\/03\/Noticia_1_10A2026.png","contentUrl":"http:\/\/activat9-cp344.wordpresstemporal.com\/observatorio_igualdad_y_empleo\/wp-content\/uploads\/2026\/03\/Noticia_1_10A2026.png","width":850,"height":480},{"@type":"BreadcrumbList","@id":"https:\/\/observatorioigualdadyempleo.es\/progreso-de-las-mujeres-investigadoras-en-espana\/#breadcrumb","itemListElement":[{"@type":"ListItem","position":1,"name":"Portada","item":"https:\/\/observatorioigualdadyempleo.es\/"},{"@type":"ListItem","position":2,"name":"Progreso de las mujeres investigadoras en Espa\u00f1a"}]},{"@type":"WebSite","@id":"https:\/\/observatorioigualdadyempleo.es\/#website","url":"https:\/\/observatorioigualdadyempleo.es\/","name":"Observatorio de Igualdad y Empleo","description":"Recopilatorio de conocimiento sobre igualdad  y empleo","potentialAction":[{"@type":"SearchAction","target":{"@type":"EntryPoint","urlTemplate":"https:\/\/observatorioigualdadyempleo.es\/?s={search_term_string}"},"query-input":{"@type":"PropertyValueSpecification","valueRequired":true,"valueName":"search_term_string"}}],"inLanguage":"es"},{"@type":"Person","@id":"https:\/\/observatorioigualdadyempleo.es\/#\/schema\/person\/636958756c86a3659434ff7e5215552c","name":"Ricardo Caceres","image":{"@type":"ImageObject","inLanguage":"es","@id":"https:\/\/secure.gravatar.com\/avatar\/033a244ad832ad2dd65bc032c83faf8dedb83f9e3fba9e173186eddafdc507a6?s=96&d=mm&r=g","url":"https:\/\/secure.gravatar.com\/avatar\/033a244ad832ad2dd65bc032c83faf8dedb83f9e3fba9e173186eddafdc507a6?s=96&d=mm&r=g","contentUrl":"https:\/\/secure.gravatar.com\/avatar\/033a244ad832ad2dd65bc032c83faf8dedb83f9e3fba9e173186eddafdc507a6?s=96&d=mm&r=g","caption":"Ricardo Caceres"},"url":"http:\/\/activat9-cp344.wordpresstemporal.com\/observatorio_igualdad_y_empleo\/author\/ricardo-caceres\/"}]}},"_links":{"self":[{"href":"http:\/\/activat9-cp344.wordpresstemporal.com\/observatorio_igualdad_y_empleo\/wp-json\/wp\/v2\/posts\/28522","targetHints":{"allow":["GET"]}}],"collection":[{"href":"http:\/\/activat9-cp344.wordpresstemporal.com\/observatorio_igualdad_y_empleo\/wp-json\/wp\/v2\/posts"}],"about":[{"href":"http:\/\/activat9-cp344.wordpresstemporal.com\/observatorio_igualdad_y_empleo\/wp-json\/wp\/v2\/types\/post"}],"author":[{"embeddable":true,"href":"http:\/\/activat9-cp344.wordpresstemporal.com\/observatorio_igualdad_y_empleo\/wp-json\/wp\/v2\/users\/29"}],"replies":[{"embeddable":true,"href":"http:\/\/activat9-cp344.wordpresstemporal.com\/observatorio_igualdad_y_empleo\/wp-json\/wp\/v2\/comments?post=28522"}],"version-history":[{"count":24,"href":"http:\/\/activat9-cp344.wordpresstemporal.com\/observatorio_igualdad_y_empleo\/wp-json\/wp\/v2\/posts\/28522\/revisions"}],"predecessor-version":[{"id":28670,"href":"http:\/\/activat9-cp344.wordpresstemporal.com\/observatorio_igualdad_y_empleo\/wp-json\/wp\/v2\/posts\/28522\/revisions\/28670"}],"wp:featuredmedia":[{"embeddable":true,"href":"http:\/\/activat9-cp344.wordpresstemporal.com\/observatorio_igualdad_y_empleo\/wp-json\/wp\/v2\/media\/28523"}],"wp:attachment":[{"href":"http:\/\/activat9-cp344.wordpresstemporal.com\/observatorio_igualdad_y_empleo\/wp-json\/wp\/v2\/media?parent=28522"}],"wp:term":[{"taxonomy":"category","embeddable":true,"href":"http:\/\/activat9-cp344.wordpresstemporal.com\/observatorio_igualdad_y_empleo\/wp-json\/wp\/v2\/categories?post=28522"},{"taxonomy":"post_tag","embeddable":true,"href":"http:\/\/activat9-cp344.wordpresstemporal.com\/observatorio_igualdad_y_empleo\/wp-json\/wp\/v2\/tags?post=28522"}],"curies":[{"name":"wp","href":"https:\/\/api.w.org\/{rel}","templated":true}]}}