{"id":28525,"date":"2026-04-09T10:05:35","date_gmt":"2026-04-09T09:05:35","guid":{"rendered":"https:\/\/observatorioigualdadyempleo.es\/?p=28525"},"modified":"2026-04-09T10:14:13","modified_gmt":"2026-04-09T09:14:13","slug":"el-techo-de-cristal-en-la-investigacion","status":"publish","type":"post","link":"http:\/\/activat9-cp344.wordpresstemporal.com\/observatorio_igualdad_y_empleo\/el-techo-de-cristal-en-la-investigacion\/","title":{"rendered":"El techo de cristal en la investigaci\u00f3n"},"content":{"rendered":"<p style=\"text-align: justify;\">La expresi\u00f3n \u201ctecho de cristal\u201d es una referencia metaf\u00f3rica utilizada para describir la situaci\u00f3n de desventaja a la que se enfrentan las mujeres debido a barreras invisibles que les impiden alcanzar puestos de influencia y liderazgo en sus carreras profesionales. A pesar de contar con la cualificaci\u00f3n necesaria y la inversi\u00f3n de tiempo y esfuerzo necesarias, estos obst\u00e1culos expulsan a las mujeres de los puestos de mayor relevancia.<\/p>\n<h3 style=\"text-align: justify;\">El techo de cristal en investigaci\u00f3n existe<\/h3>\n<p style=\"text-align: justify;\">El estudio <a href=\"https:\/\/feminismos.ua.es\/article\/view\/23360\">El techo de cristal de las mujeres investigadoras en ciencias de la salud en Espa\u00f1a<\/a> reafirma la existencia del techo de cristal en la investigaci\u00f3n en el \u00e1rea de medicina. Este estudio cuenta con testimonios que describen la situaci\u00f3n a la que se encuentra esta \u00e1rea de estudio: <em>\u201cCuando empiezan es igual hombres y mujeres, en el doctorado igual y cuando son becas como Ram\u00f3n y Cajal es un 40% de mujeres y un 60% de hombres. Y en posiciones s\u00e9nior pues igual un 20% de mujeres frente a un 80% de hombres\u201d.<\/em><\/p>\n<p style=\"text-align: justify;\">Otro ejemplo es el informe \u201c<a href=\"https:\/\/www.csic.es\/es\/el-csic\/ciencia-en-igualdad\/comision-de-mujeres-y-ciencia\/documentos-de-la-cmyc\/informes-mujeres-investigadoras\">Mujeres Investigadoras CSIC 2024<\/a>\u201d \u00a0que realiza el CSIC con el objetivo de describir la brecha de g\u00e9nero que existe en la instituci\u00f3n para poder implementar acciones que reduzcan la misma.<\/p>\n<p style=\"text-align: center;\"><strong>Gr\u00e1fica tijera personal investigador<\/strong><\/p>\n<p style=\"text-align: center;\"><a href=\"https:\/\/observatorioigualdadyempleo.es\/wp-content\/uploads\/2026\/04\/Captura-de-pantalla-2026-03-30-104519.png\"><img loading=\"lazy\" decoding=\"async\" class=\"size-full wp-image-28674 aligncenter\" src=\"https:\/\/observatorioigualdadyempleo.es\/wp-content\/uploads\/2026\/04\/Captura-de-pantalla-2026-03-30-104519.png\" alt=\"\" width=\"646\" height=\"299\" srcset=\"http:\/\/activat9-cp344.wordpresstemporal.com\/observatorio_igualdad_y_empleo\/wp-content\/uploads\/2026\/04\/Captura-de-pantalla-2026-03-30-104519.png 646w, http:\/\/activat9-cp344.wordpresstemporal.com\/observatorio_igualdad_y_empleo\/wp-content\/uploads\/2026\/04\/Captura-de-pantalla-2026-03-30-104519-150x69.png 150w, http:\/\/activat9-cp344.wordpresstemporal.com\/observatorio_igualdad_y_empleo\/wp-content\/uploads\/2026\/04\/Captura-de-pantalla-2026-03-30-104519-480x222.png 480w\" sizes=\"auto, (max-width:767px) 480px, 646px\" \/><\/a>Fuente: Informe Mujeres Investigadoras CSIC 2024<\/p>\n<p style=\"text-align: justify;\"><strong>En el paso de investigaci\u00f3n pre doctoral a investigaci\u00f3n posdoctoral se invierte la proporci\u00f3n, pasando de un 51,3% de mujeres a un 48,7%<\/strong>. La proporci\u00f3n de mujeres alcanza el 43% si se incluyen las investigadores pre y posdoctorales, pero en las posiciones permanentes ascienden al 37,6%. En los puestos permanentes se observa c\u00f3mo las mujeres alcanzan un 43,5% del cient\u00edficas investigadoras titulares, pero apenas llegan al 27% en profesoras de investigaci\u00f3n.<\/p>\n<h3 style=\"text-align: justify;\">El \u00edndice de techo de cristal<\/h3>\n<p style=\"text-align: justify;\"><a href=\"https:\/\/observatorioigualdadyempleo.es\/wp-content\/uploads\/2026\/04\/Figura-noticia-contenido-2_-.png\"><img loading=\"lazy\" decoding=\"async\" class=\"size-full wp-image-28680 alignright\" src=\"https:\/\/observatorioigualdadyempleo.es\/wp-content\/uploads\/2026\/04\/Figura-noticia-contenido-2_-.png\" alt=\"\" width=\"625\" height=\"250\" srcset=\"http:\/\/activat9-cp344.wordpresstemporal.com\/observatorio_igualdad_y_empleo\/wp-content\/uploads\/2026\/04\/Figura-noticia-contenido-2_-.png 625w, http:\/\/activat9-cp344.wordpresstemporal.com\/observatorio_igualdad_y_empleo\/wp-content\/uploads\/2026\/04\/Figura-noticia-contenido-2_--150x60.png 150w, http:\/\/activat9-cp344.wordpresstemporal.com\/observatorio_igualdad_y_empleo\/wp-content\/uploads\/2026\/04\/Figura-noticia-contenido-2_--480x192.png 480w\" sizes=\"auto, (max-width:767px) 480px, 625px\" \/><\/a>El \u00edndice de techo de cristal es una medida estad\u00edstica que cuantifica las dificultades de las mujeres para ascender a puestos de responsabilidad y liderazgo. <strong>Este indicador compara la proporci\u00f3n de mujeres en las escalas m\u00e1s altas con su presencia total en el \u00e1mbito de estudio.<\/strong> Un \u00edndice por debajo de 1 indicar\u00eda sobrerrepresentaci\u00f3n de mujeres. 1 equivaldr\u00eda a la paridad y por encima de uno se trata de infrarrepresentaci\u00f3n de mujeres.<\/p>\n<p style=\"text-align: justify;\">En un caso concreto de la investigaci\u00f3n en Espa\u00f1a, el indicador que compara la proporci\u00f3n de mujeres en la posici\u00f3n m\u00e1s alta (c\u00e1tedras o profesoras de investigaci\u00f3n GRADO A) en relaci\u00f3n con el total de mujeres en la investigaci\u00f3n (c\u00e1tedra, titular, personal investigador cient\u00edfico, GRADOS A, B y C):<\/p>\n<p style=\"text-align: justify;\">\n<p style=\"text-align: justify;\">El informe \u201cCient\u00edficas en Cifras 2025\u201d recoge la evoluci\u00f3n en los \u00faltimos a\u00f1os de este \u00edndice para las carreras cient\u00edficas y tecnol\u00f3gicas en las universidades espa\u00f1olas. Los datos muestran c\u00f3mo se ha producido una reducci\u00f3n paulatina del \u00edndice, pero manteniendo este ritmo de descenso la paridad no se dar\u00eda hasta dentro de 15 a\u00f1os.<\/p>\n<p style=\"text-align: justify;\"><strong>\u00a0<\/strong><\/p>\n<p style=\"text-align: center;\"><strong>Evoluci\u00f3n del \u00cdndice de Techo de Cristal en la universidad seg\u00fan \u00e1rea cient\u00edfico-tecnol\u00f3gica. Cursos 2018-2019 a 2022-2023<\/strong><\/p>\n<p style=\"text-align: center;\"><a href=\"https:\/\/observatorioigualdadyempleo.es\/wp-content\/uploads\/2026\/04\/Captura-de-pantalla-2026-04-08-122159.png\"><img loading=\"lazy\" decoding=\"async\" class=\"size-full wp-image-28682 aligncenter\" src=\"https:\/\/observatorioigualdadyempleo.es\/wp-content\/uploads\/2026\/04\/Captura-de-pantalla-2026-04-08-122159.png\" alt=\"\" width=\"917\" height=\"356\" srcset=\"http:\/\/activat9-cp344.wordpresstemporal.com\/observatorio_igualdad_y_empleo\/wp-content\/uploads\/2026\/04\/Captura-de-pantalla-2026-04-08-122159.png 917w, http:\/\/activat9-cp344.wordpresstemporal.com\/observatorio_igualdad_y_empleo\/wp-content\/uploads\/2026\/04\/Captura-de-pantalla-2026-04-08-122159-768x298.png 768w, http:\/\/activat9-cp344.wordpresstemporal.com\/observatorio_igualdad_y_empleo\/wp-content\/uploads\/2026\/04\/Captura-de-pantalla-2026-04-08-122159-150x58.png 150w, http:\/\/activat9-cp344.wordpresstemporal.com\/observatorio_igualdad_y_empleo\/wp-content\/uploads\/2026\/04\/Captura-de-pantalla-2026-04-08-122159-480x186.png 480w\" sizes=\"auto, (max-width:767px) 480px, (max-width:917px) 100vw, 917px\" \/><\/a>Fuente: <a href=\"https:\/\/observatorioigualdadyempleo.es\/downloads\/?26482\">Cient\u00edficas en cifras 2025<\/a><\/p>\n<h3 style=\"text-align: justify;\">Mujeres en puestos de liderazgo y direcci\u00f3n<\/h3>\n<p style=\"text-align: justify;\">Como muestra de la infrarrepresentaci\u00f3n de mujeres en puestos de direcci\u00f3n y liderazgo, el informe <a href=\"https:\/\/observatorioigualdadyempleo.es\/downloads\/?28530\">Mujeres e innovaci\u00f3n 2026<\/a> nos ofrece dos indicadores:<\/p>\n<p style=\"text-align: center;\"><strong>Composici\u00f3n del Consejo Asesor de Ciencia, Tecnolog\u00eda e Innovaci\u00f3n (evoluci\u00f3n 2012-2024)<\/strong><\/p>\n<p style=\"text-align: center;\"><a href=\"https:\/\/observatorioigualdadyempleo.es\/wp-content\/uploads\/2026\/04\/Captura-de-pantalla-2026-03-30-105810.png\"><img loading=\"lazy\" decoding=\"async\" class=\"size-full wp-image-28683 aligncenter\" src=\"https:\/\/observatorioigualdadyempleo.es\/wp-content\/uploads\/2026\/04\/Captura-de-pantalla-2026-03-30-105810.png\" alt=\"\" width=\"737\" height=\"396\" srcset=\"http:\/\/activat9-cp344.wordpresstemporal.com\/observatorio_igualdad_y_empleo\/wp-content\/uploads\/2026\/04\/Captura-de-pantalla-2026-03-30-105810.png 737w, http:\/\/activat9-cp344.wordpresstemporal.com\/observatorio_igualdad_y_empleo\/wp-content\/uploads\/2026\/04\/Captura-de-pantalla-2026-03-30-105810-140x75.png 140w, http:\/\/activat9-cp344.wordpresstemporal.com\/observatorio_igualdad_y_empleo\/wp-content\/uploads\/2026\/04\/Captura-de-pantalla-2026-03-30-105810-480x258.png 480w\" sizes=\"auto, (max-width:767px) 480px, 737px\" \/><\/a>Fuente: Mujeres e innovaci\u00f3n 2026. Ministerio de Ciencia, Innovaci\u00f3n y Universidades.<\/p>\n<p style=\"text-align: justify;\">El Consejo Asesor de Ciencia, Tecnolog\u00eda e Innovaci\u00f3n es el \u00f3rgano consultivo principal en Espa\u00f1a que asesora al Ministerio de Ciencia, Innovaci\u00f3n y Universidades. Se trata de un \u00f3rgano de influencia y que a pesar de la evoluci\u00f3n positiva en su composici\u00f3n desde el a\u00f1o 2020, el porcentaje de mujeres se encuentra cerca del 40%.<\/p>\n<p style=\"text-align: justify;\">Por su parte,<strong> la Federaci\u00f3n Espa\u00f1ola de Centros Tecnol\u00f3gicos <\/strong>act\u00faa como representante y potenciadora de este \u00e1mbito en Espa\u00f1a. Es el principal interlocutor ante la Administraci\u00f3n P\u00fablica para impulsar la investigaci\u00f3n y la innovaci\u00f3n. En este caso, vemos como <strong>el porcentaje de mujeres que pertenece al personal investigador se encuentra por debajo del 40%<\/strong>. <strong>En el caso de directoras de centros tecnol\u00f3gicos, por debajo del 20%.<\/strong> (Fuente: Federaci\u00f3n Espa\u00f1ola de Centros Tecnol\u00f3gicos, FEDIT).<\/p>\n<h3 style=\"text-align: justify;\">Barreras y estrategias para afrontarlas<\/h3>\n<p style=\"text-align: justify;\">En el estudio \u201cEl techo de cristal de las mujeres investigadoras en ciencias de la salud en Espa\u00f1a\u201d se identifican como barreras principales:<\/p>\n<ul style=\"text-align: justify;\">\n<li><strong>La carga de cuidados recae en las mujeres:<\/strong> falta de corresponsabilidad. La maternidad supone una carga que no se identifica de igual manera en la paternidad. Las mujeres no acceden, o lo hacen m\u00e1s tarde, a los liderazgos porque atienden en mayor medida las circunstancias reproductivas. As\u00ed, a la misma edad los hombres acceden a posiciones de mayor poder.<\/li>\n<li><strong>Meritocracia: igualdad no es equidad.<\/strong> Los criterios de evaluaci\u00f3n que se aplican de manera id\u00e9ntica a mujeres y hombres, sin tener en cuenta las circunstancias. La etapa de mayor producci\u00f3n cient\u00edfica coincide con la edad f\u00e9rtil de las mujeres, e incluso despu\u00e9s pueden tener que cuidar a personas mayores.<\/li>\n<li><strong>Percepci\u00f3n de sexismo en el entorno laboral.<\/strong> Las mujeres entrevistadas describen que los puestos de mayor rango, como los responsables de contrataci\u00f3n, est\u00e1n ocupados por hombres quienes pueden tender a considerar que otros hombres son m\u00e1s aptos que las mujeres.<\/li>\n<\/ul>\n<p style=\"text-align: justify;\">Por su parte, las estrategias seguidas para conciliar consisten en la b\u00fasqueda de ayuda familiar, exterior a la familia (amistades) o gesti\u00f3n del tiempo con servicios p\u00fablicos o privados (guarder\u00edas, academias o actividades extraescolares). Para que existan estrategias realmente efectivas se necesita el apoyo y la corresponsabilidad de la sociedad en su conjunto. La participaci\u00f3n del estado a trav\u00e9s de la promulgaci\u00f3n de derechos de conciliaci\u00f3n realmente efectivos y la promoci\u00f3n de servicios de apoyo. Igualmente, la concepci\u00f3n del valor real del trabajo reproductivo.<\/p>\n<h6 style=\"text-align: justify;\">Puedes acceder a la fuente original de la noticia en los siguientes enlaces:<\/h6>\n<p style=\"text-align: justify;\"><a href=\"https:\/\/www.ibv.csic.es\/techo-de-cristal\/\">El techo de cristal<\/a><\/p>\n<p style=\"text-align: justify;\"><a href=\"https:\/\/11defebrero.org\/el-indice-de-techo-de-cristal\/\">El \u00edndice de techo de cristal<\/a><\/p>\n<p style=\"text-align: justify;\"><a href=\"https:\/\/feminismos.ua.es\/article\/view\/23360\">El techo de cristal de las mujeres investigadoras en ciencias de la salud en Espa\u00f1a<\/a><\/p>\n<p style=\"text-align: justify;\"><a href=\"https:\/\/www.csic.es\/es\/el-csic\/ciencia-en-igualdad\/comision-de-mujeres-y-ciencia\/documentos-de-la-cmyc\/informes-mujeres-investigadoras\">Informe Mujeres Investigadoras CSIC 2024<\/a><\/p>\n<p style=\"text-align: justify;\"><a href=\"https:\/\/observatorioigualdadyempleo.es\/downloads\/?26482\">Cient\u00edficas en Cifras 2025<\/a><\/p>\n<p style=\"text-align: justify;\"><span style=\"color: #808080;\"><strong>La campa\u00f1a #InvestigadorasAlMando se enmarca en el proyecto Empoderamiento e Igualdad para el Empleo, financiado por el Ministerio de Derechos Sociales, Consumo y Agenda 2030.<\/strong><\/span><\/p>\n","protected":false},"excerpt":{"rendered":"<p>La expresi\u00f3n \u201ctecho de cristal\u201d es una referencia metaf\u00f3rica utilizada para describir la situaci\u00f3n de desventaja a la que se enfrentan las mujeres debido a barreras invisibles que les impiden alcanzar puestos de influencia y liderazgo en sus carreras profesionales.<span class=\"excerpt-hellip\"> [\u2026]<\/span><\/p>\n","protected":false},"author":29,"featured_media":28526,"comment_status":"closed","ping_status":"open","sticky":false,"template":"","format":"standard","meta":{"footnotes":""},"categories":[1305,181],"tags":[1306,426,196,699,509,55,59,69,38,156,128],"class_list":["post-28525","post","type-post","status-publish","format-standard","has-post-thumbnail","hentry","category-investigadorasalmando","category-empleo","tag-investigadorasalmando","tag-426","tag-brecha","tag-campanas","tag-ciencia","tag-empleo","tag-enfoque-de-genero","tag-espana","tag-igualdad-de-oportunidades","tag-investigacion","tag-sector-tic"],"yoast_head":"<!-- This site is optimized with the Yoast SEO plugin v27.5 - https:\/\/yoast.com\/product\/yoast-seo-wordpress\/ -->\n<title>El techo de cristal en la investigaci\u00f3n - Observatorio de Igualdad y Empleo<\/title>\n<meta name=\"robots\" content=\"index, follow, max-snippet:-1, max-image-preview:large, max-video-preview:-1\" \/>\n<link rel=\"canonical\" href=\"https:\/\/activat9-cp344.wordpresstemporal.com\/observatorio_igualdad_y_empleo\/el-techo-de-cristal-en-la-investigacion\/\" \/>\n<meta property=\"og:locale\" content=\"es_ES\" \/>\n<meta property=\"og:type\" content=\"article\" \/>\n<meta property=\"og:title\" content=\"El techo de cristal en la investigaci\u00f3n - Observatorio de Igualdad y Empleo\" \/>\n<meta property=\"og:description\" content=\"La expresi\u00f3n \u201ctecho de cristal\u201d es una referencia metaf\u00f3rica utilizada para describir la situaci\u00f3n de desventaja a la que se enfrentan las mujeres debido a barreras invisibles que les impiden alcanzar puestos de influencia y liderazgo en sus carreras profesionales. [\u2026]\" \/>\n<meta property=\"og:url\" content=\"https:\/\/activat9-cp344.wordpresstemporal.com\/observatorio_igualdad_y_empleo\/el-techo-de-cristal-en-la-investigacion\/\" \/>\n<meta property=\"og:site_name\" content=\"Observatorio de Igualdad y Empleo\" \/>\n<meta property=\"article:publisher\" content=\"https:\/\/www.facebook.com\/fundacionmujeres\" \/>\n<meta property=\"article:published_time\" content=\"2026-04-09T09:05:35+00:00\" \/>\n<meta property=\"article:modified_time\" content=\"2026-04-09T09:14:13+00:00\" \/>\n<meta property=\"og:image\" content=\"https:\/\/activat9-cp344.wordpresstemporal.com\/observatorio_igualdad_y_empleo\/wp-content\/uploads\/2026\/03\/Noticia_2_10A2026.png\" \/>\n\t<meta property=\"og:image:width\" content=\"850\" \/>\n\t<meta property=\"og:image:height\" content=\"480\" \/>\n\t<meta property=\"og:image:type\" content=\"image\/png\" \/>\n<meta name=\"author\" content=\"Ricardo Caceres\" \/>\n<meta name=\"twitter:card\" content=\"summary_large_image\" \/>\n<meta name=\"twitter:creator\" content=\"@fmujeres\" \/>\n<meta name=\"twitter:site\" content=\"@fmujeres\" \/>\n<meta name=\"twitter:label1\" content=\"Escrito por\" \/>\n\t<meta name=\"twitter:data1\" content=\"Ricardo Caceres\" \/>\n\t<meta name=\"twitter:label2\" content=\"Tiempo de lectura\" \/>\n\t<meta name=\"twitter:data2\" content=\"6 minutos\" \/>\n<script type=\"application\/ld+json\" class=\"yoast-schema-graph\">{\"@context\":\"https:\\\/\\\/schema.org\",\"@graph\":[{\"@type\":\"Article\",\"@id\":\"https:\\\/\\\/activat9-cp344.wordpresstemporal.com\\\/observatorio_igualdad_y_empleo\\\/el-techo-de-cristal-en-la-investigacion\\\/#article\",\"isPartOf\":{\"@id\":\"https:\\\/\\\/activat9-cp344.wordpresstemporal.com\\\/observatorio_igualdad_y_empleo\\\/el-techo-de-cristal-en-la-investigacion\\\/\"},\"author\":{\"name\":\"Ricardo Caceres\",\"@id\":\"https:\\\/\\\/observatorioigualdadyempleo.es\\\/#\\\/schema\\\/person\\\/636958756c86a3659434ff7e5215552c\"},\"headline\":\"El techo de cristal en la investigaci\u00f3n\",\"datePublished\":\"2026-04-09T09:05:35+00:00\",\"dateModified\":\"2026-04-09T09:14:13+00:00\",\"mainEntityOfPage\":{\"@id\":\"https:\\\/\\\/activat9-cp344.wordpresstemporal.com\\\/observatorio_igualdad_y_empleo\\\/el-techo-de-cristal-en-la-investigacion\\\/\"},\"wordCount\":1093,\"image\":{\"@id\":\"https:\\\/\\\/activat9-cp344.wordpresstemporal.com\\\/observatorio_igualdad_y_empleo\\\/el-techo-de-cristal-en-la-investigacion\\\/#primaryimage\"},\"thumbnailUrl\":\"http:\\\/\\\/activat9-cp344.wordpresstemporal.com\\\/observatorio_igualdad_y_empleo\\\/wp-content\\\/uploads\\\/2026\\\/03\\\/Noticia_2_10A2026.png\",\"keywords\":[\"#InvestigadorasAlMando\",\"2026\",\"Brecha\",\"Campa\u00f1as\",\"Ciencia\",\"Empleo\",\"Enfoque de g\u00e9nero\",\"Espa\u00f1a\",\"Igualdad de Oportunidades\",\"Investigaci\u00f3n\",\"Sector TIC\"],\"articleSection\":[\"#InvestigadorasAlMando\",\"Empleo\"],\"inLanguage\":\"es\"},{\"@type\":\"WebPage\",\"@id\":\"https:\\\/\\\/activat9-cp344.wordpresstemporal.com\\\/observatorio_igualdad_y_empleo\\\/el-techo-de-cristal-en-la-investigacion\\\/\",\"url\":\"https:\\\/\\\/activat9-cp344.wordpresstemporal.com\\\/observatorio_igualdad_y_empleo\\\/el-techo-de-cristal-en-la-investigacion\\\/\",\"name\":\"El techo de cristal en la investigaci\u00f3n - Observatorio de Igualdad y Empleo\",\"isPartOf\":{\"@id\":\"https:\\\/\\\/observatorioigualdadyempleo.es\\\/#website\"},\"primaryImageOfPage\":{\"@id\":\"https:\\\/\\\/activat9-cp344.wordpresstemporal.com\\\/observatorio_igualdad_y_empleo\\\/el-techo-de-cristal-en-la-investigacion\\\/#primaryimage\"},\"image\":{\"@id\":\"https:\\\/\\\/activat9-cp344.wordpresstemporal.com\\\/observatorio_igualdad_y_empleo\\\/el-techo-de-cristal-en-la-investigacion\\\/#primaryimage\"},\"thumbnailUrl\":\"http:\\\/\\\/activat9-cp344.wordpresstemporal.com\\\/observatorio_igualdad_y_empleo\\\/wp-content\\\/uploads\\\/2026\\\/03\\\/Noticia_2_10A2026.png\",\"datePublished\":\"2026-04-09T09:05:35+00:00\",\"dateModified\":\"2026-04-09T09:14:13+00:00\",\"author\":{\"@id\":\"https:\\\/\\\/observatorioigualdadyempleo.es\\\/#\\\/schema\\\/person\\\/636958756c86a3659434ff7e5215552c\"},\"breadcrumb\":{\"@id\":\"https:\\\/\\\/activat9-cp344.wordpresstemporal.com\\\/observatorio_igualdad_y_empleo\\\/el-techo-de-cristal-en-la-investigacion\\\/#breadcrumb\"},\"inLanguage\":\"es\",\"potentialAction\":[{\"@type\":\"ReadAction\",\"target\":[\"https:\\\/\\\/activat9-cp344.wordpresstemporal.com\\\/observatorio_igualdad_y_empleo\\\/el-techo-de-cristal-en-la-investigacion\\\/\"]}]},{\"@type\":\"ImageObject\",\"inLanguage\":\"es\",\"@id\":\"https:\\\/\\\/activat9-cp344.wordpresstemporal.com\\\/observatorio_igualdad_y_empleo\\\/el-techo-de-cristal-en-la-investigacion\\\/#primaryimage\",\"url\":\"http:\\\/\\\/activat9-cp344.wordpresstemporal.com\\\/observatorio_igualdad_y_empleo\\\/wp-content\\\/uploads\\\/2026\\\/03\\\/Noticia_2_10A2026.png\",\"contentUrl\":\"http:\\\/\\\/activat9-cp344.wordpresstemporal.com\\\/observatorio_igualdad_y_empleo\\\/wp-content\\\/uploads\\\/2026\\\/03\\\/Noticia_2_10A2026.png\",\"width\":850,\"height\":480},{\"@type\":\"BreadcrumbList\",\"@id\":\"https:\\\/\\\/activat9-cp344.wordpresstemporal.com\\\/observatorio_igualdad_y_empleo\\\/el-techo-de-cristal-en-la-investigacion\\\/#breadcrumb\",\"itemListElement\":[{\"@type\":\"ListItem\",\"position\":1,\"name\":\"Portada\",\"item\":\"https:\\\/\\\/observatorioigualdadyempleo.es\\\/\"},{\"@type\":\"ListItem\",\"position\":2,\"name\":\"El techo de cristal en la investigaci\u00f3n\"}]},{\"@type\":\"WebSite\",\"@id\":\"https:\\\/\\\/observatorioigualdadyempleo.es\\\/#website\",\"url\":\"https:\\\/\\\/observatorioigualdadyempleo.es\\\/\",\"name\":\"Observatorio de Igualdad y Empleo\",\"description\":\"Recopilatorio de conocimiento sobre igualdad  y empleo\",\"potentialAction\":[{\"@type\":\"SearchAction\",\"target\":{\"@type\":\"EntryPoint\",\"urlTemplate\":\"https:\\\/\\\/observatorioigualdadyempleo.es\\\/?s={search_term_string}\"},\"query-input\":{\"@type\":\"PropertyValueSpecification\",\"valueRequired\":true,\"valueName\":\"search_term_string\"}}],\"inLanguage\":\"es\"},{\"@type\":\"Person\",\"@id\":\"https:\\\/\\\/observatorioigualdadyempleo.es\\\/#\\\/schema\\\/person\\\/636958756c86a3659434ff7e5215552c\",\"name\":\"Ricardo Caceres\",\"image\":{\"@type\":\"ImageObject\",\"inLanguage\":\"es\",\"@id\":\"https:\\\/\\\/secure.gravatar.com\\\/avatar\\\/033a244ad832ad2dd65bc032c83faf8dedb83f9e3fba9e173186eddafdc507a6?s=96&d=mm&r=g\",\"url\":\"https:\\\/\\\/secure.gravatar.com\\\/avatar\\\/033a244ad832ad2dd65bc032c83faf8dedb83f9e3fba9e173186eddafdc507a6?s=96&d=mm&r=g\",\"contentUrl\":\"https:\\\/\\\/secure.gravatar.com\\\/avatar\\\/033a244ad832ad2dd65bc032c83faf8dedb83f9e3fba9e173186eddafdc507a6?s=96&d=mm&r=g\",\"caption\":\"Ricardo Caceres\"},\"url\":\"http:\\\/\\\/activat9-cp344.wordpresstemporal.com\\\/observatorio_igualdad_y_empleo\\\/author\\\/ricardo-caceres\\\/\"}]}<\/script>\n<!-- \/ Yoast SEO plugin. -->","yoast_head_json":{"title":"El techo de cristal en la investigaci\u00f3n - Observatorio de Igualdad y Empleo","robots":{"index":"index","follow":"follow","max-snippet":"max-snippet:-1","max-image-preview":"max-image-preview:large","max-video-preview":"max-video-preview:-1"},"canonical":"https:\/\/activat9-cp344.wordpresstemporal.com\/observatorio_igualdad_y_empleo\/el-techo-de-cristal-en-la-investigacion\/","og_locale":"es_ES","og_type":"article","og_title":"El techo de cristal en la investigaci\u00f3n - Observatorio de Igualdad y Empleo","og_description":"La expresi\u00f3n \u201ctecho de cristal\u201d es una referencia metaf\u00f3rica utilizada para describir la situaci\u00f3n de desventaja a la que se enfrentan las mujeres debido a barreras invisibles que les impiden alcanzar puestos de influencia y liderazgo en sus carreras profesionales. [\u2026]","og_url":"https:\/\/activat9-cp344.wordpresstemporal.com\/observatorio_igualdad_y_empleo\/el-techo-de-cristal-en-la-investigacion\/","og_site_name":"Observatorio de Igualdad y Empleo","article_publisher":"https:\/\/www.facebook.com\/fundacionmujeres","article_published_time":"2026-04-09T09:05:35+00:00","article_modified_time":"2026-04-09T09:14:13+00:00","og_image":[{"width":850,"height":480,"url":"https:\/\/activat9-cp344.wordpresstemporal.com\/observatorio_igualdad_y_empleo\/wp-content\/uploads\/2026\/03\/Noticia_2_10A2026.png","type":"image\/png"}],"author":"Ricardo Caceres","twitter_card":"summary_large_image","twitter_creator":"@fmujeres","twitter_site":"@fmujeres","twitter_misc":{"Escrito por":"Ricardo Caceres","Tiempo de lectura":"6 minutos"},"schema":{"@context":"https:\/\/schema.org","@graph":[{"@type":"Article","@id":"https:\/\/activat9-cp344.wordpresstemporal.com\/observatorio_igualdad_y_empleo\/el-techo-de-cristal-en-la-investigacion\/#article","isPartOf":{"@id":"https:\/\/activat9-cp344.wordpresstemporal.com\/observatorio_igualdad_y_empleo\/el-techo-de-cristal-en-la-investigacion\/"},"author":{"name":"Ricardo Caceres","@id":"https:\/\/observatorioigualdadyempleo.es\/#\/schema\/person\/636958756c86a3659434ff7e5215552c"},"headline":"El techo de cristal en la investigaci\u00f3n","datePublished":"2026-04-09T09:05:35+00:00","dateModified":"2026-04-09T09:14:13+00:00","mainEntityOfPage":{"@id":"https:\/\/activat9-cp344.wordpresstemporal.com\/observatorio_igualdad_y_empleo\/el-techo-de-cristal-en-la-investigacion\/"},"wordCount":1093,"image":{"@id":"https:\/\/activat9-cp344.wordpresstemporal.com\/observatorio_igualdad_y_empleo\/el-techo-de-cristal-en-la-investigacion\/#primaryimage"},"thumbnailUrl":"http:\/\/activat9-cp344.wordpresstemporal.com\/observatorio_igualdad_y_empleo\/wp-content\/uploads\/2026\/03\/Noticia_2_10A2026.png","keywords":["#InvestigadorasAlMando","2026","Brecha","Campa\u00f1as","Ciencia","Empleo","Enfoque de g\u00e9nero","Espa\u00f1a","Igualdad de Oportunidades","Investigaci\u00f3n","Sector TIC"],"articleSection":["#InvestigadorasAlMando","Empleo"],"inLanguage":"es"},{"@type":"WebPage","@id":"https:\/\/activat9-cp344.wordpresstemporal.com\/observatorio_igualdad_y_empleo\/el-techo-de-cristal-en-la-investigacion\/","url":"https:\/\/activat9-cp344.wordpresstemporal.com\/observatorio_igualdad_y_empleo\/el-techo-de-cristal-en-la-investigacion\/","name":"El techo de cristal en la investigaci\u00f3n - Observatorio de Igualdad y Empleo","isPartOf":{"@id":"https:\/\/observatorioigualdadyempleo.es\/#website"},"primaryImageOfPage":{"@id":"https:\/\/activat9-cp344.wordpresstemporal.com\/observatorio_igualdad_y_empleo\/el-techo-de-cristal-en-la-investigacion\/#primaryimage"},"image":{"@id":"https:\/\/activat9-cp344.wordpresstemporal.com\/observatorio_igualdad_y_empleo\/el-techo-de-cristal-en-la-investigacion\/#primaryimage"},"thumbnailUrl":"http:\/\/activat9-cp344.wordpresstemporal.com\/observatorio_igualdad_y_empleo\/wp-content\/uploads\/2026\/03\/Noticia_2_10A2026.png","datePublished":"2026-04-09T09:05:35+00:00","dateModified":"2026-04-09T09:14:13+00:00","author":{"@id":"https:\/\/observatorioigualdadyempleo.es\/#\/schema\/person\/636958756c86a3659434ff7e5215552c"},"breadcrumb":{"@id":"https:\/\/activat9-cp344.wordpresstemporal.com\/observatorio_igualdad_y_empleo\/el-techo-de-cristal-en-la-investigacion\/#breadcrumb"},"inLanguage":"es","potentialAction":[{"@type":"ReadAction","target":["https:\/\/activat9-cp344.wordpresstemporal.com\/observatorio_igualdad_y_empleo\/el-techo-de-cristal-en-la-investigacion\/"]}]},{"@type":"ImageObject","inLanguage":"es","@id":"https:\/\/activat9-cp344.wordpresstemporal.com\/observatorio_igualdad_y_empleo\/el-techo-de-cristal-en-la-investigacion\/#primaryimage","url":"http:\/\/activat9-cp344.wordpresstemporal.com\/observatorio_igualdad_y_empleo\/wp-content\/uploads\/2026\/03\/Noticia_2_10A2026.png","contentUrl":"http:\/\/activat9-cp344.wordpresstemporal.com\/observatorio_igualdad_y_empleo\/wp-content\/uploads\/2026\/03\/Noticia_2_10A2026.png","width":850,"height":480},{"@type":"BreadcrumbList","@id":"https:\/\/activat9-cp344.wordpresstemporal.com\/observatorio_igualdad_y_empleo\/el-techo-de-cristal-en-la-investigacion\/#breadcrumb","itemListElement":[{"@type":"ListItem","position":1,"name":"Portada","item":"https:\/\/observatorioigualdadyempleo.es\/"},{"@type":"ListItem","position":2,"name":"El techo de cristal en la investigaci\u00f3n"}]},{"@type":"WebSite","@id":"https:\/\/observatorioigualdadyempleo.es\/#website","url":"https:\/\/observatorioigualdadyempleo.es\/","name":"Observatorio de Igualdad y Empleo","description":"Recopilatorio de conocimiento sobre igualdad  y empleo","potentialAction":[{"@type":"SearchAction","target":{"@type":"EntryPoint","urlTemplate":"https:\/\/observatorioigualdadyempleo.es\/?s={search_term_string}"},"query-input":{"@type":"PropertyValueSpecification","valueRequired":true,"valueName":"search_term_string"}}],"inLanguage":"es"},{"@type":"Person","@id":"https:\/\/observatorioigualdadyempleo.es\/#\/schema\/person\/636958756c86a3659434ff7e5215552c","name":"Ricardo Caceres","image":{"@type":"ImageObject","inLanguage":"es","@id":"https:\/\/secure.gravatar.com\/avatar\/033a244ad832ad2dd65bc032c83faf8dedb83f9e3fba9e173186eddafdc507a6?s=96&d=mm&r=g","url":"https:\/\/secure.gravatar.com\/avatar\/033a244ad832ad2dd65bc032c83faf8dedb83f9e3fba9e173186eddafdc507a6?s=96&d=mm&r=g","contentUrl":"https:\/\/secure.gravatar.com\/avatar\/033a244ad832ad2dd65bc032c83faf8dedb83f9e3fba9e173186eddafdc507a6?s=96&d=mm&r=g","caption":"Ricardo Caceres"},"url":"http:\/\/activat9-cp344.wordpresstemporal.com\/observatorio_igualdad_y_empleo\/author\/ricardo-caceres\/"}]}},"_links":{"self":[{"href":"http:\/\/activat9-cp344.wordpresstemporal.com\/observatorio_igualdad_y_empleo\/wp-json\/wp\/v2\/posts\/28525","targetHints":{"allow":["GET"]}}],"collection":[{"href":"http:\/\/activat9-cp344.wordpresstemporal.com\/observatorio_igualdad_y_empleo\/wp-json\/wp\/v2\/posts"}],"about":[{"href":"http:\/\/activat9-cp344.wordpresstemporal.com\/observatorio_igualdad_y_empleo\/wp-json\/wp\/v2\/types\/post"}],"author":[{"embeddable":true,"href":"http:\/\/activat9-cp344.wordpresstemporal.com\/observatorio_igualdad_y_empleo\/wp-json\/wp\/v2\/users\/29"}],"replies":[{"embeddable":true,"href":"http:\/\/activat9-cp344.wordpresstemporal.com\/observatorio_igualdad_y_empleo\/wp-json\/wp\/v2\/comments?post=28525"}],"version-history":[{"count":8,"href":"http:\/\/activat9-cp344.wordpresstemporal.com\/observatorio_igualdad_y_empleo\/wp-json\/wp\/v2\/posts\/28525\/revisions"}],"predecessor-version":[{"id":28688,"href":"http:\/\/activat9-cp344.wordpresstemporal.com\/observatorio_igualdad_y_empleo\/wp-json\/wp\/v2\/posts\/28525\/revisions\/28688"}],"wp:featuredmedia":[{"embeddable":true,"href":"http:\/\/activat9-cp344.wordpresstemporal.com\/observatorio_igualdad_y_empleo\/wp-json\/wp\/v2\/media\/28526"}],"wp:attachment":[{"href":"http:\/\/activat9-cp344.wordpresstemporal.com\/observatorio_igualdad_y_empleo\/wp-json\/wp\/v2\/media?parent=28525"}],"wp:term":[{"taxonomy":"category","embeddable":true,"href":"http:\/\/activat9-cp344.wordpresstemporal.com\/observatorio_igualdad_y_empleo\/wp-json\/wp\/v2\/categories?post=28525"},{"taxonomy":"post_tag","embeddable":true,"href":"http:\/\/activat9-cp344.wordpresstemporal.com\/observatorio_igualdad_y_empleo\/wp-json\/wp\/v2\/tags?post=28525"}],"curies":[{"name":"wp","href":"https:\/\/api.w.org\/{rel}","templated":true}]}}