{"id":28982,"date":"2026-05-07T08:59:04","date_gmt":"2026-05-07T07:59:04","guid":{"rendered":"https:\/\/observatorioigualdadyempleo.es\/?p=28982"},"modified":"2026-05-21T08:13:25","modified_gmt":"2026-05-21T07:13:25","slug":"epa-1o-trimestre-2026","status":"publish","type":"post","link":"http:\/\/activat9-cp344.wordpresstemporal.com\/observatorio_igualdad_y_empleo\/epa-1o-trimestre-2026\/","title":{"rendered":"EPA 1\u00ba trimestre 2026"},"content":{"rendered":"<p style=\"text-align: justify;\">Los datos correspondientes al primer trimestre de 2026 de la <a href=\"https:\/\/www.ine.es\/dyngs\/Prensa\/EPA1T26.htm\">Encuesta de Poblaci\u00f3n Activa<\/a> ya se encuentran disponibles. Aqu\u00ed puedes acceder a las <a href=\"https:\/\/observatorioigualdadyempleo.es\/estadisticas-2\/\">actualizaciones estad\u00edsticas<\/a> y al <a href=\"https:\/\/observatorioigualdadyempleo.es\/downloads\/?28980\">informe de las brechas de g\u00e9nero<\/a> correspondiente a los datos de este periodo.<\/p>\n<p style=\"text-align: justify;\">Durante este trimestre se produjo una disminuci\u00f3n de las personas ocupadas, restando 170.300 y alcanzando las 22.293.300. Por su parte, el n\u00famero de personas activas creci\u00f3 en 61.200, llegando a las 25.001.600.<\/p>\n<p style=\"text-align: justify;\">Segregando estos datos en funci\u00f3n del sexo observamos que:<\/p>\n<ul style=\"text-align: justify;\">\n<li><strong>Disminuci\u00f3n de la ocupaci\u00f3n que afecta mayoritariamente a mujeres<\/strong>. A pesar de que las mujeres tienen menor presencia en el mercado laboral, la ocupaci\u00f3n para ellas disminuye en 90.300 ocupadas, mientras que para ellos lo hace en 80.100.<\/li>\n<\/ul>\n<p>&nbsp;<\/p>\n<ul style=\"text-align: justify;\">\n<li>Por su parte, en cuanto a la <b>poblaci\u00f3n activa <\/b>se registra un mayor aumento para las mujeres. Se han incorporado al empleo o a su b\u00fasqueda activa 46.700 mujeres y 14.500 hombres.<\/li>\n<\/ul>\n<p>&nbsp;<\/p>\n<ul style=\"text-align: justify;\">\n<li>En cuanto al n\u00famero de personas paradas, alcanza las 2.708.600, aumentando en 94.500 hombres y 137.000 mujeres respecto al trimestre anterior. As\u00ed, la tasa de paro masculina desciende en 1,11 puntos porcentuales y la femenina en 0,71.<\/li>\n<\/ul>\n<h3 style=\"text-align: justify;\">\u00a0Cuestionar los datos y entender las brechas<\/h3>\n<p style=\"text-align: justify;\">Adem\u00e1s de los datos destacados en cuanto a actividad, ocupaci\u00f3n y paro, cabe tambi\u00e9n subrayar que la brecha de g\u00e9nero en cuanto a personas activas en el mercado laboral se mantienen para todos los rangos de edad a favor de los hombres, a pesar de que las mujeres representan un mayor n\u00famero total en el conjunto de la sociedad:<\/p>\n<p style=\"text-align: center;\"><strong><a href=\"https:\/\/observatorioigualdadyempleo.es\/wp-content\/uploads\/2026\/05\/graph.jpg\"><img loading=\"lazy\" decoding=\"async\" class=\"size-full wp-image-28983 aligncenter\" src=\"https:\/\/observatorioigualdadyempleo.es\/wp-content\/uploads\/2026\/05\/graph.jpg\" alt=\"\" width=\"829\" height=\"436\" srcset=\"http:\/\/activat9-cp344.wordpresstemporal.com\/observatorio_igualdad_y_empleo\/wp-content\/uploads\/2026\/05\/graph.jpg 829w, http:\/\/activat9-cp344.wordpresstemporal.com\/observatorio_igualdad_y_empleo\/wp-content\/uploads\/2026\/05\/graph-768x404.jpg 768w, http:\/\/activat9-cp344.wordpresstemporal.com\/observatorio_igualdad_y_empleo\/wp-content\/uploads\/2026\/05\/graph-143x75.jpg 143w, http:\/\/activat9-cp344.wordpresstemporal.com\/observatorio_igualdad_y_empleo\/wp-content\/uploads\/2026\/05\/graph-480x252.jpg 480w\" sizes=\"auto, (max-width:767px) 480px, (max-width:829px) 100vw, 829px\" \/><\/a>Fuente: EPA 1\u00baT 2026, INE<\/strong><\/p>\n<h6 style=\"text-align: justify;\">El observatorio de Igualdad y Empleo es una acci\u00f3n de divulgaci\u00f3n que forma parte del Programa Estatal FSE+ de Inclusi\u00f3n Social, Garant\u00eda Infantil y Lucha contra la Pobreza que est\u00e1 cofinanciado por el Fondo Social Europeo + (2021ES05SFPR003) y cuenta con el apoyo del Ministerio de Derechos Sociales, Consumo y Agenda 2030.<\/h6>\n","protected":false},"excerpt":{"rendered":"<p>Los datos correspondientes al primer trimestre de 2026 de la Encuesta de Poblaci\u00f3n Activa ya se encuentran disponibles. Aqu\u00ed puedes acceder a las actualizaciones estad\u00edsticas y al informe de las brechas de g\u00e9nero correspondiente a los datos de este periodo.<span class=\"excerpt-hellip\"> [\u2026]<\/span><\/p>\n","protected":false},"author":29,"featured_media":27889,"comment_status":"open","ping_status":"open","sticky":false,"template":"","format":"standard","meta":{"footnotes":""},"categories":[1224,181],"tags":[425,55,59,185,1319],"class_list":["post-28982","post","type-post","status-publish","format-standard","has-post-thumbnail","hentry","category-campanaalicia","category-empleo","tag-425","tag-empleo","tag-enfoque-de-genero","tag-epa","tag-espana-aliciaactivandolaigualdad"],"yoast_head":"<!-- This site is optimized with the Yoast SEO plugin v27.5 - https:\/\/yoast.com\/product\/yoast-seo-wordpress\/ -->\n<title>EPA 1\u00ba trimestre 2026 - Observatorio de Igualdad y Empleo<\/title>\n<meta name=\"robots\" content=\"index, follow, max-snippet:-1, max-image-preview:large, max-video-preview:-1\" \/>\n<link rel=\"canonical\" href=\"https:\/\/observatorioigualdadyempleo.es\/epa-1o-trimestre-2026\/\" \/>\n<meta property=\"og:locale\" content=\"es_ES\" \/>\n<meta property=\"og:type\" content=\"article\" \/>\n<meta property=\"og:title\" content=\"EPA 1\u00ba trimestre 2026 - Observatorio de Igualdad y Empleo\" \/>\n<meta property=\"og:description\" content=\"Los datos correspondientes al primer trimestre de 2026 de la Encuesta de Poblaci\u00f3n Activa ya se encuentran disponibles. Aqu\u00ed puedes acceder a las actualizaciones estad\u00edsticas y al informe de las brechas de g\u00e9nero correspondiente a los datos de este periodo. [\u2026]\" \/>\n<meta property=\"og:url\" content=\"https:\/\/observatorioigualdadyempleo.es\/epa-1o-trimestre-2026\/\" \/>\n<meta property=\"og:site_name\" content=\"Observatorio de Igualdad y Empleo\" \/>\n<meta property=\"article:publisher\" content=\"https:\/\/www.facebook.com\/fundacionmujeres\" \/>\n<meta property=\"article:published_time\" content=\"2026-05-07T07:59:04+00:00\" \/>\n<meta property=\"article:modified_time\" content=\"2026-05-21T07:13:25+00:00\" \/>\n<meta property=\"og:image\" content=\"https:\/\/observatorioigualdadyempleo.es\/wp-content\/uploads\/2026\/02\/EPA_2026.png\" \/>\n\t<meta property=\"og:image:width\" content=\"850\" \/>\n\t<meta property=\"og:image:height\" content=\"480\" \/>\n\t<meta property=\"og:image:type\" content=\"image\/png\" \/>\n<meta name=\"author\" content=\"Ricardo Caceres\" \/>\n<meta name=\"twitter:card\" content=\"summary_large_image\" \/>\n<meta name=\"twitter:creator\" content=\"@fmujeres\" \/>\n<meta name=\"twitter:site\" content=\"@fmujeres\" \/>\n<meta name=\"twitter:label1\" content=\"Escrito por\" \/>\n\t<meta name=\"twitter:data1\" content=\"Ricardo Caceres\" \/>\n\t<meta name=\"twitter:label2\" content=\"Tiempo de lectura\" \/>\n\t<meta name=\"twitter:data2\" content=\"2 minutos\" \/>\n<script type=\"application\/ld+json\" class=\"yoast-schema-graph\">{\"@context\":\"https:\\\/\\\/schema.org\",\"@graph\":[{\"@type\":\"Article\",\"@id\":\"https:\\\/\\\/observatorioigualdadyempleo.es\\\/epa-1o-trimestre-2026\\\/#article\",\"isPartOf\":{\"@id\":\"https:\\\/\\\/observatorioigualdadyempleo.es\\\/epa-1o-trimestre-2026\\\/\"},\"author\":{\"name\":\"Ricardo Caceres\",\"@id\":\"https:\\\/\\\/observatorioigualdadyempleo.es\\\/#\\\/schema\\\/person\\\/636958756c86a3659434ff7e5215552c\"},\"headline\":\"EPA 1\u00ba trimestre 2026\",\"datePublished\":\"2026-05-07T07:59:04+00:00\",\"dateModified\":\"2026-05-21T07:13:25+00:00\",\"mainEntityOfPage\":{\"@id\":\"https:\\\/\\\/observatorioigualdadyempleo.es\\\/epa-1o-trimestre-2026\\\/\"},\"wordCount\":320,\"commentCount\":0,\"image\":{\"@id\":\"https:\\\/\\\/observatorioigualdadyempleo.es\\\/epa-1o-trimestre-2026\\\/#primaryimage\"},\"thumbnailUrl\":\"http:\\\/\\\/activat9-cp344.wordpresstemporal.com\\\/observatorio_igualdad_y_empleo\\\/wp-content\\\/uploads\\\/2026\\\/02\\\/EPA_2026.png\",\"keywords\":[\"2025\",\"Empleo\",\"Enfoque de g\u00e9nero\",\"EPA\",\"Espa\u00f1a. #AliciaActivandoLaIgualdad\"],\"articleSection\":[\"Campa\u00f1aAlicia\",\"Empleo\"],\"inLanguage\":\"es\",\"potentialAction\":[{\"@type\":\"CommentAction\",\"name\":\"Comment\",\"target\":[\"https:\\\/\\\/observatorioigualdadyempleo.es\\\/epa-1o-trimestre-2026\\\/#respond\"]}]},{\"@type\":\"WebPage\",\"@id\":\"https:\\\/\\\/observatorioigualdadyempleo.es\\\/epa-1o-trimestre-2026\\\/\",\"url\":\"https:\\\/\\\/observatorioigualdadyempleo.es\\\/epa-1o-trimestre-2026\\\/\",\"name\":\"EPA 1\u00ba trimestre 2026 - Observatorio de Igualdad y Empleo\",\"isPartOf\":{\"@id\":\"https:\\\/\\\/observatorioigualdadyempleo.es\\\/#website\"},\"primaryImageOfPage\":{\"@id\":\"https:\\\/\\\/observatorioigualdadyempleo.es\\\/epa-1o-trimestre-2026\\\/#primaryimage\"},\"image\":{\"@id\":\"https:\\\/\\\/observatorioigualdadyempleo.es\\\/epa-1o-trimestre-2026\\\/#primaryimage\"},\"thumbnailUrl\":\"http:\\\/\\\/activat9-cp344.wordpresstemporal.com\\\/observatorio_igualdad_y_empleo\\\/wp-content\\\/uploads\\\/2026\\\/02\\\/EPA_2026.png\",\"datePublished\":\"2026-05-07T07:59:04+00:00\",\"dateModified\":\"2026-05-21T07:13:25+00:00\",\"author\":{\"@id\":\"https:\\\/\\\/observatorioigualdadyempleo.es\\\/#\\\/schema\\\/person\\\/636958756c86a3659434ff7e5215552c\"},\"breadcrumb\":{\"@id\":\"https:\\\/\\\/observatorioigualdadyempleo.es\\\/epa-1o-trimestre-2026\\\/#breadcrumb\"},\"inLanguage\":\"es\",\"potentialAction\":[{\"@type\":\"ReadAction\",\"target\":[\"https:\\\/\\\/observatorioigualdadyempleo.es\\\/epa-1o-trimestre-2026\\\/\"]}]},{\"@type\":\"ImageObject\",\"inLanguage\":\"es\",\"@id\":\"https:\\\/\\\/observatorioigualdadyempleo.es\\\/epa-1o-trimestre-2026\\\/#primaryimage\",\"url\":\"http:\\\/\\\/activat9-cp344.wordpresstemporal.com\\\/observatorio_igualdad_y_empleo\\\/wp-content\\\/uploads\\\/2026\\\/02\\\/EPA_2026.png\",\"contentUrl\":\"http:\\\/\\\/activat9-cp344.wordpresstemporal.com\\\/observatorio_igualdad_y_empleo\\\/wp-content\\\/uploads\\\/2026\\\/02\\\/EPA_2026.png\",\"width\":850,\"height\":480},{\"@type\":\"BreadcrumbList\",\"@id\":\"https:\\\/\\\/observatorioigualdadyempleo.es\\\/epa-1o-trimestre-2026\\\/#breadcrumb\",\"itemListElement\":[{\"@type\":\"ListItem\",\"position\":1,\"name\":\"Portada\",\"item\":\"https:\\\/\\\/observatorioigualdadyempleo.es\\\/\"},{\"@type\":\"ListItem\",\"position\":2,\"name\":\"EPA 1\u00ba trimestre 2026\"}]},{\"@type\":\"WebSite\",\"@id\":\"https:\\\/\\\/observatorioigualdadyempleo.es\\\/#website\",\"url\":\"https:\\\/\\\/observatorioigualdadyempleo.es\\\/\",\"name\":\"Observatorio de Igualdad y Empleo\",\"description\":\"Recopilatorio de conocimiento sobre igualdad  y empleo\",\"potentialAction\":[{\"@type\":\"SearchAction\",\"target\":{\"@type\":\"EntryPoint\",\"urlTemplate\":\"https:\\\/\\\/observatorioigualdadyempleo.es\\\/?s={search_term_string}\"},\"query-input\":{\"@type\":\"PropertyValueSpecification\",\"valueRequired\":true,\"valueName\":\"search_term_string\"}}],\"inLanguage\":\"es\"},{\"@type\":\"Person\",\"@id\":\"https:\\\/\\\/observatorioigualdadyempleo.es\\\/#\\\/schema\\\/person\\\/636958756c86a3659434ff7e5215552c\",\"name\":\"Ricardo Caceres\",\"image\":{\"@type\":\"ImageObject\",\"inLanguage\":\"es\",\"@id\":\"https:\\\/\\\/secure.gravatar.com\\\/avatar\\\/033a244ad832ad2dd65bc032c83faf8dedb83f9e3fba9e173186eddafdc507a6?s=96&d=mm&r=g\",\"url\":\"https:\\\/\\\/secure.gravatar.com\\\/avatar\\\/033a244ad832ad2dd65bc032c83faf8dedb83f9e3fba9e173186eddafdc507a6?s=96&d=mm&r=g\",\"contentUrl\":\"https:\\\/\\\/secure.gravatar.com\\\/avatar\\\/033a244ad832ad2dd65bc032c83faf8dedb83f9e3fba9e173186eddafdc507a6?s=96&d=mm&r=g\",\"caption\":\"Ricardo Caceres\"},\"url\":\"http:\\\/\\\/activat9-cp344.wordpresstemporal.com\\\/observatorio_igualdad_y_empleo\\\/author\\\/ricardo-caceres\\\/\"}]}<\/script>\n<!-- \/ Yoast SEO plugin. -->","yoast_head_json":{"title":"EPA 1\u00ba trimestre 2026 - Observatorio de Igualdad y Empleo","robots":{"index":"index","follow":"follow","max-snippet":"max-snippet:-1","max-image-preview":"max-image-preview:large","max-video-preview":"max-video-preview:-1"},"canonical":"https:\/\/observatorioigualdadyempleo.es\/epa-1o-trimestre-2026\/","og_locale":"es_ES","og_type":"article","og_title":"EPA 1\u00ba trimestre 2026 - Observatorio de Igualdad y Empleo","og_description":"Los datos correspondientes al primer trimestre de 2026 de la Encuesta de Poblaci\u00f3n Activa ya se encuentran disponibles. Aqu\u00ed puedes acceder a las actualizaciones estad\u00edsticas y al informe de las brechas de g\u00e9nero correspondiente a los datos de este periodo. [\u2026]","og_url":"https:\/\/observatorioigualdadyempleo.es\/epa-1o-trimestre-2026\/","og_site_name":"Observatorio de Igualdad y Empleo","article_publisher":"https:\/\/www.facebook.com\/fundacionmujeres","article_published_time":"2026-05-07T07:59:04+00:00","article_modified_time":"2026-05-21T07:13:25+00:00","og_image":[{"width":850,"height":480,"url":"https:\/\/observatorioigualdadyempleo.es\/wp-content\/uploads\/2026\/02\/EPA_2026.png","type":"image\/png"}],"author":"Ricardo Caceres","twitter_card":"summary_large_image","twitter_creator":"@fmujeres","twitter_site":"@fmujeres","twitter_misc":{"Escrito por":"Ricardo Caceres","Tiempo de lectura":"2 minutos"},"schema":{"@context":"https:\/\/schema.org","@graph":[{"@type":"Article","@id":"https:\/\/observatorioigualdadyempleo.es\/epa-1o-trimestre-2026\/#article","isPartOf":{"@id":"https:\/\/observatorioigualdadyempleo.es\/epa-1o-trimestre-2026\/"},"author":{"name":"Ricardo Caceres","@id":"https:\/\/observatorioigualdadyempleo.es\/#\/schema\/person\/636958756c86a3659434ff7e5215552c"},"headline":"EPA 1\u00ba trimestre 2026","datePublished":"2026-05-07T07:59:04+00:00","dateModified":"2026-05-21T07:13:25+00:00","mainEntityOfPage":{"@id":"https:\/\/observatorioigualdadyempleo.es\/epa-1o-trimestre-2026\/"},"wordCount":320,"commentCount":0,"image":{"@id":"https:\/\/observatorioigualdadyempleo.es\/epa-1o-trimestre-2026\/#primaryimage"},"thumbnailUrl":"http:\/\/activat9-cp344.wordpresstemporal.com\/observatorio_igualdad_y_empleo\/wp-content\/uploads\/2026\/02\/EPA_2026.png","keywords":["2025","Empleo","Enfoque de g\u00e9nero","EPA","Espa\u00f1a. #AliciaActivandoLaIgualdad"],"articleSection":["Campa\u00f1aAlicia","Empleo"],"inLanguage":"es","potentialAction":[{"@type":"CommentAction","name":"Comment","target":["https:\/\/observatorioigualdadyempleo.es\/epa-1o-trimestre-2026\/#respond"]}]},{"@type":"WebPage","@id":"https:\/\/observatorioigualdadyempleo.es\/epa-1o-trimestre-2026\/","url":"https:\/\/observatorioigualdadyempleo.es\/epa-1o-trimestre-2026\/","name":"EPA 1\u00ba trimestre 2026 - Observatorio de Igualdad y Empleo","isPartOf":{"@id":"https:\/\/observatorioigualdadyempleo.es\/#website"},"primaryImageOfPage":{"@id":"https:\/\/observatorioigualdadyempleo.es\/epa-1o-trimestre-2026\/#primaryimage"},"image":{"@id":"https:\/\/observatorioigualdadyempleo.es\/epa-1o-trimestre-2026\/#primaryimage"},"thumbnailUrl":"http:\/\/activat9-cp344.wordpresstemporal.com\/observatorio_igualdad_y_empleo\/wp-content\/uploads\/2026\/02\/EPA_2026.png","datePublished":"2026-05-07T07:59:04+00:00","dateModified":"2026-05-21T07:13:25+00:00","author":{"@id":"https:\/\/observatorioigualdadyempleo.es\/#\/schema\/person\/636958756c86a3659434ff7e5215552c"},"breadcrumb":{"@id":"https:\/\/observatorioigualdadyempleo.es\/epa-1o-trimestre-2026\/#breadcrumb"},"inLanguage":"es","potentialAction":[{"@type":"ReadAction","target":["https:\/\/observatorioigualdadyempleo.es\/epa-1o-trimestre-2026\/"]}]},{"@type":"ImageObject","inLanguage":"es","@id":"https:\/\/observatorioigualdadyempleo.es\/epa-1o-trimestre-2026\/#primaryimage","url":"http:\/\/activat9-cp344.wordpresstemporal.com\/observatorio_igualdad_y_empleo\/wp-content\/uploads\/2026\/02\/EPA_2026.png","contentUrl":"http:\/\/activat9-cp344.wordpresstemporal.com\/observatorio_igualdad_y_empleo\/wp-content\/uploads\/2026\/02\/EPA_2026.png","width":850,"height":480},{"@type":"BreadcrumbList","@id":"https:\/\/observatorioigualdadyempleo.es\/epa-1o-trimestre-2026\/#breadcrumb","itemListElement":[{"@type":"ListItem","position":1,"name":"Portada","item":"https:\/\/observatorioigualdadyempleo.es\/"},{"@type":"ListItem","position":2,"name":"EPA 1\u00ba trimestre 2026"}]},{"@type":"WebSite","@id":"https:\/\/observatorioigualdadyempleo.es\/#website","url":"https:\/\/observatorioigualdadyempleo.es\/","name":"Observatorio de Igualdad y Empleo","description":"Recopilatorio de conocimiento sobre igualdad  y empleo","potentialAction":[{"@type":"SearchAction","target":{"@type":"EntryPoint","urlTemplate":"https:\/\/observatorioigualdadyempleo.es\/?s={search_term_string}"},"query-input":{"@type":"PropertyValueSpecification","valueRequired":true,"valueName":"search_term_string"}}],"inLanguage":"es"},{"@type":"Person","@id":"https:\/\/observatorioigualdadyempleo.es\/#\/schema\/person\/636958756c86a3659434ff7e5215552c","name":"Ricardo Caceres","image":{"@type":"ImageObject","inLanguage":"es","@id":"https:\/\/secure.gravatar.com\/avatar\/033a244ad832ad2dd65bc032c83faf8dedb83f9e3fba9e173186eddafdc507a6?s=96&d=mm&r=g","url":"https:\/\/secure.gravatar.com\/avatar\/033a244ad832ad2dd65bc032c83faf8dedb83f9e3fba9e173186eddafdc507a6?s=96&d=mm&r=g","contentUrl":"https:\/\/secure.gravatar.com\/avatar\/033a244ad832ad2dd65bc032c83faf8dedb83f9e3fba9e173186eddafdc507a6?s=96&d=mm&r=g","caption":"Ricardo Caceres"},"url":"http:\/\/activat9-cp344.wordpresstemporal.com\/observatorio_igualdad_y_empleo\/author\/ricardo-caceres\/"}]}},"_links":{"self":[{"href":"http:\/\/activat9-cp344.wordpresstemporal.com\/observatorio_igualdad_y_empleo\/wp-json\/wp\/v2\/posts\/28982","targetHints":{"allow":["GET"]}}],"collection":[{"href":"http:\/\/activat9-cp344.wordpresstemporal.com\/observatorio_igualdad_y_empleo\/wp-json\/wp\/v2\/posts"}],"about":[{"href":"http:\/\/activat9-cp344.wordpresstemporal.com\/observatorio_igualdad_y_empleo\/wp-json\/wp\/v2\/types\/post"}],"author":[{"embeddable":true,"href":"http:\/\/activat9-cp344.wordpresstemporal.com\/observatorio_igualdad_y_empleo\/wp-json\/wp\/v2\/users\/29"}],"replies":[{"embeddable":true,"href":"http:\/\/activat9-cp344.wordpresstemporal.com\/observatorio_igualdad_y_empleo\/wp-json\/wp\/v2\/comments?post=28982"}],"version-history":[{"count":1,"href":"http:\/\/activat9-cp344.wordpresstemporal.com\/observatorio_igualdad_y_empleo\/wp-json\/wp\/v2\/posts\/28982\/revisions"}],"predecessor-version":[{"id":28984,"href":"http:\/\/activat9-cp344.wordpresstemporal.com\/observatorio_igualdad_y_empleo\/wp-json\/wp\/v2\/posts\/28982\/revisions\/28984"}],"wp:featuredmedia":[{"embeddable":true,"href":"http:\/\/activat9-cp344.wordpresstemporal.com\/observatorio_igualdad_y_empleo\/wp-json\/wp\/v2\/media\/27889"}],"wp:attachment":[{"href":"http:\/\/activat9-cp344.wordpresstemporal.com\/observatorio_igualdad_y_empleo\/wp-json\/wp\/v2\/media?parent=28982"}],"wp:term":[{"taxonomy":"category","embeddable":true,"href":"http:\/\/activat9-cp344.wordpresstemporal.com\/observatorio_igualdad_y_empleo\/wp-json\/wp\/v2\/categories?post=28982"},{"taxonomy":"post_tag","embeddable":true,"href":"http:\/\/activat9-cp344.wordpresstemporal.com\/observatorio_igualdad_y_empleo\/wp-json\/wp\/v2\/tags?post=28982"}],"curies":[{"name":"wp","href":"https:\/\/api.w.org\/{rel}","templated":true}]}}