{"id":6703,"date":"2018-06-28T11:21:39","date_gmt":"2018-06-28T10:21:39","guid":{"rendered":"https:\/\/observatorioigualdadyempleo.es\/?p=6703"},"modified":"2018-09-25T11:25:27","modified_gmt":"2018-09-25T10:25:27","slug":"permisos-parentales-igualitarios-e-intransferibles","status":"publish","type":"post","link":"http:\/\/activat9-cp344.wordpresstemporal.com\/observatorio_igualdad_y_empleo\/permisos-parentales-igualitarios-e-intransferibles\/","title":{"rendered":"Permisos parentales: Igualitarios e intransferibles"},"content":{"rendered":"<p>La ley de permisos parentales iguales e intransferibles para nacimientos, adopciones y acogidas fue\u00a0<strong>respaldada por unanimidad por todos los partidos pol\u00edticos<\/strong>\u00a0y comienza esta semana su recorrido por el Congreso. Esta iniciativa, impulsada por Unidos Podemos, ha sido defendida, reivindicada y reclamada desde hace varios a\u00f1os por diferentes asociaciones feministas y por la\u00a0<a href=\"https:\/\/igualeseintransferibles.org\/\" target=\"_blank\" rel=\"noopener\">Plataforma por Permisos Iguales e Intransferibles de Nacimiento y Adopci\u00f3n.<\/a><\/p>\n<p>Esta propuesta responde a la necesidad de\u00a0<strong>crear permisos parentales igualitarios, intransferibles y remunerados al 100 por cien<\/strong>. Seg\u00fan las \u00faltimas estad\u00edsticas disponibles del\u00a0<a href=\"http:\/\/www.empleo.gob.es\/es\/index.htm\" target=\"_blank\" rel=\"noopener\">Ministerio de Empleo y Seguridad Socia<\/a>l,\u00a0<strong>de los 62.832 permisos a los que se han acogido en lo que llevamos de a\u00f1o, solo 1.099 han sido percibidos por los padres, representando un 1,75%<\/strong>.<\/p>\n<p>Por ahora, se espera un largo periodo de negociaci\u00f3n pol\u00edtica para detallar la practicidad de ley, al igual que la inclusi\u00f3n de medidas que tomen en cuenta las especificidades de modelos de familia, como las familias monoparentales y las homoparentales. La expectativa general es que la ley\u00a0<strong>se aplicar\u00e1 en los pr\u00f3ximos cinco a\u00f1os<\/strong>.<\/p>\n<p>Este avance en materia de corresponsabilidad y conciliaci\u00f3n promueve la igualdad entre mujeres y hombres, tanto en el \u00e1mbito dom\u00e9stico como en el \u00e1mbito laboral.<\/p>\n<p>Desde el\u00a0<strong>Observatorio de Igualdad y Empleo<\/strong>\u00a0ofrecemos una serie de documentos, estudios y gu\u00edas de buenas pr\u00e1cticas sobre la\u00a0<a href=\"https:\/\/observatorioigualdadyempleo.es\/search\/corresponsabilidad\" target=\"_blank\" rel=\"noopener\">corresponsabilidad<\/a>\u00a0y la\u00a0<a href=\"https:\/\/observatorioigualdadyempleo.es\/search\/conciliaci%C3%B3n\" target=\"_blank\" rel=\"noopener\">conciliaci\u00f3n<\/a>\u00a0entre la vida laboral, familiar y personal. Podr\u00e1s encontrar, asimismo, diferentes estad\u00edsticas, al igual que m\u00e1s informaci\u00f3n sobre temas como, entre otros, las prestaciones econ\u00f3micas, los permisos de maternidad y paternidad y reducciones de jornada.<\/p>\n<p>Para m\u00e1s informaci\u00f3n, consulta los siguientes enlaces:<\/p>\n<ul>\n<li>Fundaci\u00f3n Mujeres,\u00a0<em><a href=\"http:\/\/igualdadyempresa.es\/\" target=\"_blank\" rel=\"noopener\">Igualdad y Empresa<\/a><\/em><\/li>\n<li>Ministerio de Empleo y Seguridad Social,\u00a0<a href=\"http:\/\/www.seg-social.es\/Internet_1\/Estadistica\/Est\/Otras_Prestaciones_de_la_Seguridad_Social\/Maternidad\/index.htm\" target=\"_blank\" rel=\"noopener\"><em>Estad\u00edsticas, Presupuestos y Estudios<\/em><\/a><\/li>\n<li>La Vanguardia,\u00a0<em><a href=\"http:\/\/www.lavanguardia.com\/vida\/20180626\/45420665751\/el-congreso-tramitara-la-ley-de-unidos-podemos-para-que-los-permisos-parentales-sean-igualitarios-e-instransferibles.html\" target=\"_blank\" rel=\"noopener\">El Congreso tramitar\u00e1 la ley de Unidos Podemos para que los permisos parentales sean igualitarios e intransferibles<\/a><\/em><\/li>\n<li>El Pa\u00eds,\u00a0<a href=\"https:\/\/politica.elpais.com\/politica\/2018\/06\/26\/actualidad\/1529996332_042002.html\" target=\"_blank\" rel=\"noopener\"><em>Todos los grupos aceptan debatir permisos de paternidad iguales<\/em><\/a><\/li>\n<\/ul>\n","protected":false},"excerpt":{"rendered":"<p>La ley de permisos parentales iguales e intransferibles para nacimientos, adopciones y acogidas fue\u00a0respaldada por unanimidad por todos los partidos pol\u00edticos\u00a0y comienza esta semana su recorrido por el Congreso. Esta iniciativa, impulsada por Unidos Podemos, ha sido defendida, reivindicada y<span class=\"excerpt-hellip\"> [\u2026]<\/span><\/p>\n","protected":false},"author":1,"featured_media":0,"comment_status":"closed","ping_status":"open","sticky":false,"template":"","format":"standard","meta":{"footnotes":""},"categories":[181],"tags":[132,69,38,70,89,106],"class_list":["post-6703","post","type-post","status-publish","format-standard","hentry","category-empleo","tag-132","tag-espana","tag-igualdad-de-oportunidades","tag-maternidad","tag-paternidad","tag-politicas-publicas"],"yoast_head":"<!-- This site is optimized with the Yoast SEO plugin v27.5 - https:\/\/yoast.com\/product\/yoast-seo-wordpress\/ -->\n<title>Permisos parentales: Igualitarios e intransferibles - Observatorio de Igualdad y Empleo<\/title>\n<meta name=\"robots\" content=\"index, follow, max-snippet:-1, max-image-preview:large, max-video-preview:-1\" \/>\n<link rel=\"canonical\" href=\"http:\/\/activat9-cp344.wordpresstemporal.com\/observatorio_igualdad_y_empleo\/permisos-parentales-igualitarios-e-intransferibles\/\" \/>\n<meta property=\"og:locale\" content=\"es_ES\" \/>\n<meta property=\"og:type\" content=\"article\" \/>\n<meta property=\"og:title\" content=\"Permisos parentales: Igualitarios e intransferibles - Observatorio de Igualdad y Empleo\" \/>\n<meta property=\"og:description\" content=\"La ley de permisos parentales iguales e intransferibles para nacimientos, adopciones y acogidas fue\u00a0respaldada por unanimidad por todos los partidos pol\u00edticos\u00a0y comienza esta semana su recorrido por el Congreso. Esta iniciativa, impulsada por Unidos Podemos, ha sido defendida, reivindicada y [\u2026]\" \/>\n<meta property=\"og:url\" content=\"http:\/\/activat9-cp344.wordpresstemporal.com\/observatorio_igualdad_y_empleo\/permisos-parentales-igualitarios-e-intransferibles\/\" \/>\n<meta property=\"og:site_name\" content=\"Observatorio de Igualdad y Empleo\" \/>\n<meta property=\"article:publisher\" content=\"https:\/\/www.facebook.com\/fundacionmujeres\" \/>\n<meta property=\"article:published_time\" content=\"2018-06-28T10:21:39+00:00\" \/>\n<meta property=\"article:modified_time\" content=\"2018-09-25T10:25:27+00:00\" \/>\n<meta property=\"og:image\" content=\"http:\/\/activat9-cp344.wordpresstemporal.com\/observatorio_igualdad_y_empleo\/wp-content\/uploads\/2017\/12\/icono-web.png\" \/>\n\t<meta property=\"og:image:width\" content=\"512\" \/>\n\t<meta property=\"og:image:height\" content=\"512\" \/>\n\t<meta property=\"og:image:type\" content=\"image\/png\" \/>\n<meta name=\"author\" content=\"adminigemp\" \/>\n<meta name=\"twitter:card\" content=\"summary_large_image\" \/>\n<meta name=\"twitter:creator\" content=\"@fmujeres\" \/>\n<meta name=\"twitter:site\" content=\"@fmujeres\" \/>\n<meta name=\"twitter:label1\" content=\"Escrito por\" \/>\n\t<meta name=\"twitter:data1\" content=\"adminigemp\" \/>\n\t<meta name=\"twitter:label2\" content=\"Tiempo de lectura\" \/>\n\t<meta name=\"twitter:data2\" content=\"2 minutos\" \/>\n<script type=\"application\/ld+json\" class=\"yoast-schema-graph\">{\"@context\":\"https:\\\/\\\/schema.org\",\"@graph\":[{\"@type\":\"Article\",\"@id\":\"http:\\\/\\\/activat9-cp344.wordpresstemporal.com\\\/observatorio_igualdad_y_empleo\\\/permisos-parentales-igualitarios-e-intransferibles\\\/#article\",\"isPartOf\":{\"@id\":\"http:\\\/\\\/activat9-cp344.wordpresstemporal.com\\\/observatorio_igualdad_y_empleo\\\/permisos-parentales-igualitarios-e-intransferibles\\\/\"},\"author\":{\"name\":\"adminigemp\",\"@id\":\"https:\\\/\\\/observatorioigualdadyempleo.es\\\/#\\\/schema\\\/person\\\/041ae622a50c0db746d7ed6e688d6141\"},\"headline\":\"Permisos parentales: Igualitarios e intransferibles\",\"datePublished\":\"2018-06-28T10:21:39+00:00\",\"dateModified\":\"2018-09-25T10:25:27+00:00\",\"mainEntityOfPage\":{\"@id\":\"http:\\\/\\\/activat9-cp344.wordpresstemporal.com\\\/observatorio_igualdad_y_empleo\\\/permisos-parentales-igualitarios-e-intransferibles\\\/\"},\"wordCount\":338,\"keywords\":[\"2018\",\"Espa\u00f1a\",\"Igualdad de Oportunidades\",\"Maternidad\",\"Paternidad\",\"Pol\u00edticas P\u00fablicas\"],\"articleSection\":[\"Empleo\"],\"inLanguage\":\"es\"},{\"@type\":\"WebPage\",\"@id\":\"http:\\\/\\\/activat9-cp344.wordpresstemporal.com\\\/observatorio_igualdad_y_empleo\\\/permisos-parentales-igualitarios-e-intransferibles\\\/\",\"url\":\"http:\\\/\\\/activat9-cp344.wordpresstemporal.com\\\/observatorio_igualdad_y_empleo\\\/permisos-parentales-igualitarios-e-intransferibles\\\/\",\"name\":\"Permisos parentales: Igualitarios e intransferibles - Observatorio de Igualdad y Empleo\",\"isPartOf\":{\"@id\":\"https:\\\/\\\/observatorioigualdadyempleo.es\\\/#website\"},\"datePublished\":\"2018-06-28T10:21:39+00:00\",\"dateModified\":\"2018-09-25T10:25:27+00:00\",\"author\":{\"@id\":\"https:\\\/\\\/observatorioigualdadyempleo.es\\\/#\\\/schema\\\/person\\\/041ae622a50c0db746d7ed6e688d6141\"},\"breadcrumb\":{\"@id\":\"http:\\\/\\\/activat9-cp344.wordpresstemporal.com\\\/observatorio_igualdad_y_empleo\\\/permisos-parentales-igualitarios-e-intransferibles\\\/#breadcrumb\"},\"inLanguage\":\"es\",\"potentialAction\":[{\"@type\":\"ReadAction\",\"target\":[\"http:\\\/\\\/activat9-cp344.wordpresstemporal.com\\\/observatorio_igualdad_y_empleo\\\/permisos-parentales-igualitarios-e-intransferibles\\\/\"]}]},{\"@type\":\"BreadcrumbList\",\"@id\":\"http:\\\/\\\/activat9-cp344.wordpresstemporal.com\\\/observatorio_igualdad_y_empleo\\\/permisos-parentales-igualitarios-e-intransferibles\\\/#breadcrumb\",\"itemListElement\":[{\"@type\":\"ListItem\",\"position\":1,\"name\":\"Portada\",\"item\":\"https:\\\/\\\/observatorioigualdadyempleo.es\\\/\"},{\"@type\":\"ListItem\",\"position\":2,\"name\":\"Permisos parentales: Igualitarios e intransferibles\"}]},{\"@type\":\"WebSite\",\"@id\":\"https:\\\/\\\/observatorioigualdadyempleo.es\\\/#website\",\"url\":\"https:\\\/\\\/observatorioigualdadyempleo.es\\\/\",\"name\":\"Observatorio de Igualdad y Empleo\",\"description\":\"Recopilatorio de conocimiento sobre igualdad  y empleo\",\"potentialAction\":[{\"@type\":\"SearchAction\",\"target\":{\"@type\":\"EntryPoint\",\"urlTemplate\":\"https:\\\/\\\/observatorioigualdadyempleo.es\\\/?s={search_term_string}\"},\"query-input\":{\"@type\":\"PropertyValueSpecification\",\"valueRequired\":true,\"valueName\":\"search_term_string\"}}],\"inLanguage\":\"es\"},{\"@type\":\"Person\",\"@id\":\"https:\\\/\\\/observatorioigualdadyempleo.es\\\/#\\\/schema\\\/person\\\/041ae622a50c0db746d7ed6e688d6141\",\"name\":\"adminigemp\",\"image\":{\"@type\":\"ImageObject\",\"inLanguage\":\"es\",\"@id\":\"https:\\\/\\\/secure.gravatar.com\\\/avatar\\\/cf076103850650f3e444b8c4446ee6f3f1efb3d7395463e7b84e7cbe4c8ec390?s=96&d=mm&r=g\",\"url\":\"https:\\\/\\\/secure.gravatar.com\\\/avatar\\\/cf076103850650f3e444b8c4446ee6f3f1efb3d7395463e7b84e7cbe4c8ec390?s=96&d=mm&r=g\",\"contentUrl\":\"https:\\\/\\\/secure.gravatar.com\\\/avatar\\\/cf076103850650f3e444b8c4446ee6f3f1efb3d7395463e7b84e7cbe4c8ec390?s=96&d=mm&r=g\",\"caption\":\"adminigemp\"},\"url\":\"http:\\\/\\\/activat9-cp344.wordpresstemporal.com\\\/observatorio_igualdad_y_empleo\\\/author\\\/adminigemp\\\/\"}]}<\/script>\n<!-- \/ Yoast SEO plugin. -->","yoast_head_json":{"title":"Permisos parentales: Igualitarios e intransferibles - Observatorio de Igualdad y Empleo","robots":{"index":"index","follow":"follow","max-snippet":"max-snippet:-1","max-image-preview":"max-image-preview:large","max-video-preview":"max-video-preview:-1"},"canonical":"http:\/\/activat9-cp344.wordpresstemporal.com\/observatorio_igualdad_y_empleo\/permisos-parentales-igualitarios-e-intransferibles\/","og_locale":"es_ES","og_type":"article","og_title":"Permisos parentales: Igualitarios e intransferibles - Observatorio de Igualdad y Empleo","og_description":"La ley de permisos parentales iguales e intransferibles para nacimientos, adopciones y acogidas fue\u00a0respaldada por unanimidad por todos los partidos pol\u00edticos\u00a0y comienza esta semana su recorrido por el Congreso. Esta iniciativa, impulsada por Unidos Podemos, ha sido defendida, reivindicada y [\u2026]","og_url":"http:\/\/activat9-cp344.wordpresstemporal.com\/observatorio_igualdad_y_empleo\/permisos-parentales-igualitarios-e-intransferibles\/","og_site_name":"Observatorio de Igualdad y Empleo","article_publisher":"https:\/\/www.facebook.com\/fundacionmujeres","article_published_time":"2018-06-28T10:21:39+00:00","article_modified_time":"2018-09-25T10:25:27+00:00","og_image":[{"width":512,"height":512,"url":"http:\/\/activat9-cp344.wordpresstemporal.com\/observatorio_igualdad_y_empleo\/wp-content\/uploads\/2017\/12\/icono-web.png","type":"image\/png"}],"author":"adminigemp","twitter_card":"summary_large_image","twitter_creator":"@fmujeres","twitter_site":"@fmujeres","twitter_misc":{"Escrito por":"adminigemp","Tiempo de lectura":"2 minutos"},"schema":{"@context":"https:\/\/schema.org","@graph":[{"@type":"Article","@id":"http:\/\/activat9-cp344.wordpresstemporal.com\/observatorio_igualdad_y_empleo\/permisos-parentales-igualitarios-e-intransferibles\/#article","isPartOf":{"@id":"http:\/\/activat9-cp344.wordpresstemporal.com\/observatorio_igualdad_y_empleo\/permisos-parentales-igualitarios-e-intransferibles\/"},"author":{"name":"adminigemp","@id":"https:\/\/observatorioigualdadyempleo.es\/#\/schema\/person\/041ae622a50c0db746d7ed6e688d6141"},"headline":"Permisos parentales: Igualitarios e intransferibles","datePublished":"2018-06-28T10:21:39+00:00","dateModified":"2018-09-25T10:25:27+00:00","mainEntityOfPage":{"@id":"http:\/\/activat9-cp344.wordpresstemporal.com\/observatorio_igualdad_y_empleo\/permisos-parentales-igualitarios-e-intransferibles\/"},"wordCount":338,"keywords":["2018","Espa\u00f1a","Igualdad de Oportunidades","Maternidad","Paternidad","Pol\u00edticas P\u00fablicas"],"articleSection":["Empleo"],"inLanguage":"es"},{"@type":"WebPage","@id":"http:\/\/activat9-cp344.wordpresstemporal.com\/observatorio_igualdad_y_empleo\/permisos-parentales-igualitarios-e-intransferibles\/","url":"http:\/\/activat9-cp344.wordpresstemporal.com\/observatorio_igualdad_y_empleo\/permisos-parentales-igualitarios-e-intransferibles\/","name":"Permisos parentales: Igualitarios e intransferibles - Observatorio de Igualdad y Empleo","isPartOf":{"@id":"https:\/\/observatorioigualdadyempleo.es\/#website"},"datePublished":"2018-06-28T10:21:39+00:00","dateModified":"2018-09-25T10:25:27+00:00","author":{"@id":"https:\/\/observatorioigualdadyempleo.es\/#\/schema\/person\/041ae622a50c0db746d7ed6e688d6141"},"breadcrumb":{"@id":"http:\/\/activat9-cp344.wordpresstemporal.com\/observatorio_igualdad_y_empleo\/permisos-parentales-igualitarios-e-intransferibles\/#breadcrumb"},"inLanguage":"es","potentialAction":[{"@type":"ReadAction","target":["http:\/\/activat9-cp344.wordpresstemporal.com\/observatorio_igualdad_y_empleo\/permisos-parentales-igualitarios-e-intransferibles\/"]}]},{"@type":"BreadcrumbList","@id":"http:\/\/activat9-cp344.wordpresstemporal.com\/observatorio_igualdad_y_empleo\/permisos-parentales-igualitarios-e-intransferibles\/#breadcrumb","itemListElement":[{"@type":"ListItem","position":1,"name":"Portada","item":"https:\/\/observatorioigualdadyempleo.es\/"},{"@type":"ListItem","position":2,"name":"Permisos parentales: Igualitarios e intransferibles"}]},{"@type":"WebSite","@id":"https:\/\/observatorioigualdadyempleo.es\/#website","url":"https:\/\/observatorioigualdadyempleo.es\/","name":"Observatorio de Igualdad y Empleo","description":"Recopilatorio de conocimiento sobre igualdad  y empleo","potentialAction":[{"@type":"SearchAction","target":{"@type":"EntryPoint","urlTemplate":"https:\/\/observatorioigualdadyempleo.es\/?s={search_term_string}"},"query-input":{"@type":"PropertyValueSpecification","valueRequired":true,"valueName":"search_term_string"}}],"inLanguage":"es"},{"@type":"Person","@id":"https:\/\/observatorioigualdadyempleo.es\/#\/schema\/person\/041ae622a50c0db746d7ed6e688d6141","name":"adminigemp","image":{"@type":"ImageObject","inLanguage":"es","@id":"https:\/\/secure.gravatar.com\/avatar\/cf076103850650f3e444b8c4446ee6f3f1efb3d7395463e7b84e7cbe4c8ec390?s=96&d=mm&r=g","url":"https:\/\/secure.gravatar.com\/avatar\/cf076103850650f3e444b8c4446ee6f3f1efb3d7395463e7b84e7cbe4c8ec390?s=96&d=mm&r=g","contentUrl":"https:\/\/secure.gravatar.com\/avatar\/cf076103850650f3e444b8c4446ee6f3f1efb3d7395463e7b84e7cbe4c8ec390?s=96&d=mm&r=g","caption":"adminigemp"},"url":"http:\/\/activat9-cp344.wordpresstemporal.com\/observatorio_igualdad_y_empleo\/author\/adminigemp\/"}]}},"_links":{"self":[{"href":"http:\/\/activat9-cp344.wordpresstemporal.com\/observatorio_igualdad_y_empleo\/wp-json\/wp\/v2\/posts\/6703","targetHints":{"allow":["GET"]}}],"collection":[{"href":"http:\/\/activat9-cp344.wordpresstemporal.com\/observatorio_igualdad_y_empleo\/wp-json\/wp\/v2\/posts"}],"about":[{"href":"http:\/\/activat9-cp344.wordpresstemporal.com\/observatorio_igualdad_y_empleo\/wp-json\/wp\/v2\/types\/post"}],"author":[{"embeddable":true,"href":"http:\/\/activat9-cp344.wordpresstemporal.com\/observatorio_igualdad_y_empleo\/wp-json\/wp\/v2\/users\/1"}],"replies":[{"embeddable":true,"href":"http:\/\/activat9-cp344.wordpresstemporal.com\/observatorio_igualdad_y_empleo\/wp-json\/wp\/v2\/comments?post=6703"}],"version-history":[{"count":1,"href":"http:\/\/activat9-cp344.wordpresstemporal.com\/observatorio_igualdad_y_empleo\/wp-json\/wp\/v2\/posts\/6703\/revisions"}],"predecessor-version":[{"id":6705,"href":"http:\/\/activat9-cp344.wordpresstemporal.com\/observatorio_igualdad_y_empleo\/wp-json\/wp\/v2\/posts\/6703\/revisions\/6705"}],"wp:attachment":[{"href":"http:\/\/activat9-cp344.wordpresstemporal.com\/observatorio_igualdad_y_empleo\/wp-json\/wp\/v2\/media?parent=6703"}],"wp:term":[{"taxonomy":"category","embeddable":true,"href":"http:\/\/activat9-cp344.wordpresstemporal.com\/observatorio_igualdad_y_empleo\/wp-json\/wp\/v2\/categories?post=6703"},{"taxonomy":"post_tag","embeddable":true,"href":"http:\/\/activat9-cp344.wordpresstemporal.com\/observatorio_igualdad_y_empleo\/wp-json\/wp\/v2\/tags?post=6703"}],"curies":[{"name":"wp","href":"https:\/\/api.w.org\/{rel}","templated":true}]}}