{"id":7033,"date":"2018-10-16T12:25:53","date_gmt":"2018-10-16T11:25:53","guid":{"rendered":"https:\/\/observatorioigualdadyempleo.es\/?p=7033"},"modified":"2018-10-16T12:35:30","modified_gmt":"2018-10-16T11:35:30","slug":"7033-2","status":"publish","type":"post","link":"http:\/\/activat9-cp344.wordpresstemporal.com\/observatorio_igualdad_y_empleo\/7033-2\/","title":{"rendered":"Declaraci\u00f3n de ONU Mujeres: 15 de octubre"},"content":{"rendered":"<p>Con motivo de la conmemoraci\u00f3n del \u201c<a href=\"https:\/\/observatorioigualdadyempleo.es\/15-de-octubre-dia-internacional-de-las-mujeres-rurales\/\">15 de octubre, D\u00eda Internacional de las Mujeres Rurales<\/a>\u201d, <a href=\"http:\/\/www.unwomen.org\/es\">ONU Mujeres<\/a> ha publicado la siguiente declaraci\u00f3n el pasado 11 de octubre:<\/p>\n<p><em>\u201cEn la mayor\u00eda de los pa\u00edses de todo el mundo, las mujeres y las ni\u00f1as rurales enfrentan dificultades cotidianas para acceder a infraestructura, servicios y protecci\u00f3n social sostenibles. Dada la omnipresencia de dichas dificultades, existe un amplio margen para realizar cambios, de modo que no sigan obstaculizando ni restringiendo las vidas de las mujeres y las ni\u00f1as.<\/em><\/p>\n<p><em>Las mujeres rurales representan el <a href=\"https:\/\/observatorioigualdadyempleo.es\/search\/The+Role+of+Women+in+Agriculture\">43%<\/a> de la mano de obra agr\u00edcola en los pa\u00edses en desarrollo: realizan tareas intensas, trabajan muchas horas y de manera informal, est\u00e1n mal remuneradas, tienen escasa protecci\u00f3n social o seguridad de los ingresos. El trabajo infantil es com\u00fan en las zonas rurales; las ni\u00f1as representan una proporci\u00f3n significativa de la mano de obra agr\u00edcola.<\/em><\/p>\n<p><em>Las mujeres y las ni\u00f1as son las responsables de la recolecci\u00f3n de agua en el <a href=\"https:\/\/drive.google.com\/open?id=1nUo8ByXuYlxo3j73YPs3ngCS1tZZM-qf\">80%<\/a> de las viviendas sin acceso a agua potable. Este trabajo arduo ser\u00e1 a\u00fan m\u00e1s laborioso a medida que la carencia de agua sea mayor. Adem\u00e1s, el trayecto para recoger agua conlleva riesgos de seguridad. Sin las instalaciones adecuadas de agua y saneamiento, las mujeres y las ni\u00f1as est\u00e1n expuestas a enfermedades, violencia y otros riesgos a su seguridad. Dichas deficiencias obstaculizan tambi\u00e9n la posibilidad de recibir una buena educaci\u00f3n, ganar un ingreso y desplazarse con libertad.<\/em><\/p>\n<p><em>Recoger combustible, que puede llevar hasta cinco horas por d\u00eda, y cocinar con combustible sucio pueden causar problemas de salud cr\u00f3nicos, e incluso la muerte, en las mujeres. En los pa\u00edses donde se depende mayormente de combustibles como carb\u00f3n, le\u00f1a, esti\u00e9rcol o residuos vegetales para cocinar, las mujeres representan <a href=\"http:\/\/www.who.int\/airpollution\/publications\/burning-opportunities\/en\/\">6 de cada 10<\/a> muertes prematuras debido a la contaminaci\u00f3n del aire de la vivienda.<\/em><\/p>\n<p><em>La infraestructura, los servicios y la protecci\u00f3n social sostenibles son fundamentales para progresar. Tomar medidas tendientes a mejorar dichos factores generar\u00e1 ayuda inmediata y beneficios a largo plazo. Por ejemplo, al mejorar el acceso al agua potable y al saneamiento, las ni\u00f1as permanecen m\u00e1s tiempo en la escuela y aumenta el trabajo remunerado para las mujeres con el objetivo de elaborar productos y prestar servicios. Por lo tanto, extender la red de agua y el suministro de agua potable entubada a las comunidades rurales es una prioridad significativa con m\u00faltiples beneficios.<\/em><\/p>\n<p><em>Las organizaciones de la sociedad civil, empresas y cooperativas de mujeres rurales son fundamentales para movilizar a las mujeres rurales, as\u00ed como tambi\u00e9n para apoyar sus pareceres, su agencia y su representaci\u00f3n en las esferas pol\u00edticas y econ\u00f3micas, y para propiciar su participaci\u00f3n en las decisiones e instituciones que afectan sus vidas. <\/em><\/p>\n<p><em>Las mujeres rurales de todo el mundo se han movilizado para garantizar la provisi\u00f3n de agua para riego y uso en las viviendas, as\u00ed como para conseguir energ\u00eda renovable como fuente de iluminaci\u00f3n en sus hogares y alimentaci\u00f3n con energ\u00eda el\u00e9ctrica para peque\u00f1as empresas. H\u00e1bilmente, en las cooperativas de las mujeres rurales se brindan servicios de cuidado infantil por y para sus miembros. Sin embargo, las soluciones a peque\u00f1a escala no son suficientes. Deben estar acompa\u00f1adas por iniciativas de instituciones a gran escala que inviertan en un futuro diferente en el que las mujeres y las ni\u00f1as participen y beneficien igualmente a hombres y a ni\u00f1os.<\/em><\/p>\n<p><em>En el D\u00eda Internacional de las Mujeres Rurales, ONU Mujeres insta a la comunidad internacional a trabajar con las mujeres y las ni\u00f1as rurales en todo el mundo, y a invertir en infraestructura, servicios y protecci\u00f3n social sostenibles para cambiar radicalmente sus medios de vida, bienestar y resiliencia.\u201d<\/em><\/p>\n<p>Ver noticia en <a href=\"http:\/\/www.unwomen.org\/es\/news\/stories\/2018\/10\/statement-un-women-international-day-of-rural-women\">enlace original<\/a><\/p>\n<p>Para acceder a m\u00e1s informaci\u00f3n, puedes consultar los siguientes enlaces:<\/p>\n<ul>\n<li>Observatorio de Igualdad y Empleo, <a href=\"https:\/\/observatorioigualdadyempleo.es\/search\/rural\">Medio Rural<\/a><\/li>\n<li>ONU Mujeres, <a href=\"http:\/\/www.unwomen.org\/es\/news\/stories\/2018\/10\/announcer-international-day-for-rural-women-2018\">D\u00eda Internacional de las Mujeres Rurales 2018<\/a><\/li>\n<\/ul>\n","protected":false},"excerpt":{"rendered":"<p>Con motivo de la conmemoraci\u00f3n del \u201c15 de octubre, D\u00eda Internacional de las Mujeres Rurales\u201d, ONU Mujeres ha publicado la siguiente declaraci\u00f3n el pasado 11 de octubre: \u201cEn la mayor\u00eda de los pa\u00edses de todo el mundo, las mujeres y<span class=\"excerpt-hellip\"> [\u2026]<\/span><\/p>\n","protected":false},"author":1,"featured_media":0,"comment_status":"closed","ping_status":"open","sticky":false,"template":"","format":"standard","meta":{"footnotes":""},"categories":[181],"tags":[132,172,129,131],"class_list":["post-7033","post","type-post","status-publish","format-standard","hentry","category-empleo","tag-132","tag-internacional","tag-onu-mujeres","tag-rural"],"yoast_head":"<!-- This site is optimized with the Yoast SEO plugin v27.5 - https:\/\/yoast.com\/product\/yoast-seo-wordpress\/ -->\n<title>Declaraci\u00f3n de ONU Mujeres: 15 de octubre - Observatorio de Igualdad y Empleo<\/title>\n<meta name=\"robots\" content=\"index, follow, max-snippet:-1, max-image-preview:large, max-video-preview:-1\" \/>\n<link rel=\"canonical\" href=\"https:\/\/activat9-cp344.wordpresstemporal.com\/observatorio_igualdad_y_empleo\/7033-2\/\" \/>\n<meta property=\"og:locale\" content=\"es_ES\" \/>\n<meta property=\"og:type\" content=\"article\" \/>\n<meta property=\"og:title\" content=\"Declaraci\u00f3n de ONU Mujeres: 15 de octubre - Observatorio de Igualdad y Empleo\" \/>\n<meta property=\"og:description\" content=\"Con motivo de la conmemoraci\u00f3n del \u201c15 de octubre, D\u00eda Internacional de las Mujeres Rurales\u201d, ONU Mujeres ha publicado la siguiente declaraci\u00f3n el pasado 11 de octubre: \u201cEn la mayor\u00eda de los pa\u00edses de todo el mundo, las mujeres y [\u2026]\" \/>\n<meta property=\"og:url\" content=\"https:\/\/activat9-cp344.wordpresstemporal.com\/observatorio_igualdad_y_empleo\/7033-2\/\" \/>\n<meta property=\"og:site_name\" content=\"Observatorio de Igualdad y Empleo\" \/>\n<meta property=\"article:publisher\" content=\"https:\/\/www.facebook.com\/fundacionmujeres\" \/>\n<meta property=\"article:published_time\" content=\"2018-10-16T11:25:53+00:00\" \/>\n<meta property=\"article:modified_time\" content=\"2018-10-16T11:35:30+00:00\" \/>\n<meta property=\"og:image\" content=\"http:\/\/activat9-cp344.wordpresstemporal.com\/observatorio_igualdad_y_empleo\/wp-content\/uploads\/2017\/12\/icono-web.png\" \/>\n\t<meta property=\"og:image:width\" content=\"512\" \/>\n\t<meta property=\"og:image:height\" content=\"512\" \/>\n\t<meta property=\"og:image:type\" content=\"image\/png\" \/>\n<meta name=\"author\" content=\"adminigemp\" \/>\n<meta name=\"twitter:card\" content=\"summary_large_image\" \/>\n<meta name=\"twitter:creator\" content=\"@fmujeres\" \/>\n<meta name=\"twitter:site\" content=\"@fmujeres\" \/>\n<meta name=\"twitter:label1\" content=\"Escrito por\" \/>\n\t<meta name=\"twitter:data1\" content=\"adminigemp\" \/>\n\t<meta name=\"twitter:label2\" content=\"Tiempo de lectura\" \/>\n\t<meta name=\"twitter:data2\" content=\"3 minutos\" \/>\n<script type=\"application\/ld+json\" class=\"yoast-schema-graph\">{\"@context\":\"https:\\\/\\\/schema.org\",\"@graph\":[{\"@type\":\"Article\",\"@id\":\"https:\\\/\\\/activat9-cp344.wordpresstemporal.com\\\/observatorio_igualdad_y_empleo\\\/7033-2\\\/#article\",\"isPartOf\":{\"@id\":\"https:\\\/\\\/activat9-cp344.wordpresstemporal.com\\\/observatorio_igualdad_y_empleo\\\/7033-2\\\/\"},\"author\":{\"name\":\"adminigemp\",\"@id\":\"https:\\\/\\\/observatorioigualdadyempleo.es\\\/#\\\/schema\\\/person\\\/041ae622a50c0db746d7ed6e688d6141\"},\"headline\":\"Declaraci\u00f3n de ONU Mujeres: 15 de octubre\",\"datePublished\":\"2018-10-16T11:25:53+00:00\",\"dateModified\":\"2018-10-16T11:35:30+00:00\",\"mainEntityOfPage\":{\"@id\":\"https:\\\/\\\/activat9-cp344.wordpresstemporal.com\\\/observatorio_igualdad_y_empleo\\\/7033-2\\\/\"},\"wordCount\":687,\"keywords\":[\"2018\",\"Internacional\",\"ONU Mujeres\",\"Rural\"],\"articleSection\":[\"Empleo\"],\"inLanguage\":\"es\"},{\"@type\":\"WebPage\",\"@id\":\"https:\\\/\\\/activat9-cp344.wordpresstemporal.com\\\/observatorio_igualdad_y_empleo\\\/7033-2\\\/\",\"url\":\"https:\\\/\\\/activat9-cp344.wordpresstemporal.com\\\/observatorio_igualdad_y_empleo\\\/7033-2\\\/\",\"name\":\"Declaraci\u00f3n de ONU Mujeres: 15 de octubre - Observatorio de Igualdad y Empleo\",\"isPartOf\":{\"@id\":\"https:\\\/\\\/observatorioigualdadyempleo.es\\\/#website\"},\"datePublished\":\"2018-10-16T11:25:53+00:00\",\"dateModified\":\"2018-10-16T11:35:30+00:00\",\"author\":{\"@id\":\"https:\\\/\\\/observatorioigualdadyempleo.es\\\/#\\\/schema\\\/person\\\/041ae622a50c0db746d7ed6e688d6141\"},\"breadcrumb\":{\"@id\":\"https:\\\/\\\/activat9-cp344.wordpresstemporal.com\\\/observatorio_igualdad_y_empleo\\\/7033-2\\\/#breadcrumb\"},\"inLanguage\":\"es\",\"potentialAction\":[{\"@type\":\"ReadAction\",\"target\":[\"https:\\\/\\\/activat9-cp344.wordpresstemporal.com\\\/observatorio_igualdad_y_empleo\\\/7033-2\\\/\"]}]},{\"@type\":\"BreadcrumbList\",\"@id\":\"https:\\\/\\\/activat9-cp344.wordpresstemporal.com\\\/observatorio_igualdad_y_empleo\\\/7033-2\\\/#breadcrumb\",\"itemListElement\":[{\"@type\":\"ListItem\",\"position\":1,\"name\":\"Portada\",\"item\":\"https:\\\/\\\/observatorioigualdadyempleo.es\\\/\"},{\"@type\":\"ListItem\",\"position\":2,\"name\":\"Declaraci\u00f3n de ONU Mujeres: 15 de octubre\"}]},{\"@type\":\"WebSite\",\"@id\":\"https:\\\/\\\/observatorioigualdadyempleo.es\\\/#website\",\"url\":\"https:\\\/\\\/observatorioigualdadyempleo.es\\\/\",\"name\":\"Observatorio de Igualdad y Empleo\",\"description\":\"Recopilatorio de conocimiento sobre igualdad  y empleo\",\"potentialAction\":[{\"@type\":\"SearchAction\",\"target\":{\"@type\":\"EntryPoint\",\"urlTemplate\":\"https:\\\/\\\/observatorioigualdadyempleo.es\\\/?s={search_term_string}\"},\"query-input\":{\"@type\":\"PropertyValueSpecification\",\"valueRequired\":true,\"valueName\":\"search_term_string\"}}],\"inLanguage\":\"es\"},{\"@type\":\"Person\",\"@id\":\"https:\\\/\\\/observatorioigualdadyempleo.es\\\/#\\\/schema\\\/person\\\/041ae622a50c0db746d7ed6e688d6141\",\"name\":\"adminigemp\",\"image\":{\"@type\":\"ImageObject\",\"inLanguage\":\"es\",\"@id\":\"https:\\\/\\\/secure.gravatar.com\\\/avatar\\\/cf076103850650f3e444b8c4446ee6f3f1efb3d7395463e7b84e7cbe4c8ec390?s=96&d=mm&r=g\",\"url\":\"https:\\\/\\\/secure.gravatar.com\\\/avatar\\\/cf076103850650f3e444b8c4446ee6f3f1efb3d7395463e7b84e7cbe4c8ec390?s=96&d=mm&r=g\",\"contentUrl\":\"https:\\\/\\\/secure.gravatar.com\\\/avatar\\\/cf076103850650f3e444b8c4446ee6f3f1efb3d7395463e7b84e7cbe4c8ec390?s=96&d=mm&r=g\",\"caption\":\"adminigemp\"},\"url\":\"http:\\\/\\\/activat9-cp344.wordpresstemporal.com\\\/observatorio_igualdad_y_empleo\\\/author\\\/adminigemp\\\/\"}]}<\/script>\n<!-- \/ Yoast SEO plugin. -->","yoast_head_json":{"title":"Declaraci\u00f3n de ONU Mujeres: 15 de octubre - Observatorio de Igualdad y Empleo","robots":{"index":"index","follow":"follow","max-snippet":"max-snippet:-1","max-image-preview":"max-image-preview:large","max-video-preview":"max-video-preview:-1"},"canonical":"https:\/\/activat9-cp344.wordpresstemporal.com\/observatorio_igualdad_y_empleo\/7033-2\/","og_locale":"es_ES","og_type":"article","og_title":"Declaraci\u00f3n de ONU Mujeres: 15 de octubre - Observatorio de Igualdad y Empleo","og_description":"Con motivo de la conmemoraci\u00f3n del \u201c15 de octubre, D\u00eda Internacional de las Mujeres Rurales\u201d, ONU Mujeres ha publicado la siguiente declaraci\u00f3n el pasado 11 de octubre: \u201cEn la mayor\u00eda de los pa\u00edses de todo el mundo, las mujeres y [\u2026]","og_url":"https:\/\/activat9-cp344.wordpresstemporal.com\/observatorio_igualdad_y_empleo\/7033-2\/","og_site_name":"Observatorio de Igualdad y Empleo","article_publisher":"https:\/\/www.facebook.com\/fundacionmujeres","article_published_time":"2018-10-16T11:25:53+00:00","article_modified_time":"2018-10-16T11:35:30+00:00","og_image":[{"width":512,"height":512,"url":"http:\/\/activat9-cp344.wordpresstemporal.com\/observatorio_igualdad_y_empleo\/wp-content\/uploads\/2017\/12\/icono-web.png","type":"image\/png"}],"author":"adminigemp","twitter_card":"summary_large_image","twitter_creator":"@fmujeres","twitter_site":"@fmujeres","twitter_misc":{"Escrito por":"adminigemp","Tiempo de lectura":"3 minutos"},"schema":{"@context":"https:\/\/schema.org","@graph":[{"@type":"Article","@id":"https:\/\/activat9-cp344.wordpresstemporal.com\/observatorio_igualdad_y_empleo\/7033-2\/#article","isPartOf":{"@id":"https:\/\/activat9-cp344.wordpresstemporal.com\/observatorio_igualdad_y_empleo\/7033-2\/"},"author":{"name":"adminigemp","@id":"https:\/\/observatorioigualdadyempleo.es\/#\/schema\/person\/041ae622a50c0db746d7ed6e688d6141"},"headline":"Declaraci\u00f3n de ONU Mujeres: 15 de octubre","datePublished":"2018-10-16T11:25:53+00:00","dateModified":"2018-10-16T11:35:30+00:00","mainEntityOfPage":{"@id":"https:\/\/activat9-cp344.wordpresstemporal.com\/observatorio_igualdad_y_empleo\/7033-2\/"},"wordCount":687,"keywords":["2018","Internacional","ONU Mujeres","Rural"],"articleSection":["Empleo"],"inLanguage":"es"},{"@type":"WebPage","@id":"https:\/\/activat9-cp344.wordpresstemporal.com\/observatorio_igualdad_y_empleo\/7033-2\/","url":"https:\/\/activat9-cp344.wordpresstemporal.com\/observatorio_igualdad_y_empleo\/7033-2\/","name":"Declaraci\u00f3n de ONU Mujeres: 15 de octubre - Observatorio de Igualdad y Empleo","isPartOf":{"@id":"https:\/\/observatorioigualdadyempleo.es\/#website"},"datePublished":"2018-10-16T11:25:53+00:00","dateModified":"2018-10-16T11:35:30+00:00","author":{"@id":"https:\/\/observatorioigualdadyempleo.es\/#\/schema\/person\/041ae622a50c0db746d7ed6e688d6141"},"breadcrumb":{"@id":"https:\/\/activat9-cp344.wordpresstemporal.com\/observatorio_igualdad_y_empleo\/7033-2\/#breadcrumb"},"inLanguage":"es","potentialAction":[{"@type":"ReadAction","target":["https:\/\/activat9-cp344.wordpresstemporal.com\/observatorio_igualdad_y_empleo\/7033-2\/"]}]},{"@type":"BreadcrumbList","@id":"https:\/\/activat9-cp344.wordpresstemporal.com\/observatorio_igualdad_y_empleo\/7033-2\/#breadcrumb","itemListElement":[{"@type":"ListItem","position":1,"name":"Portada","item":"https:\/\/observatorioigualdadyempleo.es\/"},{"@type":"ListItem","position":2,"name":"Declaraci\u00f3n de ONU Mujeres: 15 de octubre"}]},{"@type":"WebSite","@id":"https:\/\/observatorioigualdadyempleo.es\/#website","url":"https:\/\/observatorioigualdadyempleo.es\/","name":"Observatorio de Igualdad y Empleo","description":"Recopilatorio de conocimiento sobre igualdad  y empleo","potentialAction":[{"@type":"SearchAction","target":{"@type":"EntryPoint","urlTemplate":"https:\/\/observatorioigualdadyempleo.es\/?s={search_term_string}"},"query-input":{"@type":"PropertyValueSpecification","valueRequired":true,"valueName":"search_term_string"}}],"inLanguage":"es"},{"@type":"Person","@id":"https:\/\/observatorioigualdadyempleo.es\/#\/schema\/person\/041ae622a50c0db746d7ed6e688d6141","name":"adminigemp","image":{"@type":"ImageObject","inLanguage":"es","@id":"https:\/\/secure.gravatar.com\/avatar\/cf076103850650f3e444b8c4446ee6f3f1efb3d7395463e7b84e7cbe4c8ec390?s=96&d=mm&r=g","url":"https:\/\/secure.gravatar.com\/avatar\/cf076103850650f3e444b8c4446ee6f3f1efb3d7395463e7b84e7cbe4c8ec390?s=96&d=mm&r=g","contentUrl":"https:\/\/secure.gravatar.com\/avatar\/cf076103850650f3e444b8c4446ee6f3f1efb3d7395463e7b84e7cbe4c8ec390?s=96&d=mm&r=g","caption":"adminigemp"},"url":"http:\/\/activat9-cp344.wordpresstemporal.com\/observatorio_igualdad_y_empleo\/author\/adminigemp\/"}]}},"_links":{"self":[{"href":"http:\/\/activat9-cp344.wordpresstemporal.com\/observatorio_igualdad_y_empleo\/wp-json\/wp\/v2\/posts\/7033","targetHints":{"allow":["GET"]}}],"collection":[{"href":"http:\/\/activat9-cp344.wordpresstemporal.com\/observatorio_igualdad_y_empleo\/wp-json\/wp\/v2\/posts"}],"about":[{"href":"http:\/\/activat9-cp344.wordpresstemporal.com\/observatorio_igualdad_y_empleo\/wp-json\/wp\/v2\/types\/post"}],"author":[{"embeddable":true,"href":"http:\/\/activat9-cp344.wordpresstemporal.com\/observatorio_igualdad_y_empleo\/wp-json\/wp\/v2\/users\/1"}],"replies":[{"embeddable":true,"href":"http:\/\/activat9-cp344.wordpresstemporal.com\/observatorio_igualdad_y_empleo\/wp-json\/wp\/v2\/comments?post=7033"}],"version-history":[{"count":4,"href":"http:\/\/activat9-cp344.wordpresstemporal.com\/observatorio_igualdad_y_empleo\/wp-json\/wp\/v2\/posts\/7033\/revisions"}],"predecessor-version":[{"id":7038,"href":"http:\/\/activat9-cp344.wordpresstemporal.com\/observatorio_igualdad_y_empleo\/wp-json\/wp\/v2\/posts\/7033\/revisions\/7038"}],"wp:attachment":[{"href":"http:\/\/activat9-cp344.wordpresstemporal.com\/observatorio_igualdad_y_empleo\/wp-json\/wp\/v2\/media?parent=7033"}],"wp:term":[{"taxonomy":"category","embeddable":true,"href":"http:\/\/activat9-cp344.wordpresstemporal.com\/observatorio_igualdad_y_empleo\/wp-json\/wp\/v2\/categories?post=7033"},{"taxonomy":"post_tag","embeddable":true,"href":"http:\/\/activat9-cp344.wordpresstemporal.com\/observatorio_igualdad_y_empleo\/wp-json\/wp\/v2\/tags?post=7033"}],"curies":[{"name":"wp","href":"https:\/\/api.w.org\/{rel}","templated":true}]}}