{"id":7641,"date":"2018-12-26T13:15:05","date_gmt":"2018-12-26T12:15:05","guid":{"rendered":"https:\/\/observatorioigualdadyempleo.es\/?p=7641"},"modified":"2019-02-12T10:16:55","modified_gmt":"2019-02-12T09:16:55","slug":"distintivo-igualdad-en-la-empresa-die","status":"publish","type":"post","link":"http:\/\/activat9-cp344.wordpresstemporal.com\/observatorio_igualdad_y_empleo\/distintivo-igualdad-en-la-empresa-die\/","title":{"rendered":"Distintivo \u00abIgualdad en la Empresa\u00bb (DIE)"},"content":{"rendered":"<p>El <a href=\"http:\/\/www.inmujer.gob.es\/actualidad\/noticias\/2018\/DICIEMBRE\/distintivoigualdad.htm\" target=\"_blank\" rel=\"noopener\">pasado 18 de diciembre<\/a> tuvo lugar el acto conmemorativo del VIII Convocatoria del Instituto de la Mujer en el que ocho nuevas empresas recibieron el distintivo <strong>\u00abIgualdad en la Empresa\u00bb<\/strong> de la <a href=\"http:\/\/www.igualdadenlaempresa.es\/redEmpresas\/distintivo\/home.htm\" target=\"_blank\" rel=\"noopener\">Red de Empresas DIE<\/a>.<\/p>\n<p>Las ocho empresas que han obtenido el <strong>distintivo de excelencia<\/strong> en la convocatoria son:<\/p>\n<ul>\n<li>Academia T\u00e9cnica Universitaria, S.L.<\/li>\n<li>Accem<\/li>\n<li>Banco Sabadell, S.A.<\/li>\n<li>Centro de Formaci\u00f3n Empresarial Aura, S.L.L.<\/li>\n<li>Glaxo Wellcome, S.A.<\/li>\n<li>Jos\u00e9 Mar\u00eda L\u00e1zaro, S.A.<\/li>\n<li>Naturgy Energy Group, S.A. (anterior Gas Natural S.D.G., S.A.)<\/li>\n<li>TECON Soluciones Inform\u00e1ticas, S.L.<\/li>\n<\/ul>\n<p>Estas ocho empresas recibieron el distintivo \u00abIgualdad en Empresa\u00bb porque han destacado por la <strong>aplicaci\u00f3n de pol\u00edticas de igualdad en su gesti\u00f3n corporativa<\/strong>. Se evaluaron la calidad de las medidas, de los diagn\u00f3sticos, el acceso y promoci\u00f3n del empleo, entre otros factores que <strong>promueven la realizaci\u00f3n plena y en igualdad de las mujeres en el \u00e1mbito empresarial<\/strong>.<\/p>\n<p><strong>Red de Empresas DIE<\/strong><\/p>\n<p>La <a href=\"http:\/\/www.igualdadenlaempresa.es\/redEmpresas\/distintivo\/home.htm\" target=\"_blank\" rel=\"noopener\">Red de Empresas DIE<\/a> es una red de empresas creada en 2015 con el objetivo de <strong>promover el intercambio de buenas pr\u00e1cticas empresariales<\/strong> en materia de igualdad de oportunidades entre mujeres y hombres. Cuenta con 149 empresas y entidades. Est\u00e1 bajo la coordinaci\u00f3n del <a href=\"http:\/\/www.inmujer.gob.es\/\" target=\"_blank\" rel=\"noopener\">Instituto de la Mujer y para la Igualdad de Oportunidades<\/a>. Utiliza modalidades de trabajo virtual y presencial cofinanciadas por el <a href=\"http:\/\/ec.europa.eu\/esf\/home.jsp?langId=es\" target=\"_blank\" rel=\"noopener\">Fondo Social Europeo<\/a>.<\/p>\n","protected":false},"excerpt":{"rendered":"<p>El pasado 18 de diciembre tuvo lugar el acto conmemorativo del VIII Convocatoria del Instituto de la Mujer en el que ocho nuevas empresas recibieron el distintivo \u00abIgualdad en la Empresa\u00bb de la Red de Empresas DIE. Las ocho empresas<span class=\"excerpt-hellip\"> [\u2026]<\/span><\/p>\n","protected":false},"author":1,"featured_media":0,"comment_status":"closed","ping_status":"open","sticky":false,"template":"","format":"standard","meta":{"footnotes":""},"categories":[182],"tags":[132,48,38,78,81,53],"class_list":["post-7641","post","type-post","status-publish","format-standard","hentry","category-empresa","tag-132","tag-acceso-al-empleo","tag-igualdad-de-oportunidades","tag-imio","tag-plan-de-igualdad","tag-promocion"],"yoast_head":"<!-- This site is optimized with the Yoast SEO plugin v27.5 - https:\/\/yoast.com\/product\/yoast-seo-wordpress\/ -->\n<title>Distintivo &quot;Igualdad en la Empresa&quot; (DIE) - Observatorio de Igualdad y Empleo<\/title>\n<meta name=\"robots\" content=\"index, follow, max-snippet:-1, max-image-preview:large, max-video-preview:-1\" \/>\n<link rel=\"canonical\" href=\"https:\/\/observatorioigualdadyempleo.es\/distintivo-igualdad-en-la-empresa-die\/\" \/>\n<meta property=\"og:locale\" content=\"es_ES\" \/>\n<meta property=\"og:type\" content=\"article\" \/>\n<meta property=\"og:title\" content=\"Distintivo &quot;Igualdad en la Empresa&quot; (DIE) - Observatorio de Igualdad y Empleo\" \/>\n<meta property=\"og:description\" content=\"El pasado 18 de diciembre tuvo lugar el acto conmemorativo del VIII Convocatoria del Instituto de la Mujer en el que ocho nuevas empresas recibieron el distintivo \u00abIgualdad en la Empresa\u00bb de la Red de Empresas DIE. Las ocho empresas [\u2026]\" \/>\n<meta property=\"og:url\" content=\"https:\/\/observatorioigualdadyempleo.es\/distintivo-igualdad-en-la-empresa-die\/\" \/>\n<meta property=\"og:site_name\" content=\"Observatorio de Igualdad y Empleo\" \/>\n<meta property=\"article:publisher\" content=\"https:\/\/www.facebook.com\/fundacionmujeres\" \/>\n<meta property=\"article:published_time\" content=\"2018-12-26T12:15:05+00:00\" \/>\n<meta property=\"article:modified_time\" content=\"2019-02-12T09:16:55+00:00\" \/>\n<meta property=\"og:image\" content=\"http:\/\/activat9-cp344.wordpresstemporal.com\/observatorio_igualdad_y_empleo\/wp-content\/uploads\/2017\/12\/icono-web.png\" \/>\n\t<meta property=\"og:image:width\" content=\"512\" \/>\n\t<meta property=\"og:image:height\" content=\"512\" \/>\n\t<meta property=\"og:image:type\" content=\"image\/png\" \/>\n<meta name=\"author\" content=\"adminigemp\" \/>\n<meta name=\"twitter:card\" content=\"summary_large_image\" \/>\n<meta name=\"twitter:creator\" content=\"@fmujeres\" \/>\n<meta name=\"twitter:site\" content=\"@fmujeres\" \/>\n<meta name=\"twitter:label1\" content=\"Escrito por\" \/>\n\t<meta name=\"twitter:data1\" content=\"adminigemp\" \/>\n\t<meta name=\"twitter:label2\" content=\"Tiempo de lectura\" \/>\n\t<meta name=\"twitter:data2\" content=\"1 minuto\" \/>\n<script type=\"application\/ld+json\" class=\"yoast-schema-graph\">{\"@context\":\"https:\\\/\\\/schema.org\",\"@graph\":[{\"@type\":\"Article\",\"@id\":\"https:\\\/\\\/observatorioigualdadyempleo.es\\\/distintivo-igualdad-en-la-empresa-die\\\/#article\",\"isPartOf\":{\"@id\":\"https:\\\/\\\/observatorioigualdadyempleo.es\\\/distintivo-igualdad-en-la-empresa-die\\\/\"},\"author\":{\"name\":\"adminigemp\",\"@id\":\"https:\\\/\\\/observatorioigualdadyempleo.es\\\/#\\\/schema\\\/person\\\/041ae622a50c0db746d7ed6e688d6141\"},\"headline\":\"Distintivo \u00abIgualdad en la Empresa\u00bb (DIE)\",\"datePublished\":\"2018-12-26T12:15:05+00:00\",\"dateModified\":\"2019-02-12T09:16:55+00:00\",\"mainEntityOfPage\":{\"@id\":\"https:\\\/\\\/observatorioigualdadyempleo.es\\\/distintivo-igualdad-en-la-empresa-die\\\/\"},\"wordCount\":241,\"keywords\":[\"2018\",\"Acceso al empleo\",\"Igualdad de Oportunidades\",\"IMIO\",\"Plan de Igualdad\",\"Promoci\u00f3n\"],\"articleSection\":[\"Empresa\"],\"inLanguage\":\"es\"},{\"@type\":\"WebPage\",\"@id\":\"https:\\\/\\\/observatorioigualdadyempleo.es\\\/distintivo-igualdad-en-la-empresa-die\\\/\",\"url\":\"https:\\\/\\\/observatorioigualdadyempleo.es\\\/distintivo-igualdad-en-la-empresa-die\\\/\",\"name\":\"Distintivo \\\"Igualdad en la Empresa\\\" (DIE) - Observatorio de Igualdad y Empleo\",\"isPartOf\":{\"@id\":\"https:\\\/\\\/observatorioigualdadyempleo.es\\\/#website\"},\"datePublished\":\"2018-12-26T12:15:05+00:00\",\"dateModified\":\"2019-02-12T09:16:55+00:00\",\"author\":{\"@id\":\"https:\\\/\\\/observatorioigualdadyempleo.es\\\/#\\\/schema\\\/person\\\/041ae622a50c0db746d7ed6e688d6141\"},\"breadcrumb\":{\"@id\":\"https:\\\/\\\/observatorioigualdadyempleo.es\\\/distintivo-igualdad-en-la-empresa-die\\\/#breadcrumb\"},\"inLanguage\":\"es\",\"potentialAction\":[{\"@type\":\"ReadAction\",\"target\":[\"https:\\\/\\\/observatorioigualdadyempleo.es\\\/distintivo-igualdad-en-la-empresa-die\\\/\"]}]},{\"@type\":\"BreadcrumbList\",\"@id\":\"https:\\\/\\\/observatorioigualdadyempleo.es\\\/distintivo-igualdad-en-la-empresa-die\\\/#breadcrumb\",\"itemListElement\":[{\"@type\":\"ListItem\",\"position\":1,\"name\":\"Portada\",\"item\":\"https:\\\/\\\/observatorioigualdadyempleo.es\\\/\"},{\"@type\":\"ListItem\",\"position\":2,\"name\":\"Distintivo \u00abIgualdad en la Empresa\u00bb (DIE)\"}]},{\"@type\":\"WebSite\",\"@id\":\"https:\\\/\\\/observatorioigualdadyempleo.es\\\/#website\",\"url\":\"https:\\\/\\\/observatorioigualdadyempleo.es\\\/\",\"name\":\"Observatorio de Igualdad y Empleo\",\"description\":\"Recopilatorio de conocimiento sobre igualdad  y empleo\",\"potentialAction\":[{\"@type\":\"SearchAction\",\"target\":{\"@type\":\"EntryPoint\",\"urlTemplate\":\"https:\\\/\\\/observatorioigualdadyempleo.es\\\/?s={search_term_string}\"},\"query-input\":{\"@type\":\"PropertyValueSpecification\",\"valueRequired\":true,\"valueName\":\"search_term_string\"}}],\"inLanguage\":\"es\"},{\"@type\":\"Person\",\"@id\":\"https:\\\/\\\/observatorioigualdadyempleo.es\\\/#\\\/schema\\\/person\\\/041ae622a50c0db746d7ed6e688d6141\",\"name\":\"adminigemp\",\"image\":{\"@type\":\"ImageObject\",\"inLanguage\":\"es\",\"@id\":\"https:\\\/\\\/secure.gravatar.com\\\/avatar\\\/cf076103850650f3e444b8c4446ee6f3f1efb3d7395463e7b84e7cbe4c8ec390?s=96&d=mm&r=g\",\"url\":\"https:\\\/\\\/secure.gravatar.com\\\/avatar\\\/cf076103850650f3e444b8c4446ee6f3f1efb3d7395463e7b84e7cbe4c8ec390?s=96&d=mm&r=g\",\"contentUrl\":\"https:\\\/\\\/secure.gravatar.com\\\/avatar\\\/cf076103850650f3e444b8c4446ee6f3f1efb3d7395463e7b84e7cbe4c8ec390?s=96&d=mm&r=g\",\"caption\":\"adminigemp\"},\"url\":\"http:\\\/\\\/activat9-cp344.wordpresstemporal.com\\\/observatorio_igualdad_y_empleo\\\/author\\\/adminigemp\\\/\"}]}<\/script>\n<!-- \/ Yoast SEO plugin. -->","yoast_head_json":{"title":"Distintivo \"Igualdad en la Empresa\" (DIE) - Observatorio de Igualdad y Empleo","robots":{"index":"index","follow":"follow","max-snippet":"max-snippet:-1","max-image-preview":"max-image-preview:large","max-video-preview":"max-video-preview:-1"},"canonical":"https:\/\/observatorioigualdadyempleo.es\/distintivo-igualdad-en-la-empresa-die\/","og_locale":"es_ES","og_type":"article","og_title":"Distintivo \"Igualdad en la Empresa\" (DIE) - Observatorio de Igualdad y Empleo","og_description":"El pasado 18 de diciembre tuvo lugar el acto conmemorativo del VIII Convocatoria del Instituto de la Mujer en el que ocho nuevas empresas recibieron el distintivo \u00abIgualdad en la Empresa\u00bb de la Red de Empresas DIE. Las ocho empresas [\u2026]","og_url":"https:\/\/observatorioigualdadyempleo.es\/distintivo-igualdad-en-la-empresa-die\/","og_site_name":"Observatorio de Igualdad y Empleo","article_publisher":"https:\/\/www.facebook.com\/fundacionmujeres","article_published_time":"2018-12-26T12:15:05+00:00","article_modified_time":"2019-02-12T09:16:55+00:00","og_image":[{"width":512,"height":512,"url":"http:\/\/activat9-cp344.wordpresstemporal.com\/observatorio_igualdad_y_empleo\/wp-content\/uploads\/2017\/12\/icono-web.png","type":"image\/png"}],"author":"adminigemp","twitter_card":"summary_large_image","twitter_creator":"@fmujeres","twitter_site":"@fmujeres","twitter_misc":{"Escrito por":"adminigemp","Tiempo de lectura":"1 minuto"},"schema":{"@context":"https:\/\/schema.org","@graph":[{"@type":"Article","@id":"https:\/\/observatorioigualdadyempleo.es\/distintivo-igualdad-en-la-empresa-die\/#article","isPartOf":{"@id":"https:\/\/observatorioigualdadyempleo.es\/distintivo-igualdad-en-la-empresa-die\/"},"author":{"name":"adminigemp","@id":"https:\/\/observatorioigualdadyempleo.es\/#\/schema\/person\/041ae622a50c0db746d7ed6e688d6141"},"headline":"Distintivo \u00abIgualdad en la Empresa\u00bb (DIE)","datePublished":"2018-12-26T12:15:05+00:00","dateModified":"2019-02-12T09:16:55+00:00","mainEntityOfPage":{"@id":"https:\/\/observatorioigualdadyempleo.es\/distintivo-igualdad-en-la-empresa-die\/"},"wordCount":241,"keywords":["2018","Acceso al empleo","Igualdad de Oportunidades","IMIO","Plan de Igualdad","Promoci\u00f3n"],"articleSection":["Empresa"],"inLanguage":"es"},{"@type":"WebPage","@id":"https:\/\/observatorioigualdadyempleo.es\/distintivo-igualdad-en-la-empresa-die\/","url":"https:\/\/observatorioigualdadyempleo.es\/distintivo-igualdad-en-la-empresa-die\/","name":"Distintivo \"Igualdad en la Empresa\" (DIE) - Observatorio de Igualdad y Empleo","isPartOf":{"@id":"https:\/\/observatorioigualdadyempleo.es\/#website"},"datePublished":"2018-12-26T12:15:05+00:00","dateModified":"2019-02-12T09:16:55+00:00","author":{"@id":"https:\/\/observatorioigualdadyempleo.es\/#\/schema\/person\/041ae622a50c0db746d7ed6e688d6141"},"breadcrumb":{"@id":"https:\/\/observatorioigualdadyempleo.es\/distintivo-igualdad-en-la-empresa-die\/#breadcrumb"},"inLanguage":"es","potentialAction":[{"@type":"ReadAction","target":["https:\/\/observatorioigualdadyempleo.es\/distintivo-igualdad-en-la-empresa-die\/"]}]},{"@type":"BreadcrumbList","@id":"https:\/\/observatorioigualdadyempleo.es\/distintivo-igualdad-en-la-empresa-die\/#breadcrumb","itemListElement":[{"@type":"ListItem","position":1,"name":"Portada","item":"https:\/\/observatorioigualdadyempleo.es\/"},{"@type":"ListItem","position":2,"name":"Distintivo \u00abIgualdad en la Empresa\u00bb (DIE)"}]},{"@type":"WebSite","@id":"https:\/\/observatorioigualdadyempleo.es\/#website","url":"https:\/\/observatorioigualdadyempleo.es\/","name":"Observatorio de Igualdad y Empleo","description":"Recopilatorio de conocimiento sobre igualdad  y empleo","potentialAction":[{"@type":"SearchAction","target":{"@type":"EntryPoint","urlTemplate":"https:\/\/observatorioigualdadyempleo.es\/?s={search_term_string}"},"query-input":{"@type":"PropertyValueSpecification","valueRequired":true,"valueName":"search_term_string"}}],"inLanguage":"es"},{"@type":"Person","@id":"https:\/\/observatorioigualdadyempleo.es\/#\/schema\/person\/041ae622a50c0db746d7ed6e688d6141","name":"adminigemp","image":{"@type":"ImageObject","inLanguage":"es","@id":"https:\/\/secure.gravatar.com\/avatar\/cf076103850650f3e444b8c4446ee6f3f1efb3d7395463e7b84e7cbe4c8ec390?s=96&d=mm&r=g","url":"https:\/\/secure.gravatar.com\/avatar\/cf076103850650f3e444b8c4446ee6f3f1efb3d7395463e7b84e7cbe4c8ec390?s=96&d=mm&r=g","contentUrl":"https:\/\/secure.gravatar.com\/avatar\/cf076103850650f3e444b8c4446ee6f3f1efb3d7395463e7b84e7cbe4c8ec390?s=96&d=mm&r=g","caption":"adminigemp"},"url":"http:\/\/activat9-cp344.wordpresstemporal.com\/observatorio_igualdad_y_empleo\/author\/adminigemp\/"}]}},"_links":{"self":[{"href":"http:\/\/activat9-cp344.wordpresstemporal.com\/observatorio_igualdad_y_empleo\/wp-json\/wp\/v2\/posts\/7641","targetHints":{"allow":["GET"]}}],"collection":[{"href":"http:\/\/activat9-cp344.wordpresstemporal.com\/observatorio_igualdad_y_empleo\/wp-json\/wp\/v2\/posts"}],"about":[{"href":"http:\/\/activat9-cp344.wordpresstemporal.com\/observatorio_igualdad_y_empleo\/wp-json\/wp\/v2\/types\/post"}],"author":[{"embeddable":true,"href":"http:\/\/activat9-cp344.wordpresstemporal.com\/observatorio_igualdad_y_empleo\/wp-json\/wp\/v2\/users\/1"}],"replies":[{"embeddable":true,"href":"http:\/\/activat9-cp344.wordpresstemporal.com\/observatorio_igualdad_y_empleo\/wp-json\/wp\/v2\/comments?post=7641"}],"version-history":[{"count":1,"href":"http:\/\/activat9-cp344.wordpresstemporal.com\/observatorio_igualdad_y_empleo\/wp-json\/wp\/v2\/posts\/7641\/revisions"}],"predecessor-version":[{"id":7643,"href":"http:\/\/activat9-cp344.wordpresstemporal.com\/observatorio_igualdad_y_empleo\/wp-json\/wp\/v2\/posts\/7641\/revisions\/7643"}],"wp:attachment":[{"href":"http:\/\/activat9-cp344.wordpresstemporal.com\/observatorio_igualdad_y_empleo\/wp-json\/wp\/v2\/media?parent=7641"}],"wp:term":[{"taxonomy":"category","embeddable":true,"href":"http:\/\/activat9-cp344.wordpresstemporal.com\/observatorio_igualdad_y_empleo\/wp-json\/wp\/v2\/categories?post=7641"},{"taxonomy":"post_tag","embeddable":true,"href":"http:\/\/activat9-cp344.wordpresstemporal.com\/observatorio_igualdad_y_empleo\/wp-json\/wp\/v2\/tags?post=7641"}],"curies":[{"name":"wp","href":"https:\/\/api.w.org\/{rel}","templated":true}]}}