{"id":7791,"date":"2019-01-09T15:00:59","date_gmt":"2019-01-09T14:00:59","guid":{"rendered":"https:\/\/observatorioigualdadyempleo.es\/?p=7791"},"modified":"2020-03-10T12:54:30","modified_gmt":"2020-03-10T11:54:30","slug":"brechas-de-genero-en-el-paro-registrado-diciembre-2018","status":"publish","type":"post","link":"http:\/\/activat9-cp344.wordpresstemporal.com\/observatorio_igualdad_y_empleo\/brechas-de-genero-en-el-paro-registrado-diciembre-2018\/","title":{"rendered":"Brechas de g\u00e9nero en el paro registrado: Diciembre 2018"},"content":{"rendered":"<p>Seg\u00fan los <a href=\"http:\/\/prensa.mitramiss.gob.es\/WebPrensa\/noticias\/laboral\/detalle\/3443\" target=\"_blank\" rel=\"noopener noreferrer\">\u00faltimos datos<\/a> publicados por el <a href=\"https:\/\/www.sepe.es\/\" target=\"_blank\" rel=\"noopener noreferrer\">Servicio P\u00fablico de Empleo Estatal<\/a> a finales del mes de diciembre, el n\u00famero de personas desempleadas ha bajado un 1,55%, o 50.570 personas, en comparaci\u00f3n con el mes de noviembre. <strong>El paro registrado se situ\u00f3 en 3.202.297 personas<\/strong>.<\/p>\n<p><strong>Las mujeres siguen representando la mayor\u00eda de las personas registradas en el paro, un 58,2% del total<\/strong>. Diciembre finaliz\u00f3 con 1.865.053 mujeres en el paro. Por su parte, los hombres representan el 41,8% con 1.337.244 registros de parados.<\/p>\n<p>Si comparamos las cifras de diciembre con el <a href=\"https:\/\/observatorioigualdadyempleo.es\/brechas-de-genero-en-el-paro-registrado-noviembre-2018\/\" target=\"_blank\" rel=\"noopener noreferrer\">mes de noviembre<\/a>, podemos observar como la reducci\u00f3n m\u00e1s elevada se produjo en el n\u00famero de mujeres paradas. Del total de 50.570 personas menos registradas al paro, <strong>las mujeres representan el 88,73% del total<\/strong>. En diciembre, el n\u00famero de paro registrado de las mujeres se redujo en 44.873 mujeres menos registradas.<\/p>\n<p>Puedes acceder al informe publicado con las cifras correspondientes al mes de diciembre a trav\u00e9s del siguiente\u00a0<a href=\"https:\/\/observatorioigualdadyempleo.es\/download\/datos-de-los-registros-del-servicio-publico-de-empleo-estatal-diciembre-2018\/?wpdmdl=7779&amp;refresh=5c35fdfe123e11547042302\" target=\"_blank\" rel=\"noopener noreferrer\">enlace<\/a>\u00a0del Observatorio de Igualdad y Empleo.<\/p>\n<p>El\u00a0<strong>Observatorio de Igualdad y Empleo<\/strong>\u00a0es una\u00a0acci\u00f3n de divulgaci\u00f3n que forma parte del proyecto\u00a0<a href=\"https:\/\/observatorioigualdadyempleo.es\/proyecto-dana\/\" target=\"_blank\" rel=\"noopener noreferrer\">DANA<\/a>, financiado por el\u00a0<a href=\"https:\/\/ec.europa.eu\/social\/main.jsp?langId=es&amp;catId=325\" target=\"_blank\" rel=\"noopener noreferrer\">Fondo Social Europeo.<\/a><\/p>\n","protected":false},"excerpt":{"rendered":"<p>Seg\u00fan los \u00faltimos datos publicados por el Servicio P\u00fablico de Empleo Estatal a finales del mes de diciembre, el n\u00famero de personas desempleadas ha bajado un 1,55%, o 50.570 personas, en comparaci\u00f3n con el mes de noviembre. El paro registrado<span class=\"excerpt-hellip\"> [\u2026]<\/span><\/p>\n","protected":false},"author":1,"featured_media":0,"comment_status":"closed","ping_status":"open","sticky":false,"template":"","format":"standard","meta":{"footnotes":""},"categories":[181],"tags":[132,141,69,184],"class_list":["post-7791","post","type-post","status-publish","format-standard","hentry","category-empleo","tag-132","tag-desempleo","tag-espana","tag-paro"],"yoast_head":"<!-- This site is optimized with the Yoast SEO plugin v27.5 - https:\/\/yoast.com\/product\/yoast-seo-wordpress\/ -->\n<title>Brechas de g\u00e9nero en el paro registrado: Diciembre 2018 - Observatorio de Igualdad y Empleo<\/title>\n<meta name=\"robots\" content=\"index, follow, max-snippet:-1, max-image-preview:large, max-video-preview:-1\" \/>\n<link rel=\"canonical\" href=\"https:\/\/observatorioigualdadyempleo.es\/brechas-de-genero-en-el-paro-registrado-diciembre-2018\/\" \/>\n<meta property=\"og:locale\" content=\"es_ES\" \/>\n<meta property=\"og:type\" content=\"article\" \/>\n<meta property=\"og:title\" content=\"Brechas de g\u00e9nero en el paro registrado: Diciembre 2018 - Observatorio de Igualdad y Empleo\" \/>\n<meta property=\"og:description\" content=\"Seg\u00fan los \u00faltimos datos publicados por el Servicio P\u00fablico de Empleo Estatal a finales del mes de diciembre, el n\u00famero de personas desempleadas ha bajado un 1,55%, o 50.570 personas, en comparaci\u00f3n con el mes de noviembre. El paro registrado [\u2026]\" \/>\n<meta property=\"og:url\" content=\"https:\/\/observatorioigualdadyempleo.es\/brechas-de-genero-en-el-paro-registrado-diciembre-2018\/\" \/>\n<meta property=\"og:site_name\" content=\"Observatorio de Igualdad y Empleo\" \/>\n<meta property=\"article:publisher\" content=\"https:\/\/www.facebook.com\/fundacionmujeres\" \/>\n<meta property=\"article:published_time\" content=\"2019-01-09T14:00:59+00:00\" \/>\n<meta property=\"article:modified_time\" content=\"2020-03-10T11:54:30+00:00\" \/>\n<meta property=\"og:image\" content=\"http:\/\/activat9-cp344.wordpresstemporal.com\/observatorio_igualdad_y_empleo\/wp-content\/uploads\/2017\/12\/icono-web.png\" \/>\n\t<meta property=\"og:image:width\" content=\"512\" \/>\n\t<meta property=\"og:image:height\" content=\"512\" \/>\n\t<meta property=\"og:image:type\" content=\"image\/png\" \/>\n<meta name=\"author\" content=\"adminigemp\" \/>\n<meta name=\"twitter:card\" content=\"summary_large_image\" \/>\n<meta name=\"twitter:creator\" content=\"@fmujeres\" \/>\n<meta name=\"twitter:site\" content=\"@fmujeres\" \/>\n<meta name=\"twitter:label1\" content=\"Escrito por\" \/>\n\t<meta name=\"twitter:data1\" content=\"adminigemp\" \/>\n\t<meta name=\"twitter:label2\" content=\"Tiempo de lectura\" \/>\n\t<meta name=\"twitter:data2\" content=\"1 minuto\" \/>\n<script type=\"application\/ld+json\" class=\"yoast-schema-graph\">{\"@context\":\"https:\\\/\\\/schema.org\",\"@graph\":[{\"@type\":\"Article\",\"@id\":\"https:\\\/\\\/observatorioigualdadyempleo.es\\\/brechas-de-genero-en-el-paro-registrado-diciembre-2018\\\/#article\",\"isPartOf\":{\"@id\":\"https:\\\/\\\/observatorioigualdadyempleo.es\\\/brechas-de-genero-en-el-paro-registrado-diciembre-2018\\\/\"},\"author\":{\"name\":\"adminigemp\",\"@id\":\"https:\\\/\\\/observatorioigualdadyempleo.es\\\/#\\\/schema\\\/person\\\/041ae622a50c0db746d7ed6e688d6141\"},\"headline\":\"Brechas de g\u00e9nero en el paro registrado: Diciembre 2018\",\"datePublished\":\"2019-01-09T14:00:59+00:00\",\"dateModified\":\"2020-03-10T11:54:30+00:00\",\"mainEntityOfPage\":{\"@id\":\"https:\\\/\\\/observatorioigualdadyempleo.es\\\/brechas-de-genero-en-el-paro-registrado-diciembre-2018\\\/\"},\"wordCount\":200,\"keywords\":[\"2018\",\"Desempleo\",\"Espa\u00f1a\",\"Paro\"],\"articleSection\":[\"Empleo\"],\"inLanguage\":\"es\"},{\"@type\":\"WebPage\",\"@id\":\"https:\\\/\\\/observatorioigualdadyempleo.es\\\/brechas-de-genero-en-el-paro-registrado-diciembre-2018\\\/\",\"url\":\"https:\\\/\\\/observatorioigualdadyempleo.es\\\/brechas-de-genero-en-el-paro-registrado-diciembre-2018\\\/\",\"name\":\"Brechas de g\u00e9nero en el paro registrado: Diciembre 2018 - Observatorio de Igualdad y Empleo\",\"isPartOf\":{\"@id\":\"https:\\\/\\\/observatorioigualdadyempleo.es\\\/#website\"},\"datePublished\":\"2019-01-09T14:00:59+00:00\",\"dateModified\":\"2020-03-10T11:54:30+00:00\",\"author\":{\"@id\":\"https:\\\/\\\/observatorioigualdadyempleo.es\\\/#\\\/schema\\\/person\\\/041ae622a50c0db746d7ed6e688d6141\"},\"breadcrumb\":{\"@id\":\"https:\\\/\\\/observatorioigualdadyempleo.es\\\/brechas-de-genero-en-el-paro-registrado-diciembre-2018\\\/#breadcrumb\"},\"inLanguage\":\"es\",\"potentialAction\":[{\"@type\":\"ReadAction\",\"target\":[\"https:\\\/\\\/observatorioigualdadyempleo.es\\\/brechas-de-genero-en-el-paro-registrado-diciembre-2018\\\/\"]}]},{\"@type\":\"BreadcrumbList\",\"@id\":\"https:\\\/\\\/observatorioigualdadyempleo.es\\\/brechas-de-genero-en-el-paro-registrado-diciembre-2018\\\/#breadcrumb\",\"itemListElement\":[{\"@type\":\"ListItem\",\"position\":1,\"name\":\"Portada\",\"item\":\"https:\\\/\\\/observatorioigualdadyempleo.es\\\/\"},{\"@type\":\"ListItem\",\"position\":2,\"name\":\"Brechas de g\u00e9nero en el paro registrado: Diciembre 2018\"}]},{\"@type\":\"WebSite\",\"@id\":\"https:\\\/\\\/observatorioigualdadyempleo.es\\\/#website\",\"url\":\"https:\\\/\\\/observatorioigualdadyempleo.es\\\/\",\"name\":\"Observatorio de Igualdad y Empleo\",\"description\":\"Recopilatorio de conocimiento sobre igualdad  y empleo\",\"potentialAction\":[{\"@type\":\"SearchAction\",\"target\":{\"@type\":\"EntryPoint\",\"urlTemplate\":\"https:\\\/\\\/observatorioigualdadyempleo.es\\\/?s={search_term_string}\"},\"query-input\":{\"@type\":\"PropertyValueSpecification\",\"valueRequired\":true,\"valueName\":\"search_term_string\"}}],\"inLanguage\":\"es\"},{\"@type\":\"Person\",\"@id\":\"https:\\\/\\\/observatorioigualdadyempleo.es\\\/#\\\/schema\\\/person\\\/041ae622a50c0db746d7ed6e688d6141\",\"name\":\"adminigemp\",\"image\":{\"@type\":\"ImageObject\",\"inLanguage\":\"es\",\"@id\":\"https:\\\/\\\/secure.gravatar.com\\\/avatar\\\/cf076103850650f3e444b8c4446ee6f3f1efb3d7395463e7b84e7cbe4c8ec390?s=96&d=mm&r=g\",\"url\":\"https:\\\/\\\/secure.gravatar.com\\\/avatar\\\/cf076103850650f3e444b8c4446ee6f3f1efb3d7395463e7b84e7cbe4c8ec390?s=96&d=mm&r=g\",\"contentUrl\":\"https:\\\/\\\/secure.gravatar.com\\\/avatar\\\/cf076103850650f3e444b8c4446ee6f3f1efb3d7395463e7b84e7cbe4c8ec390?s=96&d=mm&r=g\",\"caption\":\"adminigemp\"},\"url\":\"http:\\\/\\\/activat9-cp344.wordpresstemporal.com\\\/observatorio_igualdad_y_empleo\\\/author\\\/adminigemp\\\/\"}]}<\/script>\n<!-- \/ Yoast SEO plugin. -->","yoast_head_json":{"title":"Brechas de g\u00e9nero en el paro registrado: Diciembre 2018 - Observatorio de Igualdad y Empleo","robots":{"index":"index","follow":"follow","max-snippet":"max-snippet:-1","max-image-preview":"max-image-preview:large","max-video-preview":"max-video-preview:-1"},"canonical":"https:\/\/observatorioigualdadyempleo.es\/brechas-de-genero-en-el-paro-registrado-diciembre-2018\/","og_locale":"es_ES","og_type":"article","og_title":"Brechas de g\u00e9nero en el paro registrado: Diciembre 2018 - Observatorio de Igualdad y Empleo","og_description":"Seg\u00fan los \u00faltimos datos publicados por el Servicio P\u00fablico de Empleo Estatal a finales del mes de diciembre, el n\u00famero de personas desempleadas ha bajado un 1,55%, o 50.570 personas, en comparaci\u00f3n con el mes de noviembre. El paro registrado [\u2026]","og_url":"https:\/\/observatorioigualdadyempleo.es\/brechas-de-genero-en-el-paro-registrado-diciembre-2018\/","og_site_name":"Observatorio de Igualdad y Empleo","article_publisher":"https:\/\/www.facebook.com\/fundacionmujeres","article_published_time":"2019-01-09T14:00:59+00:00","article_modified_time":"2020-03-10T11:54:30+00:00","og_image":[{"width":512,"height":512,"url":"http:\/\/activat9-cp344.wordpresstemporal.com\/observatorio_igualdad_y_empleo\/wp-content\/uploads\/2017\/12\/icono-web.png","type":"image\/png"}],"author":"adminigemp","twitter_card":"summary_large_image","twitter_creator":"@fmujeres","twitter_site":"@fmujeres","twitter_misc":{"Escrito por":"adminigemp","Tiempo de lectura":"1 minuto"},"schema":{"@context":"https:\/\/schema.org","@graph":[{"@type":"Article","@id":"https:\/\/observatorioigualdadyempleo.es\/brechas-de-genero-en-el-paro-registrado-diciembre-2018\/#article","isPartOf":{"@id":"https:\/\/observatorioigualdadyempleo.es\/brechas-de-genero-en-el-paro-registrado-diciembre-2018\/"},"author":{"name":"adminigemp","@id":"https:\/\/observatorioigualdadyempleo.es\/#\/schema\/person\/041ae622a50c0db746d7ed6e688d6141"},"headline":"Brechas de g\u00e9nero en el paro registrado: Diciembre 2018","datePublished":"2019-01-09T14:00:59+00:00","dateModified":"2020-03-10T11:54:30+00:00","mainEntityOfPage":{"@id":"https:\/\/observatorioigualdadyempleo.es\/brechas-de-genero-en-el-paro-registrado-diciembre-2018\/"},"wordCount":200,"keywords":["2018","Desempleo","Espa\u00f1a","Paro"],"articleSection":["Empleo"],"inLanguage":"es"},{"@type":"WebPage","@id":"https:\/\/observatorioigualdadyempleo.es\/brechas-de-genero-en-el-paro-registrado-diciembre-2018\/","url":"https:\/\/observatorioigualdadyempleo.es\/brechas-de-genero-en-el-paro-registrado-diciembre-2018\/","name":"Brechas de g\u00e9nero en el paro registrado: Diciembre 2018 - Observatorio de Igualdad y Empleo","isPartOf":{"@id":"https:\/\/observatorioigualdadyempleo.es\/#website"},"datePublished":"2019-01-09T14:00:59+00:00","dateModified":"2020-03-10T11:54:30+00:00","author":{"@id":"https:\/\/observatorioigualdadyempleo.es\/#\/schema\/person\/041ae622a50c0db746d7ed6e688d6141"},"breadcrumb":{"@id":"https:\/\/observatorioigualdadyempleo.es\/brechas-de-genero-en-el-paro-registrado-diciembre-2018\/#breadcrumb"},"inLanguage":"es","potentialAction":[{"@type":"ReadAction","target":["https:\/\/observatorioigualdadyempleo.es\/brechas-de-genero-en-el-paro-registrado-diciembre-2018\/"]}]},{"@type":"BreadcrumbList","@id":"https:\/\/observatorioigualdadyempleo.es\/brechas-de-genero-en-el-paro-registrado-diciembre-2018\/#breadcrumb","itemListElement":[{"@type":"ListItem","position":1,"name":"Portada","item":"https:\/\/observatorioigualdadyempleo.es\/"},{"@type":"ListItem","position":2,"name":"Brechas de g\u00e9nero en el paro registrado: Diciembre 2018"}]},{"@type":"WebSite","@id":"https:\/\/observatorioigualdadyempleo.es\/#website","url":"https:\/\/observatorioigualdadyempleo.es\/","name":"Observatorio de Igualdad y Empleo","description":"Recopilatorio de conocimiento sobre igualdad  y empleo","potentialAction":[{"@type":"SearchAction","target":{"@type":"EntryPoint","urlTemplate":"https:\/\/observatorioigualdadyempleo.es\/?s={search_term_string}"},"query-input":{"@type":"PropertyValueSpecification","valueRequired":true,"valueName":"search_term_string"}}],"inLanguage":"es"},{"@type":"Person","@id":"https:\/\/observatorioigualdadyempleo.es\/#\/schema\/person\/041ae622a50c0db746d7ed6e688d6141","name":"adminigemp","image":{"@type":"ImageObject","inLanguage":"es","@id":"https:\/\/secure.gravatar.com\/avatar\/cf076103850650f3e444b8c4446ee6f3f1efb3d7395463e7b84e7cbe4c8ec390?s=96&d=mm&r=g","url":"https:\/\/secure.gravatar.com\/avatar\/cf076103850650f3e444b8c4446ee6f3f1efb3d7395463e7b84e7cbe4c8ec390?s=96&d=mm&r=g","contentUrl":"https:\/\/secure.gravatar.com\/avatar\/cf076103850650f3e444b8c4446ee6f3f1efb3d7395463e7b84e7cbe4c8ec390?s=96&d=mm&r=g","caption":"adminigemp"},"url":"http:\/\/activat9-cp344.wordpresstemporal.com\/observatorio_igualdad_y_empleo\/author\/adminigemp\/"}]}},"_links":{"self":[{"href":"http:\/\/activat9-cp344.wordpresstemporal.com\/observatorio_igualdad_y_empleo\/wp-json\/wp\/v2\/posts\/7791","targetHints":{"allow":["GET"]}}],"collection":[{"href":"http:\/\/activat9-cp344.wordpresstemporal.com\/observatorio_igualdad_y_empleo\/wp-json\/wp\/v2\/posts"}],"about":[{"href":"http:\/\/activat9-cp344.wordpresstemporal.com\/observatorio_igualdad_y_empleo\/wp-json\/wp\/v2\/types\/post"}],"author":[{"embeddable":true,"href":"http:\/\/activat9-cp344.wordpresstemporal.com\/observatorio_igualdad_y_empleo\/wp-json\/wp\/v2\/users\/1"}],"replies":[{"embeddable":true,"href":"http:\/\/activat9-cp344.wordpresstemporal.com\/observatorio_igualdad_y_empleo\/wp-json\/wp\/v2\/comments?post=7791"}],"version-history":[{"count":2,"href":"http:\/\/activat9-cp344.wordpresstemporal.com\/observatorio_igualdad_y_empleo\/wp-json\/wp\/v2\/posts\/7791\/revisions"}],"predecessor-version":[{"id":10561,"href":"http:\/\/activat9-cp344.wordpresstemporal.com\/observatorio_igualdad_y_empleo\/wp-json\/wp\/v2\/posts\/7791\/revisions\/10561"}],"wp:attachment":[{"href":"http:\/\/activat9-cp344.wordpresstemporal.com\/observatorio_igualdad_y_empleo\/wp-json\/wp\/v2\/media?parent=7791"}],"wp:term":[{"taxonomy":"category","embeddable":true,"href":"http:\/\/activat9-cp344.wordpresstemporal.com\/observatorio_igualdad_y_empleo\/wp-json\/wp\/v2\/categories?post=7791"},{"taxonomy":"post_tag","embeddable":true,"href":"http:\/\/activat9-cp344.wordpresstemporal.com\/observatorio_igualdad_y_empleo\/wp-json\/wp\/v2\/tags?post=7791"}],"curies":[{"name":"wp","href":"https:\/\/api.w.org\/{rel}","templated":true}]}}