{"id":7817,"date":"2019-01-14T10:16:34","date_gmt":"2019-01-14T09:16:34","guid":{"rendered":"https:\/\/observatorioigualdadyempleo.es\/?p=7817"},"modified":"2020-03-10T12:58:06","modified_gmt":"2020-03-10T11:58:06","slug":"i-premios-por-la-igualdad-en-aragon","status":"publish","type":"post","link":"http:\/\/activat9-cp344.wordpresstemporal.com\/observatorio_igualdad_y_empleo\/i-premios-por-la-igualdad-en-aragon\/","title":{"rendered":"I Premios por la Igualdad en Arag\u00f3n"},"content":{"rendered":"<p>La entrega de premios de la\u00a0<a href=\"http:\/\/aragonhoy.aragon.es\/index.php\/mod.noticias\/mem.detalle\/area.1020\/id.236434\" target=\"_blank\" rel=\"noopener noreferrer\">primera edici\u00f3n<\/a> de los <strong>Premios por la Igualdad de Arag\u00f3n<\/strong> tuvo lugar el pasado 12 de enero en Zaragoza. Al evento han asistido el Presidente de Arag\u00f3n, Javier Lamb\u00e1n, la Vicepresidenta del Gobierno de Espa\u00f1a, Carmen Calvo, y las Consejeras de Ciudadan\u00eda y Derechos sociales y de Innovaci\u00f3n, Investigaci\u00f3n y Universidad, Mar\u00eda Victoria Broto y Pilar Alegr\u00eda, respectivamente.<\/p>\n<p>Los Premios tienen el objetivo de <strong>visibilizar iniciativas que promueven la igualdad de oportunidades entre mujeres y hombres<\/strong> en \u00e1mbitos como el empresarial, la educaci\u00f3n, el medio rural, entre otros.<\/p>\n<p>En el listado de reconocimientos, podemos encontrar entre las entidades o iniciativas premiadas a la <a href=\"https:\/\/empresariashuesca.wordpress.com\/\" target=\"_blank\" rel=\"noopener noreferrer\">Asociaci\u00f3n de Mujeres Empresarias de la Provincia de Huesca<\/a>, galardonadas por su impulso por el liderazgo de las mujeres en las organizaciones empresariales, la <a href=\"http:\/\/www.aragonemprendedor.com\/contenido.php?modulo=contenido&amp;padre=1%7C17&amp;IDContenido=17\" target=\"_blank\" rel=\"noopener noreferrer\">Asociaci\u00f3n Aragonesa de Mujeres Empresarias y Profesionales (ARAME)<\/a>, galardonadas por su compromiso empresarial al favor de la igualdad.<\/p>\n<p>Puedes acceder a la grabaci\u00f3n de la entrega de premios a trav\u00e9s del siguiente <a href=\"https:\/\/www.youtube.com\/watch?time_continue=4249&amp;v=A3smcc38B6A\" target=\"_blank\" rel=\"noopener noreferrer\">enlace<\/a>.<\/p>\n<p>Para conocer m\u00e1s informaci\u00f3n sobre la situaci\u00f3n de las mujeres y de los hombres en Arag\u00f3n, puedes consultar el siguiente <a href=\"https:\/\/observatorioigualdadyempleo.es\/search\/Arag%C3%B3n\" target=\"_blank\" rel=\"noopener noreferrer\">enlace<\/a>\u00a0del <strong>Observatorio de Igualdad y Empleo<\/strong>.<\/p>\n<p>El\u00a0<strong>Observatorio de Igualdad y Empleo<\/strong>\u00a0es una\u00a0acci\u00f3n de divulgaci\u00f3n que forma parte del proyecto\u00a0<a href=\"https:\/\/observatorioigualdadyempleo.es\/proyecto-dana\/\" target=\"_blank\" rel=\"noopener noreferrer\">DANA<\/a>, financiado por el\u00a0<a href=\"https:\/\/ec.europa.eu\/social\/main.jsp?langId=es&amp;catId=325\" target=\"_blank\" rel=\"noopener noreferrer\">Fondo Social Europeo.<\/a><\/p>\n","protected":false},"excerpt":{"rendered":"<p>La entrega de premios de la\u00a0primera edici\u00f3n de los Premios por la Igualdad de Arag\u00f3n tuvo lugar el pasado 12 de enero en Zaragoza. Al evento han asistido el Presidente de Arag\u00f3n, Javier Lamb\u00e1n, la Vicepresidenta del Gobierno de Espa\u00f1a,<span class=\"excerpt-hellip\"> [\u2026]<\/span><\/p>\n","protected":false},"author":1,"featured_media":0,"comment_status":"closed","ping_status":"open","sticky":false,"template":"","format":"standard","meta":{"footnotes":""},"categories":[182],"tags":[195,145,47,38],"class_list":["post-7817","post","type-post","status-publish","format-standard","hentry","category-empresa","tag-195","tag-aragon","tag-empresa","tag-igualdad-de-oportunidades"],"yoast_head":"<!-- This site is optimized with the Yoast SEO plugin v27.5 - https:\/\/yoast.com\/product\/yoast-seo-wordpress\/ -->\n<title>I Premios por la Igualdad en Arag\u00f3n - Observatorio de Igualdad y Empleo<\/title>\n<meta name=\"robots\" content=\"index, follow, max-snippet:-1, max-image-preview:large, max-video-preview:-1\" \/>\n<link rel=\"canonical\" href=\"https:\/\/observatorioigualdadyempleo.es\/i-premios-por-la-igualdad-en-aragon\/\" \/>\n<meta property=\"og:locale\" content=\"es_ES\" \/>\n<meta property=\"og:type\" content=\"article\" \/>\n<meta property=\"og:title\" content=\"I Premios por la Igualdad en Arag\u00f3n - Observatorio de Igualdad y Empleo\" \/>\n<meta property=\"og:description\" content=\"La entrega de premios de la\u00a0primera edici\u00f3n de los Premios por la Igualdad de Arag\u00f3n tuvo lugar el pasado 12 de enero en Zaragoza. Al evento han asistido el Presidente de Arag\u00f3n, Javier Lamb\u00e1n, la Vicepresidenta del Gobierno de Espa\u00f1a, [\u2026]\" \/>\n<meta property=\"og:url\" content=\"https:\/\/observatorioigualdadyempleo.es\/i-premios-por-la-igualdad-en-aragon\/\" \/>\n<meta property=\"og:site_name\" content=\"Observatorio de Igualdad y Empleo\" \/>\n<meta property=\"article:publisher\" content=\"https:\/\/www.facebook.com\/fundacionmujeres\" \/>\n<meta property=\"article:published_time\" content=\"2019-01-14T09:16:34+00:00\" \/>\n<meta property=\"article:modified_time\" content=\"2020-03-10T11:58:06+00:00\" \/>\n<meta property=\"og:image\" content=\"http:\/\/activat9-cp344.wordpresstemporal.com\/observatorio_igualdad_y_empleo\/wp-content\/uploads\/2017\/12\/icono-web.png\" \/>\n\t<meta property=\"og:image:width\" content=\"512\" \/>\n\t<meta property=\"og:image:height\" content=\"512\" \/>\n\t<meta property=\"og:image:type\" content=\"image\/png\" \/>\n<meta name=\"author\" content=\"adminigemp\" \/>\n<meta name=\"twitter:card\" content=\"summary_large_image\" \/>\n<meta name=\"twitter:creator\" content=\"@fmujeres\" \/>\n<meta name=\"twitter:site\" content=\"@fmujeres\" \/>\n<meta name=\"twitter:label1\" content=\"Escrito por\" \/>\n\t<meta name=\"twitter:data1\" content=\"adminigemp\" \/>\n\t<meta name=\"twitter:label2\" content=\"Tiempo de lectura\" \/>\n\t<meta name=\"twitter:data2\" content=\"1 minuto\" \/>\n<script type=\"application\/ld+json\" class=\"yoast-schema-graph\">{\"@context\":\"https:\\\/\\\/schema.org\",\"@graph\":[{\"@type\":\"Article\",\"@id\":\"https:\\\/\\\/observatorioigualdadyempleo.es\\\/i-premios-por-la-igualdad-en-aragon\\\/#article\",\"isPartOf\":{\"@id\":\"https:\\\/\\\/observatorioigualdadyempleo.es\\\/i-premios-por-la-igualdad-en-aragon\\\/\"},\"author\":{\"name\":\"adminigemp\",\"@id\":\"https:\\\/\\\/observatorioigualdadyempleo.es\\\/#\\\/schema\\\/person\\\/041ae622a50c0db746d7ed6e688d6141\"},\"headline\":\"I Premios por la Igualdad en Arag\u00f3n\",\"datePublished\":\"2019-01-14T09:16:34+00:00\",\"dateModified\":\"2020-03-10T11:58:06+00:00\",\"mainEntityOfPage\":{\"@id\":\"https:\\\/\\\/observatorioigualdadyempleo.es\\\/i-premios-por-la-igualdad-en-aragon\\\/\"},\"wordCount\":244,\"keywords\":[\"2019\",\"Arag\u00f3n\",\"Empresa\",\"Igualdad de Oportunidades\"],\"articleSection\":[\"Empresa\"],\"inLanguage\":\"es\"},{\"@type\":\"WebPage\",\"@id\":\"https:\\\/\\\/observatorioigualdadyempleo.es\\\/i-premios-por-la-igualdad-en-aragon\\\/\",\"url\":\"https:\\\/\\\/observatorioigualdadyempleo.es\\\/i-premios-por-la-igualdad-en-aragon\\\/\",\"name\":\"I Premios por la Igualdad en Arag\u00f3n - Observatorio de Igualdad y Empleo\",\"isPartOf\":{\"@id\":\"https:\\\/\\\/observatorioigualdadyempleo.es\\\/#website\"},\"datePublished\":\"2019-01-14T09:16:34+00:00\",\"dateModified\":\"2020-03-10T11:58:06+00:00\",\"author\":{\"@id\":\"https:\\\/\\\/observatorioigualdadyempleo.es\\\/#\\\/schema\\\/person\\\/041ae622a50c0db746d7ed6e688d6141\"},\"breadcrumb\":{\"@id\":\"https:\\\/\\\/observatorioigualdadyempleo.es\\\/i-premios-por-la-igualdad-en-aragon\\\/#breadcrumb\"},\"inLanguage\":\"es\",\"potentialAction\":[{\"@type\":\"ReadAction\",\"target\":[\"https:\\\/\\\/observatorioigualdadyempleo.es\\\/i-premios-por-la-igualdad-en-aragon\\\/\"]}]},{\"@type\":\"BreadcrumbList\",\"@id\":\"https:\\\/\\\/observatorioigualdadyempleo.es\\\/i-premios-por-la-igualdad-en-aragon\\\/#breadcrumb\",\"itemListElement\":[{\"@type\":\"ListItem\",\"position\":1,\"name\":\"Portada\",\"item\":\"https:\\\/\\\/observatorioigualdadyempleo.es\\\/\"},{\"@type\":\"ListItem\",\"position\":2,\"name\":\"I Premios por la Igualdad en Arag\u00f3n\"}]},{\"@type\":\"WebSite\",\"@id\":\"https:\\\/\\\/observatorioigualdadyempleo.es\\\/#website\",\"url\":\"https:\\\/\\\/observatorioigualdadyempleo.es\\\/\",\"name\":\"Observatorio de Igualdad y Empleo\",\"description\":\"Recopilatorio de conocimiento sobre igualdad  y empleo\",\"potentialAction\":[{\"@type\":\"SearchAction\",\"target\":{\"@type\":\"EntryPoint\",\"urlTemplate\":\"https:\\\/\\\/observatorioigualdadyempleo.es\\\/?s={search_term_string}\"},\"query-input\":{\"@type\":\"PropertyValueSpecification\",\"valueRequired\":true,\"valueName\":\"search_term_string\"}}],\"inLanguage\":\"es\"},{\"@type\":\"Person\",\"@id\":\"https:\\\/\\\/observatorioigualdadyempleo.es\\\/#\\\/schema\\\/person\\\/041ae622a50c0db746d7ed6e688d6141\",\"name\":\"adminigemp\",\"image\":{\"@type\":\"ImageObject\",\"inLanguage\":\"es\",\"@id\":\"https:\\\/\\\/secure.gravatar.com\\\/avatar\\\/cf076103850650f3e444b8c4446ee6f3f1efb3d7395463e7b84e7cbe4c8ec390?s=96&d=mm&r=g\",\"url\":\"https:\\\/\\\/secure.gravatar.com\\\/avatar\\\/cf076103850650f3e444b8c4446ee6f3f1efb3d7395463e7b84e7cbe4c8ec390?s=96&d=mm&r=g\",\"contentUrl\":\"https:\\\/\\\/secure.gravatar.com\\\/avatar\\\/cf076103850650f3e444b8c4446ee6f3f1efb3d7395463e7b84e7cbe4c8ec390?s=96&d=mm&r=g\",\"caption\":\"adminigemp\"},\"url\":\"http:\\\/\\\/activat9-cp344.wordpresstemporal.com\\\/observatorio_igualdad_y_empleo\\\/author\\\/adminigemp\\\/\"}]}<\/script>\n<!-- \/ Yoast SEO plugin. -->","yoast_head_json":{"title":"I Premios por la Igualdad en Arag\u00f3n - Observatorio de Igualdad y Empleo","robots":{"index":"index","follow":"follow","max-snippet":"max-snippet:-1","max-image-preview":"max-image-preview:large","max-video-preview":"max-video-preview:-1"},"canonical":"https:\/\/observatorioigualdadyempleo.es\/i-premios-por-la-igualdad-en-aragon\/","og_locale":"es_ES","og_type":"article","og_title":"I Premios por la Igualdad en Arag\u00f3n - Observatorio de Igualdad y Empleo","og_description":"La entrega de premios de la\u00a0primera edici\u00f3n de los Premios por la Igualdad de Arag\u00f3n tuvo lugar el pasado 12 de enero en Zaragoza. Al evento han asistido el Presidente de Arag\u00f3n, Javier Lamb\u00e1n, la Vicepresidenta del Gobierno de Espa\u00f1a, [\u2026]","og_url":"https:\/\/observatorioigualdadyempleo.es\/i-premios-por-la-igualdad-en-aragon\/","og_site_name":"Observatorio de Igualdad y Empleo","article_publisher":"https:\/\/www.facebook.com\/fundacionmujeres","article_published_time":"2019-01-14T09:16:34+00:00","article_modified_time":"2020-03-10T11:58:06+00:00","og_image":[{"width":512,"height":512,"url":"http:\/\/activat9-cp344.wordpresstemporal.com\/observatorio_igualdad_y_empleo\/wp-content\/uploads\/2017\/12\/icono-web.png","type":"image\/png"}],"author":"adminigemp","twitter_card":"summary_large_image","twitter_creator":"@fmujeres","twitter_site":"@fmujeres","twitter_misc":{"Escrito por":"adminigemp","Tiempo de lectura":"1 minuto"},"schema":{"@context":"https:\/\/schema.org","@graph":[{"@type":"Article","@id":"https:\/\/observatorioigualdadyempleo.es\/i-premios-por-la-igualdad-en-aragon\/#article","isPartOf":{"@id":"https:\/\/observatorioigualdadyempleo.es\/i-premios-por-la-igualdad-en-aragon\/"},"author":{"name":"adminigemp","@id":"https:\/\/observatorioigualdadyempleo.es\/#\/schema\/person\/041ae622a50c0db746d7ed6e688d6141"},"headline":"I Premios por la Igualdad en Arag\u00f3n","datePublished":"2019-01-14T09:16:34+00:00","dateModified":"2020-03-10T11:58:06+00:00","mainEntityOfPage":{"@id":"https:\/\/observatorioigualdadyempleo.es\/i-premios-por-la-igualdad-en-aragon\/"},"wordCount":244,"keywords":["2019","Arag\u00f3n","Empresa","Igualdad de Oportunidades"],"articleSection":["Empresa"],"inLanguage":"es"},{"@type":"WebPage","@id":"https:\/\/observatorioigualdadyempleo.es\/i-premios-por-la-igualdad-en-aragon\/","url":"https:\/\/observatorioigualdadyempleo.es\/i-premios-por-la-igualdad-en-aragon\/","name":"I Premios por la Igualdad en Arag\u00f3n - Observatorio de Igualdad y Empleo","isPartOf":{"@id":"https:\/\/observatorioigualdadyempleo.es\/#website"},"datePublished":"2019-01-14T09:16:34+00:00","dateModified":"2020-03-10T11:58:06+00:00","author":{"@id":"https:\/\/observatorioigualdadyempleo.es\/#\/schema\/person\/041ae622a50c0db746d7ed6e688d6141"},"breadcrumb":{"@id":"https:\/\/observatorioigualdadyempleo.es\/i-premios-por-la-igualdad-en-aragon\/#breadcrumb"},"inLanguage":"es","potentialAction":[{"@type":"ReadAction","target":["https:\/\/observatorioigualdadyempleo.es\/i-premios-por-la-igualdad-en-aragon\/"]}]},{"@type":"BreadcrumbList","@id":"https:\/\/observatorioigualdadyempleo.es\/i-premios-por-la-igualdad-en-aragon\/#breadcrumb","itemListElement":[{"@type":"ListItem","position":1,"name":"Portada","item":"https:\/\/observatorioigualdadyempleo.es\/"},{"@type":"ListItem","position":2,"name":"I Premios por la Igualdad en Arag\u00f3n"}]},{"@type":"WebSite","@id":"https:\/\/observatorioigualdadyempleo.es\/#website","url":"https:\/\/observatorioigualdadyempleo.es\/","name":"Observatorio de Igualdad y Empleo","description":"Recopilatorio de conocimiento sobre igualdad  y empleo","potentialAction":[{"@type":"SearchAction","target":{"@type":"EntryPoint","urlTemplate":"https:\/\/observatorioigualdadyempleo.es\/?s={search_term_string}"},"query-input":{"@type":"PropertyValueSpecification","valueRequired":true,"valueName":"search_term_string"}}],"inLanguage":"es"},{"@type":"Person","@id":"https:\/\/observatorioigualdadyempleo.es\/#\/schema\/person\/041ae622a50c0db746d7ed6e688d6141","name":"adminigemp","image":{"@type":"ImageObject","inLanguage":"es","@id":"https:\/\/secure.gravatar.com\/avatar\/cf076103850650f3e444b8c4446ee6f3f1efb3d7395463e7b84e7cbe4c8ec390?s=96&d=mm&r=g","url":"https:\/\/secure.gravatar.com\/avatar\/cf076103850650f3e444b8c4446ee6f3f1efb3d7395463e7b84e7cbe4c8ec390?s=96&d=mm&r=g","contentUrl":"https:\/\/secure.gravatar.com\/avatar\/cf076103850650f3e444b8c4446ee6f3f1efb3d7395463e7b84e7cbe4c8ec390?s=96&d=mm&r=g","caption":"adminigemp"},"url":"http:\/\/activat9-cp344.wordpresstemporal.com\/observatorio_igualdad_y_empleo\/author\/adminigemp\/"}]}},"_links":{"self":[{"href":"http:\/\/activat9-cp344.wordpresstemporal.com\/observatorio_igualdad_y_empleo\/wp-json\/wp\/v2\/posts\/7817","targetHints":{"allow":["GET"]}}],"collection":[{"href":"http:\/\/activat9-cp344.wordpresstemporal.com\/observatorio_igualdad_y_empleo\/wp-json\/wp\/v2\/posts"}],"about":[{"href":"http:\/\/activat9-cp344.wordpresstemporal.com\/observatorio_igualdad_y_empleo\/wp-json\/wp\/v2\/types\/post"}],"author":[{"embeddable":true,"href":"http:\/\/activat9-cp344.wordpresstemporal.com\/observatorio_igualdad_y_empleo\/wp-json\/wp\/v2\/users\/1"}],"replies":[{"embeddable":true,"href":"http:\/\/activat9-cp344.wordpresstemporal.com\/observatorio_igualdad_y_empleo\/wp-json\/wp\/v2\/comments?post=7817"}],"version-history":[{"count":5,"href":"http:\/\/activat9-cp344.wordpresstemporal.com\/observatorio_igualdad_y_empleo\/wp-json\/wp\/v2\/posts\/7817\/revisions"}],"predecessor-version":[{"id":10568,"href":"http:\/\/activat9-cp344.wordpresstemporal.com\/observatorio_igualdad_y_empleo\/wp-json\/wp\/v2\/posts\/7817\/revisions\/10568"}],"wp:attachment":[{"href":"http:\/\/activat9-cp344.wordpresstemporal.com\/observatorio_igualdad_y_empleo\/wp-json\/wp\/v2\/media?parent=7817"}],"wp:term":[{"taxonomy":"category","embeddable":true,"href":"http:\/\/activat9-cp344.wordpresstemporal.com\/observatorio_igualdad_y_empleo\/wp-json\/wp\/v2\/categories?post=7817"},{"taxonomy":"post_tag","embeddable":true,"href":"http:\/\/activat9-cp344.wordpresstemporal.com\/observatorio_igualdad_y_empleo\/wp-json\/wp\/v2\/tags?post=7817"}],"curies":[{"name":"wp","href":"https:\/\/api.w.org\/{rel}","templated":true}]}}