{"id":9953,"date":"2019-11-13T10:34:01","date_gmt":"2019-11-13T09:34:01","guid":{"rendered":"https:\/\/observatorioigualdadyempleo.es\/?p=9953"},"modified":"2019-11-13T10:35:31","modified_gmt":"2019-11-13T09:35:31","slug":"premio-empresaria-directiva-y-emprendedora-navarra-2019","status":"publish","type":"post","link":"http:\/\/activat9-cp344.wordpresstemporal.com\/observatorio_igualdad_y_empleo\/premio-empresaria-directiva-y-emprendedora-navarra-2019\/","title":{"rendered":"Premio Empresaria, Directiva y Emprendedora Navarra 2019"},"content":{"rendered":"<p>La <a href=\"https:\/\/www.amedna.com\/\" target=\"_blank\" rel=\"noopener\">Asociaci\u00f3n de Mujeres Empresarias y Directivas de Navarra (Amedna)<\/a> ha anunciado <a href=\"https:\/\/navarra.elespanol.com\/articulo\/sociedad\/silvia-ezquerra-ekaterian-bukareva-aida-loperena-ganan-premios-empresaria-directiva-emprendedora-navarra-ano-amedna\/20191111195925297479.html\" target=\"_blank\" rel=\"noopener\">esta semana<\/a> el fallo del <strong>premio Empresaria, Directiva y Emprendedora de Navarra<\/strong> de este a\u00f1o. El reconocimiento ha ido a Silvia Ezquerra, Ekaterina Bukareva y Aida Loperena, <strong>tres mujeres referentes en el el \u00e1mbito empresarial y en el emprendimiento femenino<\/strong>.<\/p>\n<p><strong>Silvia Ezquerra<\/strong>, presidenta de Talleres Exquerra Seamers S.L., ha impulsado el crecimiento de la empresa familiar y la ha convertido en un referente en la industria alimentaria de conservas. <strong>Ekaterina Bukareva<\/strong> es directora general de Sistemas El\u00e9ctricos Lowind, empresa navarra en el sector de la energ\u00eda e\u00f3lica. Por su parte, <strong>Aida Loperena<\/strong> es ingeniera t\u00e9cnica agr\u00edcola y ha sido galardonada en m\u00e1s ocasiones por su producto AVIR SYSTEM.<\/p>\n<p>Los premios ser\u00e1n otorgados el pr\u00f3ximo 20 de noviembre en Pamplona y contar\u00e1 con la presencia de la presidenta del <a href=\"https:\/\/www.google.com\/url?sa=t&amp;source=web&amp;cd=1&amp;cad=rja&amp;uact=8&amp;ved=2ahUKEwjPyfDZ8OblAhUM1hoKHc_9DeEQFjAAegQIBhAC&amp;url=https%3A%2F%2Fwww.navarra.es%2F&amp;usg=AOvVaw1knEeaKJx_KylqlHEN0ZvI\" target=\"_blank\" rel=\"noopener\">Gobierno de Navarra<\/a>, Mar\u00eda Chivide.<\/p>\n<p>Para conocer m\u00e1s informaci\u00f3n sobre la situaci\u00f3n de las mujeres en Navarra, consulta el siguiente <a href=\"https:\/\/observatorioigualdadyempleo.es\/?s=Navarra\" target=\"_blank\" rel=\"noopener\">enlace<\/a> del <strong>Observatorio de Igualdad y Empleo<\/strong>.<\/p>\n<p>El\u00a0<strong>Observatorio de Igualdad y Empleo<\/strong>\u00a0es una\u00a0acci\u00f3n de divulgaci\u00f3n que forma parte del proyecto\u00a0<a href=\"https:\/\/observatorioigualdadyempleo.es\/proyecto-dana\/\" target=\"_blank\" rel=\"noopener\">DANA+<\/a>, financiado por el\u00a0<a href=\"https:\/\/ec.europa.eu\/social\/main.jsp?langId=es&amp;catId=325\" target=\"_blank\" rel=\"noopener\">Fondo Social Europeo.<\/a><\/p>\n","protected":false},"excerpt":{"rendered":"<p>La Asociaci\u00f3n de Mujeres Empresarias y Directivas de Navarra (Amedna) ha anunciado esta semana el fallo del premio Empresaria, Directiva y Emprendedora de Navarra de este a\u00f1o. El reconocimiento ha ido a Silvia Ezquerra, Ekaterina Bukareva y Aida Loperena, tres<span class=\"excerpt-hellip\"> [\u2026]<\/span><\/p>\n","protected":false},"author":1,"featured_media":0,"comment_status":"open","ping_status":"open","sticky":false,"template":"","format":"standard","meta":{"footnotes":""},"categories":[183,182],"tags":[195,62,47,135],"class_list":["post-9953","post","type-post","status-publish","format-standard","hentry","category-emprendimiento","category-empresa","tag-195","tag-emprendimiento","tag-empresa","tag-navarra"],"yoast_head":"<!-- This site is optimized with the Yoast SEO plugin v27.5 - https:\/\/yoast.com\/product\/yoast-seo-wordpress\/ -->\n<title>Premio Empresaria, Directiva y Emprendedora Navarra 2019 - Observatorio de Igualdad y Empleo<\/title>\n<meta name=\"robots\" content=\"index, follow, max-snippet:-1, max-image-preview:large, max-video-preview:-1\" \/>\n<link rel=\"canonical\" href=\"http:\/\/activat9-cp344.wordpresstemporal.com\/observatorio_igualdad_y_empleo\/premio-empresaria-directiva-y-emprendedora-navarra-2019\/\" \/>\n<meta property=\"og:locale\" content=\"es_ES\" \/>\n<meta property=\"og:type\" content=\"article\" \/>\n<meta property=\"og:title\" content=\"Premio Empresaria, Directiva y Emprendedora Navarra 2019 - Observatorio de Igualdad y Empleo\" \/>\n<meta property=\"og:description\" content=\"La Asociaci\u00f3n de Mujeres Empresarias y Directivas de Navarra (Amedna) ha anunciado esta semana el fallo del premio Empresaria, Directiva y Emprendedora de Navarra de este a\u00f1o. El reconocimiento ha ido a Silvia Ezquerra, Ekaterina Bukareva y Aida Loperena, tres [\u2026]\" \/>\n<meta property=\"og:url\" content=\"http:\/\/activat9-cp344.wordpresstemporal.com\/observatorio_igualdad_y_empleo\/premio-empresaria-directiva-y-emprendedora-navarra-2019\/\" \/>\n<meta property=\"og:site_name\" content=\"Observatorio de Igualdad y Empleo\" \/>\n<meta property=\"article:publisher\" content=\"https:\/\/www.facebook.com\/fundacionmujeres\" \/>\n<meta property=\"article:published_time\" content=\"2019-11-13T09:34:01+00:00\" \/>\n<meta property=\"article:modified_time\" content=\"2019-11-13T09:35:31+00:00\" \/>\n<meta property=\"og:image\" content=\"http:\/\/activat9-cp344.wordpresstemporal.com\/observatorio_igualdad_y_empleo\/wp-content\/uploads\/2017\/12\/icono-web.png\" \/>\n\t<meta property=\"og:image:width\" content=\"512\" \/>\n\t<meta property=\"og:image:height\" content=\"512\" \/>\n\t<meta property=\"og:image:type\" content=\"image\/png\" \/>\n<meta name=\"author\" content=\"adminigemp\" \/>\n<meta name=\"twitter:card\" content=\"summary_large_image\" \/>\n<meta name=\"twitter:creator\" content=\"@fmujeres\" \/>\n<meta name=\"twitter:site\" content=\"@fmujeres\" \/>\n<meta name=\"twitter:label1\" content=\"Escrito por\" \/>\n\t<meta name=\"twitter:data1\" content=\"adminigemp\" \/>\n\t<meta name=\"twitter:label2\" content=\"Tiempo de lectura\" \/>\n\t<meta name=\"twitter:data2\" content=\"1 minuto\" \/>\n<script type=\"application\/ld+json\" class=\"yoast-schema-graph\">{\"@context\":\"https:\\\/\\\/schema.org\",\"@graph\":[{\"@type\":\"Article\",\"@id\":\"http:\\\/\\\/activat9-cp344.wordpresstemporal.com\\\/observatorio_igualdad_y_empleo\\\/premio-empresaria-directiva-y-emprendedora-navarra-2019\\\/#article\",\"isPartOf\":{\"@id\":\"http:\\\/\\\/activat9-cp344.wordpresstemporal.com\\\/observatorio_igualdad_y_empleo\\\/premio-empresaria-directiva-y-emprendedora-navarra-2019\\\/\"},\"author\":{\"name\":\"adminigemp\",\"@id\":\"https:\\\/\\\/observatorioigualdadyempleo.es\\\/#\\\/schema\\\/person\\\/041ae622a50c0db746d7ed6e688d6141\"},\"headline\":\"Premio Empresaria, Directiva y Emprendedora Navarra 2019\",\"datePublished\":\"2019-11-13T09:34:01+00:00\",\"dateModified\":\"2019-11-13T09:35:31+00:00\",\"mainEntityOfPage\":{\"@id\":\"http:\\\/\\\/activat9-cp344.wordpresstemporal.com\\\/observatorio_igualdad_y_empleo\\\/premio-empresaria-directiva-y-emprendedora-navarra-2019\\\/\"},\"wordCount\":212,\"commentCount\":0,\"keywords\":[\"2019\",\"Emprendimiento\",\"Empresa\",\"Navarra\"],\"articleSection\":[\"Emprendimiento\",\"Empresa\"],\"inLanguage\":\"es\",\"potentialAction\":[{\"@type\":\"CommentAction\",\"name\":\"Comment\",\"target\":[\"http:\\\/\\\/activat9-cp344.wordpresstemporal.com\\\/observatorio_igualdad_y_empleo\\\/premio-empresaria-directiva-y-emprendedora-navarra-2019\\\/#respond\"]}]},{\"@type\":\"WebPage\",\"@id\":\"http:\\\/\\\/activat9-cp344.wordpresstemporal.com\\\/observatorio_igualdad_y_empleo\\\/premio-empresaria-directiva-y-emprendedora-navarra-2019\\\/\",\"url\":\"http:\\\/\\\/activat9-cp344.wordpresstemporal.com\\\/observatorio_igualdad_y_empleo\\\/premio-empresaria-directiva-y-emprendedora-navarra-2019\\\/\",\"name\":\"Premio Empresaria, Directiva y Emprendedora Navarra 2019 - Observatorio de Igualdad y Empleo\",\"isPartOf\":{\"@id\":\"https:\\\/\\\/observatorioigualdadyempleo.es\\\/#website\"},\"datePublished\":\"2019-11-13T09:34:01+00:00\",\"dateModified\":\"2019-11-13T09:35:31+00:00\",\"author\":{\"@id\":\"https:\\\/\\\/observatorioigualdadyempleo.es\\\/#\\\/schema\\\/person\\\/041ae622a50c0db746d7ed6e688d6141\"},\"breadcrumb\":{\"@id\":\"http:\\\/\\\/activat9-cp344.wordpresstemporal.com\\\/observatorio_igualdad_y_empleo\\\/premio-empresaria-directiva-y-emprendedora-navarra-2019\\\/#breadcrumb\"},\"inLanguage\":\"es\",\"potentialAction\":[{\"@type\":\"ReadAction\",\"target\":[\"http:\\\/\\\/activat9-cp344.wordpresstemporal.com\\\/observatorio_igualdad_y_empleo\\\/premio-empresaria-directiva-y-emprendedora-navarra-2019\\\/\"]}]},{\"@type\":\"BreadcrumbList\",\"@id\":\"http:\\\/\\\/activat9-cp344.wordpresstemporal.com\\\/observatorio_igualdad_y_empleo\\\/premio-empresaria-directiva-y-emprendedora-navarra-2019\\\/#breadcrumb\",\"itemListElement\":[{\"@type\":\"ListItem\",\"position\":1,\"name\":\"Portada\",\"item\":\"https:\\\/\\\/observatorioigualdadyempleo.es\\\/\"},{\"@type\":\"ListItem\",\"position\":2,\"name\":\"Premio Empresaria, Directiva y Emprendedora Navarra 2019\"}]},{\"@type\":\"WebSite\",\"@id\":\"https:\\\/\\\/observatorioigualdadyempleo.es\\\/#website\",\"url\":\"https:\\\/\\\/observatorioigualdadyempleo.es\\\/\",\"name\":\"Observatorio de Igualdad y Empleo\",\"description\":\"Recopilatorio de conocimiento sobre igualdad  y empleo\",\"potentialAction\":[{\"@type\":\"SearchAction\",\"target\":{\"@type\":\"EntryPoint\",\"urlTemplate\":\"https:\\\/\\\/observatorioigualdadyempleo.es\\\/?s={search_term_string}\"},\"query-input\":{\"@type\":\"PropertyValueSpecification\",\"valueRequired\":true,\"valueName\":\"search_term_string\"}}],\"inLanguage\":\"es\"},{\"@type\":\"Person\",\"@id\":\"https:\\\/\\\/observatorioigualdadyempleo.es\\\/#\\\/schema\\\/person\\\/041ae622a50c0db746d7ed6e688d6141\",\"name\":\"adminigemp\",\"image\":{\"@type\":\"ImageObject\",\"inLanguage\":\"es\",\"@id\":\"https:\\\/\\\/secure.gravatar.com\\\/avatar\\\/cf076103850650f3e444b8c4446ee6f3f1efb3d7395463e7b84e7cbe4c8ec390?s=96&d=mm&r=g\",\"url\":\"https:\\\/\\\/secure.gravatar.com\\\/avatar\\\/cf076103850650f3e444b8c4446ee6f3f1efb3d7395463e7b84e7cbe4c8ec390?s=96&d=mm&r=g\",\"contentUrl\":\"https:\\\/\\\/secure.gravatar.com\\\/avatar\\\/cf076103850650f3e444b8c4446ee6f3f1efb3d7395463e7b84e7cbe4c8ec390?s=96&d=mm&r=g\",\"caption\":\"adminigemp\"},\"url\":\"http:\\\/\\\/activat9-cp344.wordpresstemporal.com\\\/observatorio_igualdad_y_empleo\\\/author\\\/adminigemp\\\/\"}]}<\/script>\n<!-- \/ Yoast SEO plugin. -->","yoast_head_json":{"title":"Premio Empresaria, Directiva y Emprendedora Navarra 2019 - Observatorio de Igualdad y Empleo","robots":{"index":"index","follow":"follow","max-snippet":"max-snippet:-1","max-image-preview":"max-image-preview:large","max-video-preview":"max-video-preview:-1"},"canonical":"http:\/\/activat9-cp344.wordpresstemporal.com\/observatorio_igualdad_y_empleo\/premio-empresaria-directiva-y-emprendedora-navarra-2019\/","og_locale":"es_ES","og_type":"article","og_title":"Premio Empresaria, Directiva y Emprendedora Navarra 2019 - Observatorio de Igualdad y Empleo","og_description":"La Asociaci\u00f3n de Mujeres Empresarias y Directivas de Navarra (Amedna) ha anunciado esta semana el fallo del premio Empresaria, Directiva y Emprendedora de Navarra de este a\u00f1o. El reconocimiento ha ido a Silvia Ezquerra, Ekaterina Bukareva y Aida Loperena, tres [\u2026]","og_url":"http:\/\/activat9-cp344.wordpresstemporal.com\/observatorio_igualdad_y_empleo\/premio-empresaria-directiva-y-emprendedora-navarra-2019\/","og_site_name":"Observatorio de Igualdad y Empleo","article_publisher":"https:\/\/www.facebook.com\/fundacionmujeres","article_published_time":"2019-11-13T09:34:01+00:00","article_modified_time":"2019-11-13T09:35:31+00:00","og_image":[{"width":512,"height":512,"url":"http:\/\/activat9-cp344.wordpresstemporal.com\/observatorio_igualdad_y_empleo\/wp-content\/uploads\/2017\/12\/icono-web.png","type":"image\/png"}],"author":"adminigemp","twitter_card":"summary_large_image","twitter_creator":"@fmujeres","twitter_site":"@fmujeres","twitter_misc":{"Escrito por":"adminigemp","Tiempo de lectura":"1 minuto"},"schema":{"@context":"https:\/\/schema.org","@graph":[{"@type":"Article","@id":"http:\/\/activat9-cp344.wordpresstemporal.com\/observatorio_igualdad_y_empleo\/premio-empresaria-directiva-y-emprendedora-navarra-2019\/#article","isPartOf":{"@id":"http:\/\/activat9-cp344.wordpresstemporal.com\/observatorio_igualdad_y_empleo\/premio-empresaria-directiva-y-emprendedora-navarra-2019\/"},"author":{"name":"adminigemp","@id":"https:\/\/observatorioigualdadyempleo.es\/#\/schema\/person\/041ae622a50c0db746d7ed6e688d6141"},"headline":"Premio Empresaria, Directiva y Emprendedora Navarra 2019","datePublished":"2019-11-13T09:34:01+00:00","dateModified":"2019-11-13T09:35:31+00:00","mainEntityOfPage":{"@id":"http:\/\/activat9-cp344.wordpresstemporal.com\/observatorio_igualdad_y_empleo\/premio-empresaria-directiva-y-emprendedora-navarra-2019\/"},"wordCount":212,"commentCount":0,"keywords":["2019","Emprendimiento","Empresa","Navarra"],"articleSection":["Emprendimiento","Empresa"],"inLanguage":"es","potentialAction":[{"@type":"CommentAction","name":"Comment","target":["http:\/\/activat9-cp344.wordpresstemporal.com\/observatorio_igualdad_y_empleo\/premio-empresaria-directiva-y-emprendedora-navarra-2019\/#respond"]}]},{"@type":"WebPage","@id":"http:\/\/activat9-cp344.wordpresstemporal.com\/observatorio_igualdad_y_empleo\/premio-empresaria-directiva-y-emprendedora-navarra-2019\/","url":"http:\/\/activat9-cp344.wordpresstemporal.com\/observatorio_igualdad_y_empleo\/premio-empresaria-directiva-y-emprendedora-navarra-2019\/","name":"Premio Empresaria, Directiva y Emprendedora Navarra 2019 - Observatorio de Igualdad y Empleo","isPartOf":{"@id":"https:\/\/observatorioigualdadyempleo.es\/#website"},"datePublished":"2019-11-13T09:34:01+00:00","dateModified":"2019-11-13T09:35:31+00:00","author":{"@id":"https:\/\/observatorioigualdadyempleo.es\/#\/schema\/person\/041ae622a50c0db746d7ed6e688d6141"},"breadcrumb":{"@id":"http:\/\/activat9-cp344.wordpresstemporal.com\/observatorio_igualdad_y_empleo\/premio-empresaria-directiva-y-emprendedora-navarra-2019\/#breadcrumb"},"inLanguage":"es","potentialAction":[{"@type":"ReadAction","target":["http:\/\/activat9-cp344.wordpresstemporal.com\/observatorio_igualdad_y_empleo\/premio-empresaria-directiva-y-emprendedora-navarra-2019\/"]}]},{"@type":"BreadcrumbList","@id":"http:\/\/activat9-cp344.wordpresstemporal.com\/observatorio_igualdad_y_empleo\/premio-empresaria-directiva-y-emprendedora-navarra-2019\/#breadcrumb","itemListElement":[{"@type":"ListItem","position":1,"name":"Portada","item":"https:\/\/observatorioigualdadyempleo.es\/"},{"@type":"ListItem","position":2,"name":"Premio Empresaria, Directiva y Emprendedora Navarra 2019"}]},{"@type":"WebSite","@id":"https:\/\/observatorioigualdadyempleo.es\/#website","url":"https:\/\/observatorioigualdadyempleo.es\/","name":"Observatorio de Igualdad y Empleo","description":"Recopilatorio de conocimiento sobre igualdad  y empleo","potentialAction":[{"@type":"SearchAction","target":{"@type":"EntryPoint","urlTemplate":"https:\/\/observatorioigualdadyempleo.es\/?s={search_term_string}"},"query-input":{"@type":"PropertyValueSpecification","valueRequired":true,"valueName":"search_term_string"}}],"inLanguage":"es"},{"@type":"Person","@id":"https:\/\/observatorioigualdadyempleo.es\/#\/schema\/person\/041ae622a50c0db746d7ed6e688d6141","name":"adminigemp","image":{"@type":"ImageObject","inLanguage":"es","@id":"https:\/\/secure.gravatar.com\/avatar\/cf076103850650f3e444b8c4446ee6f3f1efb3d7395463e7b84e7cbe4c8ec390?s=96&d=mm&r=g","url":"https:\/\/secure.gravatar.com\/avatar\/cf076103850650f3e444b8c4446ee6f3f1efb3d7395463e7b84e7cbe4c8ec390?s=96&d=mm&r=g","contentUrl":"https:\/\/secure.gravatar.com\/avatar\/cf076103850650f3e444b8c4446ee6f3f1efb3d7395463e7b84e7cbe4c8ec390?s=96&d=mm&r=g","caption":"adminigemp"},"url":"http:\/\/activat9-cp344.wordpresstemporal.com\/observatorio_igualdad_y_empleo\/author\/adminigemp\/"}]}},"_links":{"self":[{"href":"http:\/\/activat9-cp344.wordpresstemporal.com\/observatorio_igualdad_y_empleo\/wp-json\/wp\/v2\/posts\/9953","targetHints":{"allow":["GET"]}}],"collection":[{"href":"http:\/\/activat9-cp344.wordpresstemporal.com\/observatorio_igualdad_y_empleo\/wp-json\/wp\/v2\/posts"}],"about":[{"href":"http:\/\/activat9-cp344.wordpresstemporal.com\/observatorio_igualdad_y_empleo\/wp-json\/wp\/v2\/types\/post"}],"author":[{"embeddable":true,"href":"http:\/\/activat9-cp344.wordpresstemporal.com\/observatorio_igualdad_y_empleo\/wp-json\/wp\/v2\/users\/1"}],"replies":[{"embeddable":true,"href":"http:\/\/activat9-cp344.wordpresstemporal.com\/observatorio_igualdad_y_empleo\/wp-json\/wp\/v2\/comments?post=9953"}],"version-history":[{"count":4,"href":"http:\/\/activat9-cp344.wordpresstemporal.com\/observatorio_igualdad_y_empleo\/wp-json\/wp\/v2\/posts\/9953\/revisions"}],"predecessor-version":[{"id":9959,"href":"http:\/\/activat9-cp344.wordpresstemporal.com\/observatorio_igualdad_y_empleo\/wp-json\/wp\/v2\/posts\/9953\/revisions\/9959"}],"wp:attachment":[{"href":"http:\/\/activat9-cp344.wordpresstemporal.com\/observatorio_igualdad_y_empleo\/wp-json\/wp\/v2\/media?parent=9953"}],"wp:term":[{"taxonomy":"category","embeddable":true,"href":"http:\/\/activat9-cp344.wordpresstemporal.com\/observatorio_igualdad_y_empleo\/wp-json\/wp\/v2\/categories?post=9953"},{"taxonomy":"post_tag","embeddable":true,"href":"http:\/\/activat9-cp344.wordpresstemporal.com\/observatorio_igualdad_y_empleo\/wp-json\/wp\/v2\/tags?post=9953"}],"curies":[{"name":"wp","href":"https:\/\/api.w.org\/{rel}","templated":true}]}}