{"id":24700,"date":"2024-12-10T18:10:34","date_gmt":"2024-12-10T17:10:34","guid":{"rendered":"https:\/\/www.observatorioigualdadyempleo.es\/?p=20291"},"modified":"2026-05-21T09:02:03","modified_gmt":"2026-05-21T08:02:03","slug":"esto-es-trabajo-de-hombres","status":"publish","type":"post","link":"https:\/\/activat9-cp344.wordpresstemporal.com\/observatorio_igualdad_y_empleo\/esto-es-trabajo-de-hombres\/","title":{"rendered":"Esto es trabajo de hombres"},"content":{"rendered":"<p style=\"text-align: justify;\">En 1908 se promulg\u00f3 en Espa\u00f1a una norma social que establec\u00eda un listado de profesiones prohibidas a las mujeres. A d\u00eda de hoy sigue existiendo esta prohibici\u00f3n en algunos pa\u00edses. Rusia es el ejemplo de uno de ellos, con 98 profesiones prohibidas a mujeres. Incluso en algunos pa\u00edses se encuentra vetado para las mujeres el acceso a cualquier empleo.<\/p>\n<p style=\"text-align: justify;\">Estas prohibiciones se ven motivadas, en la mayor\u00eda de los casos, argumentando la protecci\u00f3n a la maternidad, de cara a la gran mortalidad infantil y la baja natalidad en \u00e9pocas pasadas. Aunque en la actualidad en Espa\u00f1a est\u00e1 garantizada la libertad en el acceso al empleo, los estereotipos de g\u00e9nero contin\u00faan perpetuando la masculinizaci\u00f3n de algunos sectores.<\/p>\n<h5 style=\"text-align: justify;\"><strong>Datos que reflejan la realidad actual<\/strong><\/h5>\n<p style=\"text-align: justify;\">Como se pon\u00eda de manifiesto en la <a href=\"https:\/\/www.observatorioigualdadyempleo.es\/brechas-de-genero-en-ocupaciones\/\">cat\u00e1logo de ocupaciones del primer semestre de 2024<\/a> publicado por el SEPE, a d\u00eda de hoy contin\u00faa existiendo una alta segregaci\u00f3n por g\u00e9nero en diversos sectores. Por ejemplo, se encuentran altamente masculinizados empleos relacionados con inform\u00e1tica y nuevas tecnolog\u00edas, deporte de alta competici\u00f3n, puestos directivos, judicatura, etc. en cambio cuentan con una alta presencia femenina los sectores relacionados con tareas de cuidado y limpieza.<\/p>\n<h5 style=\"text-align: justify;\"><strong>Las mujeres, ejemplo de superaci\u00f3n<\/strong><\/h5>\n<p style=\"text-align: justify;\">Los roles y estereotipos de g\u00e9nero a los que se ven expuestas las ni\u00f1as y las mujeres suponen una presi\u00f3n a\u00f1adida ante la elecci\u00f3n de estudios y profesi\u00f3n. Ejemplos como el de F\u00e1tima, cuidadora informal que ha abierto sus posibilidades profesionales para poder continuar manteniendo a sus hijas. F\u00e1tima, que se ha apoyado en Fundaci\u00f3n Mujeres para mejorar su situaci\u00f3n como cuidadora informal, se est\u00e1 formando para ser soldadora. Tras recibir una comunicaci\u00f3n del SEPE ofreciendo formaci\u00f3n en esta materia, se decidi\u00f3 a llevarla a cabo atra\u00edda por la alta demanda de profesionales. En la actualidad se encuentra finalizando esta formaci\u00f3n y altamente motivada para trabajar en este sector. Puedes consultar el testimonio de F\u00e1tima completo en la p\u00e1gina web cuidadanas.es a trav\u00e9s del siguiente <a href=\"https:\/\/cuidadanas.es\/fatima-montarroso-aprendo-de-mi-pasado-y-avanzo\/\">enlace<\/a><\/p>\n<p style=\"text-align: justify;\">Pero no se trata de algo puntual, ya que existen m\u00e1s casos como el de F\u00e1tima. Tania, Mar\u00eda y Zoraida compartieron sus testimonios en un encuentro promovido por la Asociaci\u00f3n de Mulleres en Igualdade de Vigo en el marco de la celebraci\u00f3n del 8 de marzo. Estas mujeres destacan en profesiones masculinizadas como la electr\u00f3nica y la mec\u00e1nica. Diferentes itinerarios de vida en los que, tras negar su vocaci\u00f3n en un primer momento por entender que no ten\u00edan cabida en esas profesiones, retomaron su camino y, con esfuerzo, alcanzaron sus metas. Puedes profundizar en sus testimonios a trav\u00e9s del siguiente <a href=\"https:\/\/www.farodevigo.es\/gran-vigo\/2024\/03\/08\/pinta-mujer-99169886.html\">enlace<\/a><\/p>\n<p style=\"text-align: justify;\">Puedes acceder a la fuente original de la noticia en el siguiente <a href=\"https:\/\/www.elespanol.com\/mujer\/protagonistas\/20241209\/albanila-minera-catalogo-verguenza-listas-oficios-vetados-mujeres-aplican-paises\/904409833_0.html\">enlace<\/a><\/p>\n<p style=\"text-align: justify;\">El observatorio de Igualdad y Empleo es una acci\u00f3n de divulgaci\u00f3n que forma parte del Programa Estatal FSE+ de Inclusi\u00f3n Social, Garant\u00eda Infantil y Lucha contra la Pobreza que est\u00e1 cofinanciado por el Fondo Social Europeo + (2021ES05SFPR003) y cuenta con el apoyo del Ministerio de Derechos Sociales, Consumo y Agenda 2030.<\/p>\n","protected":false},"excerpt":{"rendered":"<p>En 1908 se promulg\u00f3 en Espa\u00f1a una norma social que establec\u00eda un listado de profesiones prohibidas a las mujeres. A d\u00eda de hoy sigue existiendo esta prohibici\u00f3n en algunos pa\u00edses. Rusia es el ejemplo de uno de ellos, con 98<span class=\"excerpt-hellip\"> [\u2026]<\/span><\/p>\n","protected":false},"author":29,"featured_media":24816,"comment_status":"open","ping_status":"open","sticky":false,"template":"","format":"standard","meta":{"footnotes":""},"categories":[1224,181],"tags":[1237,424,55,59,38],"class_list":["post-24700","post","type-post","status-publish","format-standard","has-post-thumbnail","hentry","category-campanaalicia","category-empleo","tag-aliciaactivandolaigualdad","tag-424","tag-empleo","tag-enfoque-de-genero","tag-igualdad-de-oportunidades"],"yoast_head":"<!-- This site is optimized with the Yoast SEO plugin v27.5 - https:\/\/yoast.com\/product\/yoast-seo-wordpress\/ -->\n<title>Esto es trabajo de hombres - Observatorio de Igualdad y Empleo<\/title>\n<meta name=\"robots\" content=\"index, follow, max-snippet:-1, max-image-preview:large, max-video-preview:-1\" \/>\n<link rel=\"canonical\" href=\"https:\/\/observatorioigualdadyempleo.es\/esto-es-trabajo-de-hombres\/\" \/>\n<meta property=\"og:locale\" content=\"es_ES\" \/>\n<meta property=\"og:type\" content=\"article\" \/>\n<meta property=\"og:title\" content=\"Esto es trabajo de hombres - Observatorio de Igualdad y Empleo\" \/>\n<meta property=\"og:description\" content=\"En 1908 se promulg\u00f3 en Espa\u00f1a una norma social que establec\u00eda un listado de profesiones prohibidas a las mujeres. A d\u00eda de hoy sigue existiendo esta prohibici\u00f3n en algunos pa\u00edses. Rusia es el ejemplo de uno de ellos, con 98 [\u2026]\" \/>\n<meta property=\"og:url\" content=\"https:\/\/observatorioigualdadyempleo.es\/esto-es-trabajo-de-hombres\/\" \/>\n<meta property=\"og:site_name\" content=\"Observatorio de Igualdad y Empleo\" \/>\n<meta property=\"article:publisher\" content=\"https:\/\/www.facebook.com\/fundacionmujeres\" \/>\n<meta property=\"article:published_time\" content=\"2024-12-10T17:10:34+00:00\" \/>\n<meta property=\"article:modified_time\" content=\"2026-05-21T08:02:03+00:00\" \/>\n<meta property=\"og:image\" content=\"https:\/\/observatorioigualdadyempleo.es\/wp-content\/uploads\/2024\/12\/pexels-pixabay-2092351-scaled.jpg\" \/>\n\t<meta property=\"og:image:width\" content=\"2560\" \/>\n\t<meta property=\"og:image:height\" content=\"1920\" \/>\n\t<meta property=\"og:image:type\" content=\"image\/jpeg\" \/>\n<meta name=\"author\" content=\"Ricardo Caceres\" \/>\n<meta name=\"twitter:card\" content=\"summary_large_image\" \/>\n<meta name=\"twitter:creator\" content=\"@fmujeres\" \/>\n<meta name=\"twitter:site\" content=\"@fmujeres\" \/>\n<meta name=\"twitter:label1\" content=\"Escrito por\" \/>\n\t<meta name=\"twitter:data1\" content=\"Ricardo Caceres\" \/>\n\t<meta name=\"twitter:label2\" content=\"Tiempo de lectura\" \/>\n\t<meta name=\"twitter:data2\" content=\"3 minutos\" \/>\n<script type=\"application\/ld+json\" class=\"yoast-schema-graph\">{\"@context\":\"https:\\\/\\\/schema.org\",\"@graph\":[{\"@type\":\"Article\",\"@id\":\"https:\\\/\\\/observatorioigualdadyempleo.es\\\/esto-es-trabajo-de-hombres\\\/#article\",\"isPartOf\":{\"@id\":\"https:\\\/\\\/observatorioigualdadyempleo.es\\\/esto-es-trabajo-de-hombres\\\/\"},\"author\":{\"name\":\"Ricardo Caceres\",\"@id\":\"https:\\\/\\\/observatorioigualdadyempleo.es\\\/#\\\/schema\\\/person\\\/636958756c86a3659434ff7e5215552c\"},\"headline\":\"Esto es trabajo de hombres\",\"datePublished\":\"2024-12-10T17:10:34+00:00\",\"dateModified\":\"2026-05-21T08:02:03+00:00\",\"mainEntityOfPage\":{\"@id\":\"https:\\\/\\\/observatorioigualdadyempleo.es\\\/esto-es-trabajo-de-hombres\\\/\"},\"wordCount\":544,\"commentCount\":0,\"image\":{\"@id\":\"https:\\\/\\\/observatorioigualdadyempleo.es\\\/esto-es-trabajo-de-hombres\\\/#primaryimage\"},\"thumbnailUrl\":\"https:\\\/\\\/activat9-cp344.wordpresstemporal.com\\\/observatorio_igualdad_y_empleo\\\/wp-content\\\/uploads\\\/2024\\\/12\\\/pexels-pixabay-2092351-scaled.jpg\",\"keywords\":[\"#AliciaActivandoLaIgualdad\",\"2024\",\"Empleo\",\"Enfoque de g\u00e9nero\",\"Igualdad de Oportunidades\"],\"articleSection\":[\"Campa\u00f1aAlicia\",\"Empleo\"],\"inLanguage\":\"es\",\"potentialAction\":[{\"@type\":\"CommentAction\",\"name\":\"Comment\",\"target\":[\"https:\\\/\\\/observatorioigualdadyempleo.es\\\/esto-es-trabajo-de-hombres\\\/#respond\"]}]},{\"@type\":\"WebPage\",\"@id\":\"https:\\\/\\\/observatorioigualdadyempleo.es\\\/esto-es-trabajo-de-hombres\\\/\",\"url\":\"https:\\\/\\\/observatorioigualdadyempleo.es\\\/esto-es-trabajo-de-hombres\\\/\",\"name\":\"Esto es trabajo de hombres - Observatorio de Igualdad y Empleo\",\"isPartOf\":{\"@id\":\"https:\\\/\\\/observatorioigualdadyempleo.es\\\/#website\"},\"primaryImageOfPage\":{\"@id\":\"https:\\\/\\\/observatorioigualdadyempleo.es\\\/esto-es-trabajo-de-hombres\\\/#primaryimage\"},\"image\":{\"@id\":\"https:\\\/\\\/observatorioigualdadyempleo.es\\\/esto-es-trabajo-de-hombres\\\/#primaryimage\"},\"thumbnailUrl\":\"https:\\\/\\\/activat9-cp344.wordpresstemporal.com\\\/observatorio_igualdad_y_empleo\\\/wp-content\\\/uploads\\\/2024\\\/12\\\/pexels-pixabay-2092351-scaled.jpg\",\"datePublished\":\"2024-12-10T17:10:34+00:00\",\"dateModified\":\"2026-05-21T08:02:03+00:00\",\"author\":{\"@id\":\"https:\\\/\\\/observatorioigualdadyempleo.es\\\/#\\\/schema\\\/person\\\/636958756c86a3659434ff7e5215552c\"},\"breadcrumb\":{\"@id\":\"https:\\\/\\\/observatorioigualdadyempleo.es\\\/esto-es-trabajo-de-hombres\\\/#breadcrumb\"},\"inLanguage\":\"es\",\"potentialAction\":[{\"@type\":\"ReadAction\",\"target\":[\"https:\\\/\\\/observatorioigualdadyempleo.es\\\/esto-es-trabajo-de-hombres\\\/\"]}]},{\"@type\":\"ImageObject\",\"inLanguage\":\"es\",\"@id\":\"https:\\\/\\\/observatorioigualdadyempleo.es\\\/esto-es-trabajo-de-hombres\\\/#primaryimage\",\"url\":\"https:\\\/\\\/activat9-cp344.wordpresstemporal.com\\\/observatorio_igualdad_y_empleo\\\/wp-content\\\/uploads\\\/2024\\\/12\\\/pexels-pixabay-2092351-scaled.jpg\",\"contentUrl\":\"https:\\\/\\\/activat9-cp344.wordpresstemporal.com\\\/observatorio_igualdad_y_empleo\\\/wp-content\\\/uploads\\\/2024\\\/12\\\/pexels-pixabay-2092351-scaled.jpg\",\"width\":2560,\"height\":1920},{\"@type\":\"BreadcrumbList\",\"@id\":\"https:\\\/\\\/observatorioigualdadyempleo.es\\\/esto-es-trabajo-de-hombres\\\/#breadcrumb\",\"itemListElement\":[{\"@type\":\"ListItem\",\"position\":1,\"name\":\"Portada\",\"item\":\"https:\\\/\\\/observatorioigualdadyempleo.es\\\/\"},{\"@type\":\"ListItem\",\"position\":2,\"name\":\"Esto es trabajo de hombres\"}]},{\"@type\":\"WebSite\",\"@id\":\"https:\\\/\\\/observatorioigualdadyempleo.es\\\/#website\",\"url\":\"https:\\\/\\\/observatorioigualdadyempleo.es\\\/\",\"name\":\"Observatorio de Igualdad y Empleo\",\"description\":\"Recopilatorio de conocimiento sobre igualdad  y empleo\",\"potentialAction\":[{\"@type\":\"SearchAction\",\"target\":{\"@type\":\"EntryPoint\",\"urlTemplate\":\"https:\\\/\\\/observatorioigualdadyempleo.es\\\/?s={search_term_string}\"},\"query-input\":{\"@type\":\"PropertyValueSpecification\",\"valueRequired\":true,\"valueName\":\"search_term_string\"}}],\"inLanguage\":\"es\"},{\"@type\":\"Person\",\"@id\":\"https:\\\/\\\/observatorioigualdadyempleo.es\\\/#\\\/schema\\\/person\\\/636958756c86a3659434ff7e5215552c\",\"name\":\"Ricardo Caceres\",\"image\":{\"@type\":\"ImageObject\",\"inLanguage\":\"es\",\"@id\":\"https:\\\/\\\/secure.gravatar.com\\\/avatar\\\/033a244ad832ad2dd65bc032c83faf8dedb83f9e3fba9e173186eddafdc507a6?s=96&d=mm&r=g\",\"url\":\"https:\\\/\\\/secure.gravatar.com\\\/avatar\\\/033a244ad832ad2dd65bc032c83faf8dedb83f9e3fba9e173186eddafdc507a6?s=96&d=mm&r=g\",\"contentUrl\":\"https:\\\/\\\/secure.gravatar.com\\\/avatar\\\/033a244ad832ad2dd65bc032c83faf8dedb83f9e3fba9e173186eddafdc507a6?s=96&d=mm&r=g\",\"caption\":\"Ricardo Caceres\"},\"url\":\"https:\\\/\\\/activat9-cp344.wordpresstemporal.com\\\/observatorio_igualdad_y_empleo\\\/author\\\/ricardo-caceres\\\/\"}]}<\/script>\n<!-- \/ Yoast SEO plugin. -->","yoast_head_json":{"title":"Esto es trabajo de hombres - Observatorio de Igualdad y Empleo","robots":{"index":"index","follow":"follow","max-snippet":"max-snippet:-1","max-image-preview":"max-image-preview:large","max-video-preview":"max-video-preview:-1"},"canonical":"https:\/\/observatorioigualdadyempleo.es\/esto-es-trabajo-de-hombres\/","og_locale":"es_ES","og_type":"article","og_title":"Esto es trabajo de hombres - Observatorio de Igualdad y Empleo","og_description":"En 1908 se promulg\u00f3 en Espa\u00f1a una norma social que establec\u00eda un listado de profesiones prohibidas a las mujeres. A d\u00eda de hoy sigue existiendo esta prohibici\u00f3n en algunos pa\u00edses. Rusia es el ejemplo de uno de ellos, con 98 [\u2026]","og_url":"https:\/\/observatorioigualdadyempleo.es\/esto-es-trabajo-de-hombres\/","og_site_name":"Observatorio de Igualdad y Empleo","article_publisher":"https:\/\/www.facebook.com\/fundacionmujeres","article_published_time":"2024-12-10T17:10:34+00:00","article_modified_time":"2026-05-21T08:02:03+00:00","og_image":[{"width":2560,"height":1920,"url":"https:\/\/observatorioigualdadyempleo.es\/wp-content\/uploads\/2024\/12\/pexels-pixabay-2092351-scaled.jpg","type":"image\/jpeg"}],"author":"Ricardo Caceres","twitter_card":"summary_large_image","twitter_creator":"@fmujeres","twitter_site":"@fmujeres","twitter_misc":{"Escrito por":"Ricardo Caceres","Tiempo de lectura":"3 minutos"},"schema":{"@context":"https:\/\/schema.org","@graph":[{"@type":"Article","@id":"https:\/\/observatorioigualdadyempleo.es\/esto-es-trabajo-de-hombres\/#article","isPartOf":{"@id":"https:\/\/observatorioigualdadyempleo.es\/esto-es-trabajo-de-hombres\/"},"author":{"name":"Ricardo Caceres","@id":"https:\/\/observatorioigualdadyempleo.es\/#\/schema\/person\/636958756c86a3659434ff7e5215552c"},"headline":"Esto es trabajo de hombres","datePublished":"2024-12-10T17:10:34+00:00","dateModified":"2026-05-21T08:02:03+00:00","mainEntityOfPage":{"@id":"https:\/\/observatorioigualdadyempleo.es\/esto-es-trabajo-de-hombres\/"},"wordCount":544,"commentCount":0,"image":{"@id":"https:\/\/observatorioigualdadyempleo.es\/esto-es-trabajo-de-hombres\/#primaryimage"},"thumbnailUrl":"https:\/\/activat9-cp344.wordpresstemporal.com\/observatorio_igualdad_y_empleo\/wp-content\/uploads\/2024\/12\/pexels-pixabay-2092351-scaled.jpg","keywords":["#AliciaActivandoLaIgualdad","2024","Empleo","Enfoque de g\u00e9nero","Igualdad de Oportunidades"],"articleSection":["Campa\u00f1aAlicia","Empleo"],"inLanguage":"es","potentialAction":[{"@type":"CommentAction","name":"Comment","target":["https:\/\/observatorioigualdadyempleo.es\/esto-es-trabajo-de-hombres\/#respond"]}]},{"@type":"WebPage","@id":"https:\/\/observatorioigualdadyempleo.es\/esto-es-trabajo-de-hombres\/","url":"https:\/\/observatorioigualdadyempleo.es\/esto-es-trabajo-de-hombres\/","name":"Esto es trabajo de hombres - Observatorio de Igualdad y Empleo","isPartOf":{"@id":"https:\/\/observatorioigualdadyempleo.es\/#website"},"primaryImageOfPage":{"@id":"https:\/\/observatorioigualdadyempleo.es\/esto-es-trabajo-de-hombres\/#primaryimage"},"image":{"@id":"https:\/\/observatorioigualdadyempleo.es\/esto-es-trabajo-de-hombres\/#primaryimage"},"thumbnailUrl":"https:\/\/activat9-cp344.wordpresstemporal.com\/observatorio_igualdad_y_empleo\/wp-content\/uploads\/2024\/12\/pexels-pixabay-2092351-scaled.jpg","datePublished":"2024-12-10T17:10:34+00:00","dateModified":"2026-05-21T08:02:03+00:00","author":{"@id":"https:\/\/observatorioigualdadyempleo.es\/#\/schema\/person\/636958756c86a3659434ff7e5215552c"},"breadcrumb":{"@id":"https:\/\/observatorioigualdadyempleo.es\/esto-es-trabajo-de-hombres\/#breadcrumb"},"inLanguage":"es","potentialAction":[{"@type":"ReadAction","target":["https:\/\/observatorioigualdadyempleo.es\/esto-es-trabajo-de-hombres\/"]}]},{"@type":"ImageObject","inLanguage":"es","@id":"https:\/\/observatorioigualdadyempleo.es\/esto-es-trabajo-de-hombres\/#primaryimage","url":"https:\/\/activat9-cp344.wordpresstemporal.com\/observatorio_igualdad_y_empleo\/wp-content\/uploads\/2024\/12\/pexels-pixabay-2092351-scaled.jpg","contentUrl":"https:\/\/activat9-cp344.wordpresstemporal.com\/observatorio_igualdad_y_empleo\/wp-content\/uploads\/2024\/12\/pexels-pixabay-2092351-scaled.jpg","width":2560,"height":1920},{"@type":"BreadcrumbList","@id":"https:\/\/observatorioigualdadyempleo.es\/esto-es-trabajo-de-hombres\/#breadcrumb","itemListElement":[{"@type":"ListItem","position":1,"name":"Portada","item":"https:\/\/observatorioigualdadyempleo.es\/"},{"@type":"ListItem","position":2,"name":"Esto es trabajo de hombres"}]},{"@type":"WebSite","@id":"https:\/\/observatorioigualdadyempleo.es\/#website","url":"https:\/\/observatorioigualdadyempleo.es\/","name":"Observatorio de Igualdad y Empleo","description":"Recopilatorio de conocimiento sobre igualdad  y empleo","potentialAction":[{"@type":"SearchAction","target":{"@type":"EntryPoint","urlTemplate":"https:\/\/observatorioigualdadyempleo.es\/?s={search_term_string}"},"query-input":{"@type":"PropertyValueSpecification","valueRequired":true,"valueName":"search_term_string"}}],"inLanguage":"es"},{"@type":"Person","@id":"https:\/\/observatorioigualdadyempleo.es\/#\/schema\/person\/636958756c86a3659434ff7e5215552c","name":"Ricardo Caceres","image":{"@type":"ImageObject","inLanguage":"es","@id":"https:\/\/secure.gravatar.com\/avatar\/033a244ad832ad2dd65bc032c83faf8dedb83f9e3fba9e173186eddafdc507a6?s=96&d=mm&r=g","url":"https:\/\/secure.gravatar.com\/avatar\/033a244ad832ad2dd65bc032c83faf8dedb83f9e3fba9e173186eddafdc507a6?s=96&d=mm&r=g","contentUrl":"https:\/\/secure.gravatar.com\/avatar\/033a244ad832ad2dd65bc032c83faf8dedb83f9e3fba9e173186eddafdc507a6?s=96&d=mm&r=g","caption":"Ricardo Caceres"},"url":"https:\/\/activat9-cp344.wordpresstemporal.com\/observatorio_igualdad_y_empleo\/author\/ricardo-caceres\/"}]}},"_links":{"self":[{"href":"https:\/\/activat9-cp344.wordpresstemporal.com\/observatorio_igualdad_y_empleo\/wp-json\/wp\/v2\/posts\/24700","targetHints":{"allow":["GET"]}}],"collection":[{"href":"https:\/\/activat9-cp344.wordpresstemporal.com\/observatorio_igualdad_y_empleo\/wp-json\/wp\/v2\/posts"}],"about":[{"href":"https:\/\/activat9-cp344.wordpresstemporal.com\/observatorio_igualdad_y_empleo\/wp-json\/wp\/v2\/types\/post"}],"author":[{"embeddable":true,"href":"https:\/\/activat9-cp344.wordpresstemporal.com\/observatorio_igualdad_y_empleo\/wp-json\/wp\/v2\/users\/29"}],"replies":[{"embeddable":true,"href":"https:\/\/activat9-cp344.wordpresstemporal.com\/observatorio_igualdad_y_empleo\/wp-json\/wp\/v2\/comments?post=24700"}],"version-history":[{"count":1,"href":"https:\/\/activat9-cp344.wordpresstemporal.com\/observatorio_igualdad_y_empleo\/wp-json\/wp\/v2\/posts\/24700\/revisions"}],"predecessor-version":[{"id":24817,"href":"https:\/\/activat9-cp344.wordpresstemporal.com\/observatorio_igualdad_y_empleo\/wp-json\/wp\/v2\/posts\/24700\/revisions\/24817"}],"wp:featuredmedia":[{"embeddable":true,"href":"https:\/\/activat9-cp344.wordpresstemporal.com\/observatorio_igualdad_y_empleo\/wp-json\/wp\/v2\/media\/24816"}],"wp:attachment":[{"href":"https:\/\/activat9-cp344.wordpresstemporal.com\/observatorio_igualdad_y_empleo\/wp-json\/wp\/v2\/media?parent=24700"}],"wp:term":[{"taxonomy":"category","embeddable":true,"href":"https:\/\/activat9-cp344.wordpresstemporal.com\/observatorio_igualdad_y_empleo\/wp-json\/wp\/v2\/categories?post=24700"},{"taxonomy":"post_tag","embeddable":true,"href":"https:\/\/activat9-cp344.wordpresstemporal.com\/observatorio_igualdad_y_empleo\/wp-json\/wp\/v2\/tags?post=24700"}],"curies":[{"name":"wp","href":"https:\/\/api.w.org\/{rel}","templated":true}]}}