{"id":24701,"date":"2024-12-12T13:01:33","date_gmt":"2024-12-12T12:01:33","guid":{"rendered":"https:\/\/www.observatorioigualdadyempleo.es\/?p=20300"},"modified":"2026-05-21T09:01:53","modified_gmt":"2026-05-21T08:01:53","slug":"igualdad-en-el-deporte-profesional","status":"publish","type":"post","link":"https:\/\/activat9-cp344.wordpresstemporal.com\/observatorio_igualdad_y_empleo\/igualdad-en-el-deporte-profesional\/","title":{"rendered":"Igualdad en el deporte profesional"},"content":{"rendered":"<p style=\"text-align: justify;\">En 1994 se celebr\u00f3 en Birghton la primera conferencia internacional sobre la mujer y el deporte. En ella, se firmaron diversas acciones para promover la inclusi\u00f3n de las mujeres en el deporte a todos los niveles, a trav\u00e9s de la <strong>Declaraci\u00f3n de Brighton<\/strong>. Esta fue adoptada m\u00e1s tarde por el Consejo Superior de Deportes (CSD) en Espa\u00f1a, y posteriormente se ampli\u00f3 en Helsinki con un informe de la Uni\u00f3n Europea.<\/p>\n<h5 style=\"text-align: justify;\"><strong>EL CONSEJO SUPERIOR DE DEPORTES EN ESPA\u00d1A<\/strong><\/h5>\n<p style=\"text-align: justify;\">En Espa\u00f1a, el Consejo Superior de Deportes implement\u00f3 varias medidas para asegurar la igualdad de g\u00e9nero en las federaciones deportivas. Ejemplo de ello fue ligar la obtenci\u00f3n de determinadas subvenciones a la inclusi\u00f3n de un porcentaje m\u00ednimo en los \u00f3rganos de liderazgo. Actualmente, de hecho, la ley exige un <strong>m\u00ednimo del 40% de representaci\u00f3n femenina<\/strong> en las juntas directivas. Adem\u00e1s, se establece una distribuci\u00f3n progresiva seg\u00fan el tama\u00f1o de la junta directiva: cuatro mujeres en juntas de m\u00e1s de 10 personas, cinco en juntas de m\u00e1s de 15, seis en las de m\u00e1s de 20, y siete en las de m\u00e1s de 30.<\/p>\n<h5>EN EL CAMINO HACIA LA IGUADAD EFECTIVA<\/h5>\n<p style=\"text-align: justify;\">El CSD ha dise\u00f1ado varios proyectos y estrategias para fomentar la participaci\u00f3n y la visibilidad de las mujeres en el \u00e1mbito deportivo, tales como:<\/p>\n<ol style=\"text-align: justify;\">\n<li><strong>Unidad Permanente para el Desarrollo del Programa Mujer y Deporte. <\/strong>Tiene el objetivo de coordinar las acciones que promuevan la igualdad de g\u00e9nero en el deporte, asegurando que se implementen las pol\u00edticas adecuadas.<\/li>\n<li><strong>Subvenci\u00f3n a la Comisi\u00f3n &#8216;Mujer y Deporte&#8217; del Comit\u00e9 Ol\u00edmpico Espa\u00f1ol. <\/strong>Se ofrece apoyo econ\u00f3mico para que esta comisi\u00f3n pueda llevar a cabo proyectos que fomenten la igualdad y la promoci\u00f3n de las mujeres en el deporte.<\/li>\n<li><strong>Convenio con el Instituto de la Mujer.<\/strong> A trav\u00e9s de este convenio, se buscan nuevas formas de promover el deporte entre las mujeres y garantizar su inclusi\u00f3n y participaci\u00f3n activa en todos los niveles.<\/li>\n<li><strong>Investigaci\u00f3n y An\u00e1lisis.<\/strong> Se promueven estudios e investigaciones, as\u00ed como la recopilaci\u00f3n de estad\u00edsticas, que permitan conocer mejor la situaci\u00f3n de las mujeres en el deporte y tomar decisiones basadas en datos objetivos y tangibles.<\/li>\n<\/ol>\n<p>&nbsp;<\/p>\n<h5>PROGRAMA UNIVERSO MUJER (III)<\/h5>\n<p style=\"text-align: justify;\">Asimismo, el CSD tambi\u00e9n ha impulsado programas estatales para el desarrollo de la mujer en el \u00e1mbito deportivo, concretamente a trav\u00e9s del Programa Universo Mujer (III). Este tiene como objetivo de incrementar la participaci\u00f3n femenina en el deporte, as\u00ed como aumentar la promoci\u00f3n y visibilizaci\u00f3n de las mujeres en este \u00e1mbito. Para ello, incide sobre varios \u00e1mbitos, tales como:<\/p>\n<ul style=\"text-align: justify;\">\n<li><strong>Formaci\u00f3n para Deportistas y Exdeportistas.<\/strong> El CSD ofrece formaci\u00f3n especializada, asesoramiento y cursos orientados a mujeres deportistas y exdeportistas. Con todo esto, se busca mejorar su empleabilidad, desarrollo profesional y proporcionarles las herramientas necesarias para tener una carrera exitosa dentro y fuera del \u00e1mbito deportivo.<\/li>\n<li><strong>Plan de Desarrollo Deportivo.<\/strong> Se promueve un enfoque integral que va desde el deporte escolar hasta el deporte de \u00e9lite, a trav\u00e9s del deporte escolar, de competiciones populares y de iniciativas enfocadas a la generaci\u00f3n de talento.<\/li>\n<li><strong>Visibilizaci\u00f3n y Promoci\u00f3n de la Mujer en el deporte.<\/strong> Dando uso a los medios de comunicaci\u00f3n y a diversos planes de divulgaci\u00f3n, se pretende dar un lugar a las mujeres en el deporte. Asimismo, se fomentan tambi\u00e9n planes de embajadoras deportivas y organizaci\u00f3n de campeonatos.<\/li>\n<li><strong>Liderazgo Femenino.<\/strong> Se busca fomenta la igualdad en los puestos de liderazgo a trav\u00e9s de programas de formaci\u00f3n, sensibilizaci\u00f3n y promoci\u00f3n de la corresponsabilidad familiar.<\/li>\n<\/ul>\n<p>&nbsp;<\/p>\n<h5 style=\"text-align: justify;\"><strong>AYUDAS Y SUBVENCIONES<\/strong><\/h5>\n<p style=\"text-align: justify;\">Adem\u00e1s de estas iniciativas, el Consejo Superior de Deportes tambi\u00e9n ofrece <strong>ayudas y <\/strong><strong>subvenciones<\/strong> dirigidas a las mujeres deportistas y a las federaciones. Por una parte, establece ayudas a las Federaciones con el <a href=\"https:\/\/www.boe.es\/boe\/dias\/2023\/12\/08\/pdfs\/BOE-B-2023-36891.pdf\">Programa Mujer y Deporte<\/a> para la promoci\u00f3n y la formaci\u00f3n. Por otra, establece ayudas directas a las mujeres deportistas en conceptos de maternidad, conciliaci\u00f3n y formaci\u00f3n.<\/p>\n<p style=\"text-align: justify;\">Todas las medidas expuestas tienen como objetivo garantizar la igualdad de oportunidades de desarrollo y progreso en el mundo del deporte. Este objetivo de igualdad entre mujeres y hombres se plantea tanto a nivel competitivo como en t\u00e9rminos de liderazgo y visibilidad.<\/p>\n<p style=\"text-align: justify;\">Puedes consultar la fuente original de la noticia en el siguiente <a href=\"https:\/\/www.newtral.es\/dinero-publico-deporte-igualdad-mujer-subvenciones-federaciones\/20241203\/\">enlace<\/a><\/p>\n<p style=\"text-align: justify;\">El observatorio de Igualdad y Empleo es una acci\u00f3n de divulgaci\u00f3n que forma parte del Programa Estatal FSE+ de Inclusi\u00f3n Social, Garant\u00eda Infantil y Lucha contra la Pobreza que est\u00e1 cofinanciado por el Fondo Social Europeo + (2021ES05SFPR003) y cuenta con el apoyo del Ministerio de Derechos Sociales, Consumo y Agenda 2030.<\/p>\n","protected":false},"excerpt":{"rendered":"<p>En 1994 se celebr\u00f3 en Birghton la primera conferencia internacional sobre la mujer y el deporte. En ella, se firmaron diversas acciones para promover la inclusi\u00f3n de las mujeres en el deporte a todos los niveles, a trav\u00e9s de la<span class=\"excerpt-hellip\"> [\u2026]<\/span><\/p>\n","protected":false},"author":29,"featured_media":24814,"comment_status":"open","ping_status":"open","sticky":false,"template":"","format":"standard","meta":{"footnotes":""},"categories":[1224,181],"tags":[1237,424,336,55,59,69,38],"class_list":["post-24701","post","type-post","status-publish","format-standard","has-post-thumbnail","hentry","category-campanaalicia","category-empleo","tag-aliciaactivandolaigualdad","tag-424","tag-deporte","tag-empleo","tag-enfoque-de-genero","tag-espana","tag-igualdad-de-oportunidades"],"yoast_head":"<!-- This site is optimized with the Yoast SEO plugin v27.5 - https:\/\/yoast.com\/product\/yoast-seo-wordpress\/ -->\n<title>Igualdad en el deporte profesional - Observatorio de Igualdad y Empleo<\/title>\n<meta name=\"robots\" content=\"index, follow, max-snippet:-1, max-image-preview:large, max-video-preview:-1\" \/>\n<link rel=\"canonical\" href=\"https:\/\/observatorioigualdadyempleo.es\/igualdad-en-el-deporte-profesional\/\" \/>\n<meta property=\"og:locale\" content=\"es_ES\" \/>\n<meta property=\"og:type\" content=\"article\" \/>\n<meta property=\"og:title\" content=\"Igualdad en el deporte profesional - Observatorio de Igualdad y Empleo\" \/>\n<meta property=\"og:description\" content=\"En 1994 se celebr\u00f3 en Birghton la primera conferencia internacional sobre la mujer y el deporte. En ella, se firmaron diversas acciones para promover la inclusi\u00f3n de las mujeres en el deporte a todos los niveles, a trav\u00e9s de la [\u2026]\" \/>\n<meta property=\"og:url\" content=\"https:\/\/observatorioigualdadyempleo.es\/igualdad-en-el-deporte-profesional\/\" \/>\n<meta property=\"og:site_name\" content=\"Observatorio de Igualdad y Empleo\" \/>\n<meta property=\"article:publisher\" content=\"https:\/\/www.facebook.com\/fundacionmujeres\" \/>\n<meta property=\"article:published_time\" content=\"2024-12-12T12:01:33+00:00\" \/>\n<meta property=\"article:modified_time\" content=\"2026-05-21T08:01:53+00:00\" \/>\n<meta property=\"og:image\" content=\"https:\/\/observatorioigualdadyempleo.es\/wp-content\/uploads\/2024\/12\/pexels-koolshooters-99451161-scaled.jpg\" \/>\n\t<meta property=\"og:image:width\" content=\"2560\" \/>\n\t<meta property=\"og:image:height\" content=\"1706\" \/>\n\t<meta property=\"og:image:type\" content=\"image\/jpeg\" \/>\n<meta name=\"author\" content=\"Ricardo Caceres\" \/>\n<meta name=\"twitter:card\" content=\"summary_large_image\" \/>\n<meta name=\"twitter:creator\" content=\"@fmujeres\" \/>\n<meta name=\"twitter:site\" content=\"@fmujeres\" \/>\n<meta name=\"twitter:label1\" content=\"Escrito por\" \/>\n\t<meta name=\"twitter:data1\" content=\"Ricardo Caceres\" \/>\n\t<meta name=\"twitter:label2\" content=\"Tiempo de lectura\" \/>\n\t<meta name=\"twitter:data2\" content=\"4 minutos\" \/>\n<script type=\"application\/ld+json\" class=\"yoast-schema-graph\">{\"@context\":\"https:\\\/\\\/schema.org\",\"@graph\":[{\"@type\":\"Article\",\"@id\":\"https:\\\/\\\/observatorioigualdadyempleo.es\\\/igualdad-en-el-deporte-profesional\\\/#article\",\"isPartOf\":{\"@id\":\"https:\\\/\\\/observatorioigualdadyempleo.es\\\/igualdad-en-el-deporte-profesional\\\/\"},\"author\":{\"name\":\"Ricardo Caceres\",\"@id\":\"https:\\\/\\\/observatorioigualdadyempleo.es\\\/#\\\/schema\\\/person\\\/636958756c86a3659434ff7e5215552c\"},\"headline\":\"Igualdad en el deporte profesional\",\"datePublished\":\"2024-12-12T12:01:33+00:00\",\"dateModified\":\"2026-05-21T08:01:53+00:00\",\"mainEntityOfPage\":{\"@id\":\"https:\\\/\\\/observatorioigualdadyempleo.es\\\/igualdad-en-el-deporte-profesional\\\/\"},\"wordCount\":804,\"commentCount\":0,\"image\":{\"@id\":\"https:\\\/\\\/observatorioigualdadyempleo.es\\\/igualdad-en-el-deporte-profesional\\\/#primaryimage\"},\"thumbnailUrl\":\"https:\\\/\\\/activat9-cp344.wordpresstemporal.com\\\/observatorio_igualdad_y_empleo\\\/wp-content\\\/uploads\\\/2024\\\/12\\\/pexels-koolshooters-99451161-scaled.jpg\",\"keywords\":[\"#AliciaActivandoLaIgualdad\",\"2024\",\"Deporte\",\"Empleo\",\"Enfoque de g\u00e9nero\",\"Espa\u00f1a\",\"Igualdad de Oportunidades\"],\"articleSection\":[\"Campa\u00f1aAlicia\",\"Empleo\"],\"inLanguage\":\"es\",\"potentialAction\":[{\"@type\":\"CommentAction\",\"name\":\"Comment\",\"target\":[\"https:\\\/\\\/observatorioigualdadyempleo.es\\\/igualdad-en-el-deporte-profesional\\\/#respond\"]}]},{\"@type\":\"WebPage\",\"@id\":\"https:\\\/\\\/observatorioigualdadyempleo.es\\\/igualdad-en-el-deporte-profesional\\\/\",\"url\":\"https:\\\/\\\/observatorioigualdadyempleo.es\\\/igualdad-en-el-deporte-profesional\\\/\",\"name\":\"Igualdad en el deporte profesional - Observatorio de Igualdad y Empleo\",\"isPartOf\":{\"@id\":\"https:\\\/\\\/observatorioigualdadyempleo.es\\\/#website\"},\"primaryImageOfPage\":{\"@id\":\"https:\\\/\\\/observatorioigualdadyempleo.es\\\/igualdad-en-el-deporte-profesional\\\/#primaryimage\"},\"image\":{\"@id\":\"https:\\\/\\\/observatorioigualdadyempleo.es\\\/igualdad-en-el-deporte-profesional\\\/#primaryimage\"},\"thumbnailUrl\":\"https:\\\/\\\/activat9-cp344.wordpresstemporal.com\\\/observatorio_igualdad_y_empleo\\\/wp-content\\\/uploads\\\/2024\\\/12\\\/pexels-koolshooters-99451161-scaled.jpg\",\"datePublished\":\"2024-12-12T12:01:33+00:00\",\"dateModified\":\"2026-05-21T08:01:53+00:00\",\"author\":{\"@id\":\"https:\\\/\\\/observatorioigualdadyempleo.es\\\/#\\\/schema\\\/person\\\/636958756c86a3659434ff7e5215552c\"},\"breadcrumb\":{\"@id\":\"https:\\\/\\\/observatorioigualdadyempleo.es\\\/igualdad-en-el-deporte-profesional\\\/#breadcrumb\"},\"inLanguage\":\"es\",\"potentialAction\":[{\"@type\":\"ReadAction\",\"target\":[\"https:\\\/\\\/observatorioigualdadyempleo.es\\\/igualdad-en-el-deporte-profesional\\\/\"]}]},{\"@type\":\"ImageObject\",\"inLanguage\":\"es\",\"@id\":\"https:\\\/\\\/observatorioigualdadyempleo.es\\\/igualdad-en-el-deporte-profesional\\\/#primaryimage\",\"url\":\"https:\\\/\\\/activat9-cp344.wordpresstemporal.com\\\/observatorio_igualdad_y_empleo\\\/wp-content\\\/uploads\\\/2024\\\/12\\\/pexels-koolshooters-99451161-scaled.jpg\",\"contentUrl\":\"https:\\\/\\\/activat9-cp344.wordpresstemporal.com\\\/observatorio_igualdad_y_empleo\\\/wp-content\\\/uploads\\\/2024\\\/12\\\/pexels-koolshooters-99451161-scaled.jpg\",\"width\":2560,\"height\":1706},{\"@type\":\"BreadcrumbList\",\"@id\":\"https:\\\/\\\/observatorioigualdadyempleo.es\\\/igualdad-en-el-deporte-profesional\\\/#breadcrumb\",\"itemListElement\":[{\"@type\":\"ListItem\",\"position\":1,\"name\":\"Portada\",\"item\":\"https:\\\/\\\/observatorioigualdadyempleo.es\\\/\"},{\"@type\":\"ListItem\",\"position\":2,\"name\":\"Igualdad en el deporte profesional\"}]},{\"@type\":\"WebSite\",\"@id\":\"https:\\\/\\\/observatorioigualdadyempleo.es\\\/#website\",\"url\":\"https:\\\/\\\/observatorioigualdadyempleo.es\\\/\",\"name\":\"Observatorio de Igualdad y Empleo\",\"description\":\"Recopilatorio de conocimiento sobre igualdad  y empleo\",\"potentialAction\":[{\"@type\":\"SearchAction\",\"target\":{\"@type\":\"EntryPoint\",\"urlTemplate\":\"https:\\\/\\\/observatorioigualdadyempleo.es\\\/?s={search_term_string}\"},\"query-input\":{\"@type\":\"PropertyValueSpecification\",\"valueRequired\":true,\"valueName\":\"search_term_string\"}}],\"inLanguage\":\"es\"},{\"@type\":\"Person\",\"@id\":\"https:\\\/\\\/observatorioigualdadyempleo.es\\\/#\\\/schema\\\/person\\\/636958756c86a3659434ff7e5215552c\",\"name\":\"Ricardo Caceres\",\"image\":{\"@type\":\"ImageObject\",\"inLanguage\":\"es\",\"@id\":\"https:\\\/\\\/secure.gravatar.com\\\/avatar\\\/033a244ad832ad2dd65bc032c83faf8dedb83f9e3fba9e173186eddafdc507a6?s=96&d=mm&r=g\",\"url\":\"https:\\\/\\\/secure.gravatar.com\\\/avatar\\\/033a244ad832ad2dd65bc032c83faf8dedb83f9e3fba9e173186eddafdc507a6?s=96&d=mm&r=g\",\"contentUrl\":\"https:\\\/\\\/secure.gravatar.com\\\/avatar\\\/033a244ad832ad2dd65bc032c83faf8dedb83f9e3fba9e173186eddafdc507a6?s=96&d=mm&r=g\",\"caption\":\"Ricardo Caceres\"},\"url\":\"https:\\\/\\\/activat9-cp344.wordpresstemporal.com\\\/observatorio_igualdad_y_empleo\\\/author\\\/ricardo-caceres\\\/\"}]}<\/script>\n<!-- \/ Yoast SEO plugin. -->","yoast_head_json":{"title":"Igualdad en el deporte profesional - Observatorio de Igualdad y Empleo","robots":{"index":"index","follow":"follow","max-snippet":"max-snippet:-1","max-image-preview":"max-image-preview:large","max-video-preview":"max-video-preview:-1"},"canonical":"https:\/\/observatorioigualdadyempleo.es\/igualdad-en-el-deporte-profesional\/","og_locale":"es_ES","og_type":"article","og_title":"Igualdad en el deporte profesional - Observatorio de Igualdad y Empleo","og_description":"En 1994 se celebr\u00f3 en Birghton la primera conferencia internacional sobre la mujer y el deporte. En ella, se firmaron diversas acciones para promover la inclusi\u00f3n de las mujeres en el deporte a todos los niveles, a trav\u00e9s de la [\u2026]","og_url":"https:\/\/observatorioigualdadyempleo.es\/igualdad-en-el-deporte-profesional\/","og_site_name":"Observatorio de Igualdad y Empleo","article_publisher":"https:\/\/www.facebook.com\/fundacionmujeres","article_published_time":"2024-12-12T12:01:33+00:00","article_modified_time":"2026-05-21T08:01:53+00:00","og_image":[{"width":2560,"height":1706,"url":"https:\/\/observatorioigualdadyempleo.es\/wp-content\/uploads\/2024\/12\/pexels-koolshooters-99451161-scaled.jpg","type":"image\/jpeg"}],"author":"Ricardo Caceres","twitter_card":"summary_large_image","twitter_creator":"@fmujeres","twitter_site":"@fmujeres","twitter_misc":{"Escrito por":"Ricardo Caceres","Tiempo de lectura":"4 minutos"},"schema":{"@context":"https:\/\/schema.org","@graph":[{"@type":"Article","@id":"https:\/\/observatorioigualdadyempleo.es\/igualdad-en-el-deporte-profesional\/#article","isPartOf":{"@id":"https:\/\/observatorioigualdadyempleo.es\/igualdad-en-el-deporte-profesional\/"},"author":{"name":"Ricardo Caceres","@id":"https:\/\/observatorioigualdadyempleo.es\/#\/schema\/person\/636958756c86a3659434ff7e5215552c"},"headline":"Igualdad en el deporte profesional","datePublished":"2024-12-12T12:01:33+00:00","dateModified":"2026-05-21T08:01:53+00:00","mainEntityOfPage":{"@id":"https:\/\/observatorioigualdadyempleo.es\/igualdad-en-el-deporte-profesional\/"},"wordCount":804,"commentCount":0,"image":{"@id":"https:\/\/observatorioigualdadyempleo.es\/igualdad-en-el-deporte-profesional\/#primaryimage"},"thumbnailUrl":"https:\/\/activat9-cp344.wordpresstemporal.com\/observatorio_igualdad_y_empleo\/wp-content\/uploads\/2024\/12\/pexels-koolshooters-99451161-scaled.jpg","keywords":["#AliciaActivandoLaIgualdad","2024","Deporte","Empleo","Enfoque de g\u00e9nero","Espa\u00f1a","Igualdad de Oportunidades"],"articleSection":["Campa\u00f1aAlicia","Empleo"],"inLanguage":"es","potentialAction":[{"@type":"CommentAction","name":"Comment","target":["https:\/\/observatorioigualdadyempleo.es\/igualdad-en-el-deporte-profesional\/#respond"]}]},{"@type":"WebPage","@id":"https:\/\/observatorioigualdadyempleo.es\/igualdad-en-el-deporte-profesional\/","url":"https:\/\/observatorioigualdadyempleo.es\/igualdad-en-el-deporte-profesional\/","name":"Igualdad en el deporte profesional - Observatorio de Igualdad y Empleo","isPartOf":{"@id":"https:\/\/observatorioigualdadyempleo.es\/#website"},"primaryImageOfPage":{"@id":"https:\/\/observatorioigualdadyempleo.es\/igualdad-en-el-deporte-profesional\/#primaryimage"},"image":{"@id":"https:\/\/observatorioigualdadyempleo.es\/igualdad-en-el-deporte-profesional\/#primaryimage"},"thumbnailUrl":"https:\/\/activat9-cp344.wordpresstemporal.com\/observatorio_igualdad_y_empleo\/wp-content\/uploads\/2024\/12\/pexels-koolshooters-99451161-scaled.jpg","datePublished":"2024-12-12T12:01:33+00:00","dateModified":"2026-05-21T08:01:53+00:00","author":{"@id":"https:\/\/observatorioigualdadyempleo.es\/#\/schema\/person\/636958756c86a3659434ff7e5215552c"},"breadcrumb":{"@id":"https:\/\/observatorioigualdadyempleo.es\/igualdad-en-el-deporte-profesional\/#breadcrumb"},"inLanguage":"es","potentialAction":[{"@type":"ReadAction","target":["https:\/\/observatorioigualdadyempleo.es\/igualdad-en-el-deporte-profesional\/"]}]},{"@type":"ImageObject","inLanguage":"es","@id":"https:\/\/observatorioigualdadyempleo.es\/igualdad-en-el-deporte-profesional\/#primaryimage","url":"https:\/\/activat9-cp344.wordpresstemporal.com\/observatorio_igualdad_y_empleo\/wp-content\/uploads\/2024\/12\/pexels-koolshooters-99451161-scaled.jpg","contentUrl":"https:\/\/activat9-cp344.wordpresstemporal.com\/observatorio_igualdad_y_empleo\/wp-content\/uploads\/2024\/12\/pexels-koolshooters-99451161-scaled.jpg","width":2560,"height":1706},{"@type":"BreadcrumbList","@id":"https:\/\/observatorioigualdadyempleo.es\/igualdad-en-el-deporte-profesional\/#breadcrumb","itemListElement":[{"@type":"ListItem","position":1,"name":"Portada","item":"https:\/\/observatorioigualdadyempleo.es\/"},{"@type":"ListItem","position":2,"name":"Igualdad en el deporte profesional"}]},{"@type":"WebSite","@id":"https:\/\/observatorioigualdadyempleo.es\/#website","url":"https:\/\/observatorioigualdadyempleo.es\/","name":"Observatorio de Igualdad y Empleo","description":"Recopilatorio de conocimiento sobre igualdad  y empleo","potentialAction":[{"@type":"SearchAction","target":{"@type":"EntryPoint","urlTemplate":"https:\/\/observatorioigualdadyempleo.es\/?s={search_term_string}"},"query-input":{"@type":"PropertyValueSpecification","valueRequired":true,"valueName":"search_term_string"}}],"inLanguage":"es"},{"@type":"Person","@id":"https:\/\/observatorioigualdadyempleo.es\/#\/schema\/person\/636958756c86a3659434ff7e5215552c","name":"Ricardo Caceres","image":{"@type":"ImageObject","inLanguage":"es","@id":"https:\/\/secure.gravatar.com\/avatar\/033a244ad832ad2dd65bc032c83faf8dedb83f9e3fba9e173186eddafdc507a6?s=96&d=mm&r=g","url":"https:\/\/secure.gravatar.com\/avatar\/033a244ad832ad2dd65bc032c83faf8dedb83f9e3fba9e173186eddafdc507a6?s=96&d=mm&r=g","contentUrl":"https:\/\/secure.gravatar.com\/avatar\/033a244ad832ad2dd65bc032c83faf8dedb83f9e3fba9e173186eddafdc507a6?s=96&d=mm&r=g","caption":"Ricardo Caceres"},"url":"https:\/\/activat9-cp344.wordpresstemporal.com\/observatorio_igualdad_y_empleo\/author\/ricardo-caceres\/"}]}},"_links":{"self":[{"href":"https:\/\/activat9-cp344.wordpresstemporal.com\/observatorio_igualdad_y_empleo\/wp-json\/wp\/v2\/posts\/24701","targetHints":{"allow":["GET"]}}],"collection":[{"href":"https:\/\/activat9-cp344.wordpresstemporal.com\/observatorio_igualdad_y_empleo\/wp-json\/wp\/v2\/posts"}],"about":[{"href":"https:\/\/activat9-cp344.wordpresstemporal.com\/observatorio_igualdad_y_empleo\/wp-json\/wp\/v2\/types\/post"}],"author":[{"embeddable":true,"href":"https:\/\/activat9-cp344.wordpresstemporal.com\/observatorio_igualdad_y_empleo\/wp-json\/wp\/v2\/users\/29"}],"replies":[{"embeddable":true,"href":"https:\/\/activat9-cp344.wordpresstemporal.com\/observatorio_igualdad_y_empleo\/wp-json\/wp\/v2\/comments?post=24701"}],"version-history":[{"count":1,"href":"https:\/\/activat9-cp344.wordpresstemporal.com\/observatorio_igualdad_y_empleo\/wp-json\/wp\/v2\/posts\/24701\/revisions"}],"predecessor-version":[{"id":24815,"href":"https:\/\/activat9-cp344.wordpresstemporal.com\/observatorio_igualdad_y_empleo\/wp-json\/wp\/v2\/posts\/24701\/revisions\/24815"}],"wp:featuredmedia":[{"embeddable":true,"href":"https:\/\/activat9-cp344.wordpresstemporal.com\/observatorio_igualdad_y_empleo\/wp-json\/wp\/v2\/media\/24814"}],"wp:attachment":[{"href":"https:\/\/activat9-cp344.wordpresstemporal.com\/observatorio_igualdad_y_empleo\/wp-json\/wp\/v2\/media?parent=24701"}],"wp:term":[{"taxonomy":"category","embeddable":true,"href":"https:\/\/activat9-cp344.wordpresstemporal.com\/observatorio_igualdad_y_empleo\/wp-json\/wp\/v2\/categories?post=24701"},{"taxonomy":"post_tag","embeddable":true,"href":"https:\/\/activat9-cp344.wordpresstemporal.com\/observatorio_igualdad_y_empleo\/wp-json\/wp\/v2\/tags?post=24701"}],"curies":[{"name":"wp","href":"https:\/\/api.w.org\/{rel}","templated":true}]}}