{"id":7085,"date":"2018-10-29T17:44:18","date_gmt":"2018-10-29T16:44:18","guid":{"rendered":"https:\/\/observatorioigualdadyempleo.es\/?p=7085"},"modified":"2018-10-29T17:44:18","modified_gmt":"2018-10-29T16:44:18","slug":"mujeres-lideres-en-espana","status":"publish","type":"post","link":"https:\/\/activat9-cp344.wordpresstemporal.com\/observatorio_igualdad_y_empleo\/mujeres-lideres-en-espana\/","title":{"rendered":"Mujeres l\u00edderes en Espa\u00f1a"},"content":{"rendered":"<p>El peri\u00f3dico <a href=\"https:\/\/www.elespanol.com\/\">El Espa\u00f1ol<\/a> ha publicado la semana pasada una lista visibilizando las 100 mujeres empresarias, pol\u00edticas, intelectuales, entre otras, m\u00e1s influyentes de Espa\u00f1a. Esta s\u00e9ptima edici\u00f3n del ranking est\u00e1 organizada por el portal informativo MujeresyC\u00eda.<\/p>\n<p>Entre las mujeres referentes en el mundo empresarial encontramos a l\u00edderes como\u00a0<strong>Fuencisla Clemares<\/strong> (directora general de Google en Espa\u00f1a y Portugal), <strong>Luisa G\u00f3mez Bravo<\/strong> (directora global de inversi\u00f3n y gesti\u00f3n de costes del BBVA), <strong>Alicia Koplowitz<\/strong> (preside Omega Capital), <strong>Alicia Faeveau<\/strong> (fundadora y CEO de Focus on Women), <strong>Ana Irusta<\/strong> (directora de RRHH de Headquaters de Banco Santander Espa\u00f1a), <strong>Bel\u00e9n Barreiro<\/strong> (soci\u00f3loga y fundadora y presidenta de MyWord), <strong>Beatriz Navarro<\/strong> (directora de Marketing y Comunicaci\u00f3n de Fnac Espa\u00f1a), <strong>Antonella Pucarelli<\/strong> (directora general adjunta de IKEA Espa\u00f1a), entre otras muchas mujeres que ha logrado ser referentes dentro de su profesi\u00f3n.<\/p>\n<p>Puedes acceder al listado completo a trav\u00e9s del siguiente <a href=\"https:\/\/www.elespanol.com\/cultura\/20181024\/top-mujeres-lideran-espana\/347995200_3.html#img_1\">enlace<\/a>.<\/p>\n<p>Para conocer m\u00e1s informaci\u00f3n sobre la situaci\u00f3n de las mujeres en el mundo empresarial espa\u00f1ol, puedes consultar el apartado de <a href=\"https:\/\/observatorioigualdadyempleo.es\/informes-y-estadisticas\/\">informes y estad\u00edsticas<\/a> del Observatorio de Igualdad y Empleo.<\/p>\n","protected":false},"excerpt":{"rendered":"<p>El peri\u00f3dico El Espa\u00f1ol ha publicado la semana pasada una lista visibilizando las 100 mujeres empresarias, pol\u00edticas, intelectuales, entre otras, m\u00e1s influyentes de Espa\u00f1a. Esta s\u00e9ptima edici\u00f3n del ranking est\u00e1 organizada por el portal informativo MujeresyC\u00eda. Entre las mujeres referentes<span class=\"excerpt-hellip\"> [\u2026]<\/span><\/p>\n","protected":false},"author":1,"featured_media":0,"comment_status":"open","ping_status":"open","sticky":false,"template":"","format":"standard","meta":{"footnotes":""},"categories":[182],"tags":[132,69,38],"class_list":["post-7085","post","type-post","status-publish","format-standard","hentry","category-empresa","tag-132","tag-espana","tag-igualdad-de-oportunidades"],"yoast_head":"<!-- This site is optimized with the Yoast SEO plugin v27.5 - https:\/\/yoast.com\/product\/yoast-seo-wordpress\/ -->\n<title>Mujeres l\u00edderes en Espa\u00f1a - Observatorio de Igualdad y Empleo<\/title>\n<meta name=\"robots\" content=\"index, follow, max-snippet:-1, max-image-preview:large, max-video-preview:-1\" \/>\n<link rel=\"canonical\" href=\"https:\/\/activat9-cp344.wordpresstemporal.com\/observatorio_igualdad_y_empleo\/mujeres-lideres-en-espana\/\" \/>\n<meta property=\"og:locale\" content=\"es_ES\" \/>\n<meta property=\"og:type\" content=\"article\" \/>\n<meta property=\"og:title\" content=\"Mujeres l\u00edderes en Espa\u00f1a - Observatorio de Igualdad y Empleo\" \/>\n<meta property=\"og:description\" content=\"El peri\u00f3dico El Espa\u00f1ol ha publicado la semana pasada una lista visibilizando las 100 mujeres empresarias, pol\u00edticas, intelectuales, entre otras, m\u00e1s influyentes de Espa\u00f1a. Esta s\u00e9ptima edici\u00f3n del ranking est\u00e1 organizada por el portal informativo MujeresyC\u00eda. Entre las mujeres referentes [\u2026]\" \/>\n<meta property=\"og:url\" content=\"https:\/\/activat9-cp344.wordpresstemporal.com\/observatorio_igualdad_y_empleo\/mujeres-lideres-en-espana\/\" \/>\n<meta property=\"og:site_name\" content=\"Observatorio de Igualdad y Empleo\" \/>\n<meta property=\"article:publisher\" content=\"https:\/\/www.facebook.com\/fundacionmujeres\" \/>\n<meta property=\"article:published_time\" content=\"2018-10-29T16:44:18+00:00\" \/>\n<meta property=\"og:image\" content=\"https:\/\/activat9-cp344.wordpresstemporal.com\/observatorio_igualdad_y_empleo\/wp-content\/uploads\/2017\/12\/icono-web.png\" \/>\n\t<meta property=\"og:image:width\" content=\"512\" \/>\n\t<meta property=\"og:image:height\" content=\"512\" \/>\n\t<meta property=\"og:image:type\" content=\"image\/png\" \/>\n<meta name=\"author\" content=\"adminigemp\" \/>\n<meta name=\"twitter:card\" content=\"summary_large_image\" \/>\n<meta name=\"twitter:creator\" content=\"@fmujeres\" \/>\n<meta name=\"twitter:site\" content=\"@fmujeres\" \/>\n<meta name=\"twitter:label1\" content=\"Escrito por\" \/>\n\t<meta name=\"twitter:data1\" content=\"adminigemp\" \/>\n\t<meta name=\"twitter:label2\" content=\"Tiempo de lectura\" \/>\n\t<meta name=\"twitter:data2\" content=\"1 minuto\" \/>\n<script type=\"application\/ld+json\" class=\"yoast-schema-graph\">{\"@context\":\"https:\\\/\\\/schema.org\",\"@graph\":[{\"@type\":\"Article\",\"@id\":\"https:\\\/\\\/activat9-cp344.wordpresstemporal.com\\\/observatorio_igualdad_y_empleo\\\/mujeres-lideres-en-espana\\\/#article\",\"isPartOf\":{\"@id\":\"https:\\\/\\\/activat9-cp344.wordpresstemporal.com\\\/observatorio_igualdad_y_empleo\\\/mujeres-lideres-en-espana\\\/\"},\"author\":{\"name\":\"adminigemp\",\"@id\":\"https:\\\/\\\/observatorioigualdadyempleo.es\\\/#\\\/schema\\\/person\\\/041ae622a50c0db746d7ed6e688d6141\"},\"headline\":\"Mujeres l\u00edderes en Espa\u00f1a\",\"datePublished\":\"2018-10-29T16:44:18+00:00\",\"mainEntityOfPage\":{\"@id\":\"https:\\\/\\\/activat9-cp344.wordpresstemporal.com\\\/observatorio_igualdad_y_empleo\\\/mujeres-lideres-en-espana\\\/\"},\"wordCount\":206,\"commentCount\":0,\"keywords\":[\"2018\",\"Espa\u00f1a\",\"Igualdad de Oportunidades\"],\"articleSection\":[\"Empresa\"],\"inLanguage\":\"es\",\"potentialAction\":[{\"@type\":\"CommentAction\",\"name\":\"Comment\",\"target\":[\"https:\\\/\\\/activat9-cp344.wordpresstemporal.com\\\/observatorio_igualdad_y_empleo\\\/mujeres-lideres-en-espana\\\/#respond\"]}]},{\"@type\":\"WebPage\",\"@id\":\"https:\\\/\\\/activat9-cp344.wordpresstemporal.com\\\/observatorio_igualdad_y_empleo\\\/mujeres-lideres-en-espana\\\/\",\"url\":\"https:\\\/\\\/activat9-cp344.wordpresstemporal.com\\\/observatorio_igualdad_y_empleo\\\/mujeres-lideres-en-espana\\\/\",\"name\":\"Mujeres l\u00edderes en Espa\u00f1a - Observatorio de Igualdad y Empleo\",\"isPartOf\":{\"@id\":\"https:\\\/\\\/observatorioigualdadyempleo.es\\\/#website\"},\"datePublished\":\"2018-10-29T16:44:18+00:00\",\"author\":{\"@id\":\"https:\\\/\\\/observatorioigualdadyempleo.es\\\/#\\\/schema\\\/person\\\/041ae622a50c0db746d7ed6e688d6141\"},\"breadcrumb\":{\"@id\":\"https:\\\/\\\/activat9-cp344.wordpresstemporal.com\\\/observatorio_igualdad_y_empleo\\\/mujeres-lideres-en-espana\\\/#breadcrumb\"},\"inLanguage\":\"es\",\"potentialAction\":[{\"@type\":\"ReadAction\",\"target\":[\"https:\\\/\\\/activat9-cp344.wordpresstemporal.com\\\/observatorio_igualdad_y_empleo\\\/mujeres-lideres-en-espana\\\/\"]}]},{\"@type\":\"BreadcrumbList\",\"@id\":\"https:\\\/\\\/activat9-cp344.wordpresstemporal.com\\\/observatorio_igualdad_y_empleo\\\/mujeres-lideres-en-espana\\\/#breadcrumb\",\"itemListElement\":[{\"@type\":\"ListItem\",\"position\":1,\"name\":\"Portada\",\"item\":\"https:\\\/\\\/observatorioigualdadyempleo.es\\\/\"},{\"@type\":\"ListItem\",\"position\":2,\"name\":\"Mujeres l\u00edderes en Espa\u00f1a\"}]},{\"@type\":\"WebSite\",\"@id\":\"https:\\\/\\\/observatorioigualdadyempleo.es\\\/#website\",\"url\":\"https:\\\/\\\/observatorioigualdadyempleo.es\\\/\",\"name\":\"Observatorio de Igualdad y Empleo\",\"description\":\"Recopilatorio de conocimiento sobre igualdad  y empleo\",\"potentialAction\":[{\"@type\":\"SearchAction\",\"target\":{\"@type\":\"EntryPoint\",\"urlTemplate\":\"https:\\\/\\\/observatorioigualdadyempleo.es\\\/?s={search_term_string}\"},\"query-input\":{\"@type\":\"PropertyValueSpecification\",\"valueRequired\":true,\"valueName\":\"search_term_string\"}}],\"inLanguage\":\"es\"},{\"@type\":\"Person\",\"@id\":\"https:\\\/\\\/observatorioigualdadyempleo.es\\\/#\\\/schema\\\/person\\\/041ae622a50c0db746d7ed6e688d6141\",\"name\":\"adminigemp\",\"image\":{\"@type\":\"ImageObject\",\"inLanguage\":\"es\",\"@id\":\"https:\\\/\\\/secure.gravatar.com\\\/avatar\\\/cf076103850650f3e444b8c4446ee6f3f1efb3d7395463e7b84e7cbe4c8ec390?s=96&d=mm&r=g\",\"url\":\"https:\\\/\\\/secure.gravatar.com\\\/avatar\\\/cf076103850650f3e444b8c4446ee6f3f1efb3d7395463e7b84e7cbe4c8ec390?s=96&d=mm&r=g\",\"contentUrl\":\"https:\\\/\\\/secure.gravatar.com\\\/avatar\\\/cf076103850650f3e444b8c4446ee6f3f1efb3d7395463e7b84e7cbe4c8ec390?s=96&d=mm&r=g\",\"caption\":\"adminigemp\"},\"url\":\"https:\\\/\\\/activat9-cp344.wordpresstemporal.com\\\/observatorio_igualdad_y_empleo\\\/author\\\/adminigemp\\\/\"}]}<\/script>\n<!-- \/ Yoast SEO plugin. -->","yoast_head_json":{"title":"Mujeres l\u00edderes en Espa\u00f1a - Observatorio de Igualdad y Empleo","robots":{"index":"index","follow":"follow","max-snippet":"max-snippet:-1","max-image-preview":"max-image-preview:large","max-video-preview":"max-video-preview:-1"},"canonical":"https:\/\/activat9-cp344.wordpresstemporal.com\/observatorio_igualdad_y_empleo\/mujeres-lideres-en-espana\/","og_locale":"es_ES","og_type":"article","og_title":"Mujeres l\u00edderes en Espa\u00f1a - Observatorio de Igualdad y Empleo","og_description":"El peri\u00f3dico El Espa\u00f1ol ha publicado la semana pasada una lista visibilizando las 100 mujeres empresarias, pol\u00edticas, intelectuales, entre otras, m\u00e1s influyentes de Espa\u00f1a. Esta s\u00e9ptima edici\u00f3n del ranking est\u00e1 organizada por el portal informativo MujeresyC\u00eda. Entre las mujeres referentes [\u2026]","og_url":"https:\/\/activat9-cp344.wordpresstemporal.com\/observatorio_igualdad_y_empleo\/mujeres-lideres-en-espana\/","og_site_name":"Observatorio de Igualdad y Empleo","article_publisher":"https:\/\/www.facebook.com\/fundacionmujeres","article_published_time":"2018-10-29T16:44:18+00:00","og_image":[{"width":512,"height":512,"url":"https:\/\/activat9-cp344.wordpresstemporal.com\/observatorio_igualdad_y_empleo\/wp-content\/uploads\/2017\/12\/icono-web.png","type":"image\/png"}],"author":"adminigemp","twitter_card":"summary_large_image","twitter_creator":"@fmujeres","twitter_site":"@fmujeres","twitter_misc":{"Escrito por":"adminigemp","Tiempo de lectura":"1 minuto"},"schema":{"@context":"https:\/\/schema.org","@graph":[{"@type":"Article","@id":"https:\/\/activat9-cp344.wordpresstemporal.com\/observatorio_igualdad_y_empleo\/mujeres-lideres-en-espana\/#article","isPartOf":{"@id":"https:\/\/activat9-cp344.wordpresstemporal.com\/observatorio_igualdad_y_empleo\/mujeres-lideres-en-espana\/"},"author":{"name":"adminigemp","@id":"https:\/\/observatorioigualdadyempleo.es\/#\/schema\/person\/041ae622a50c0db746d7ed6e688d6141"},"headline":"Mujeres l\u00edderes en Espa\u00f1a","datePublished":"2018-10-29T16:44:18+00:00","mainEntityOfPage":{"@id":"https:\/\/activat9-cp344.wordpresstemporal.com\/observatorio_igualdad_y_empleo\/mujeres-lideres-en-espana\/"},"wordCount":206,"commentCount":0,"keywords":["2018","Espa\u00f1a","Igualdad de Oportunidades"],"articleSection":["Empresa"],"inLanguage":"es","potentialAction":[{"@type":"CommentAction","name":"Comment","target":["https:\/\/activat9-cp344.wordpresstemporal.com\/observatorio_igualdad_y_empleo\/mujeres-lideres-en-espana\/#respond"]}]},{"@type":"WebPage","@id":"https:\/\/activat9-cp344.wordpresstemporal.com\/observatorio_igualdad_y_empleo\/mujeres-lideres-en-espana\/","url":"https:\/\/activat9-cp344.wordpresstemporal.com\/observatorio_igualdad_y_empleo\/mujeres-lideres-en-espana\/","name":"Mujeres l\u00edderes en Espa\u00f1a - Observatorio de Igualdad y Empleo","isPartOf":{"@id":"https:\/\/observatorioigualdadyempleo.es\/#website"},"datePublished":"2018-10-29T16:44:18+00:00","author":{"@id":"https:\/\/observatorioigualdadyempleo.es\/#\/schema\/person\/041ae622a50c0db746d7ed6e688d6141"},"breadcrumb":{"@id":"https:\/\/activat9-cp344.wordpresstemporal.com\/observatorio_igualdad_y_empleo\/mujeres-lideres-en-espana\/#breadcrumb"},"inLanguage":"es","potentialAction":[{"@type":"ReadAction","target":["https:\/\/activat9-cp344.wordpresstemporal.com\/observatorio_igualdad_y_empleo\/mujeres-lideres-en-espana\/"]}]},{"@type":"BreadcrumbList","@id":"https:\/\/activat9-cp344.wordpresstemporal.com\/observatorio_igualdad_y_empleo\/mujeres-lideres-en-espana\/#breadcrumb","itemListElement":[{"@type":"ListItem","position":1,"name":"Portada","item":"https:\/\/observatorioigualdadyempleo.es\/"},{"@type":"ListItem","position":2,"name":"Mujeres l\u00edderes en Espa\u00f1a"}]},{"@type":"WebSite","@id":"https:\/\/observatorioigualdadyempleo.es\/#website","url":"https:\/\/observatorioigualdadyempleo.es\/","name":"Observatorio de Igualdad y Empleo","description":"Recopilatorio de conocimiento sobre igualdad  y empleo","potentialAction":[{"@type":"SearchAction","target":{"@type":"EntryPoint","urlTemplate":"https:\/\/observatorioigualdadyempleo.es\/?s={search_term_string}"},"query-input":{"@type":"PropertyValueSpecification","valueRequired":true,"valueName":"search_term_string"}}],"inLanguage":"es"},{"@type":"Person","@id":"https:\/\/observatorioigualdadyempleo.es\/#\/schema\/person\/041ae622a50c0db746d7ed6e688d6141","name":"adminigemp","image":{"@type":"ImageObject","inLanguage":"es","@id":"https:\/\/secure.gravatar.com\/avatar\/cf076103850650f3e444b8c4446ee6f3f1efb3d7395463e7b84e7cbe4c8ec390?s=96&d=mm&r=g","url":"https:\/\/secure.gravatar.com\/avatar\/cf076103850650f3e444b8c4446ee6f3f1efb3d7395463e7b84e7cbe4c8ec390?s=96&d=mm&r=g","contentUrl":"https:\/\/secure.gravatar.com\/avatar\/cf076103850650f3e444b8c4446ee6f3f1efb3d7395463e7b84e7cbe4c8ec390?s=96&d=mm&r=g","caption":"adminigemp"},"url":"https:\/\/activat9-cp344.wordpresstemporal.com\/observatorio_igualdad_y_empleo\/author\/adminigemp\/"}]}},"_links":{"self":[{"href":"https:\/\/activat9-cp344.wordpresstemporal.com\/observatorio_igualdad_y_empleo\/wp-json\/wp\/v2\/posts\/7085","targetHints":{"allow":["GET"]}}],"collection":[{"href":"https:\/\/activat9-cp344.wordpresstemporal.com\/observatorio_igualdad_y_empleo\/wp-json\/wp\/v2\/posts"}],"about":[{"href":"https:\/\/activat9-cp344.wordpresstemporal.com\/observatorio_igualdad_y_empleo\/wp-json\/wp\/v2\/types\/post"}],"author":[{"embeddable":true,"href":"https:\/\/activat9-cp344.wordpresstemporal.com\/observatorio_igualdad_y_empleo\/wp-json\/wp\/v2\/users\/1"}],"replies":[{"embeddable":true,"href":"https:\/\/activat9-cp344.wordpresstemporal.com\/observatorio_igualdad_y_empleo\/wp-json\/wp\/v2\/comments?post=7085"}],"version-history":[{"count":2,"href":"https:\/\/activat9-cp344.wordpresstemporal.com\/observatorio_igualdad_y_empleo\/wp-json\/wp\/v2\/posts\/7085\/revisions"}],"predecessor-version":[{"id":7088,"href":"https:\/\/activat9-cp344.wordpresstemporal.com\/observatorio_igualdad_y_empleo\/wp-json\/wp\/v2\/posts\/7085\/revisions\/7088"}],"wp:attachment":[{"href":"https:\/\/activat9-cp344.wordpresstemporal.com\/observatorio_igualdad_y_empleo\/wp-json\/wp\/v2\/media?parent=7085"}],"wp:term":[{"taxonomy":"category","embeddable":true,"href":"https:\/\/activat9-cp344.wordpresstemporal.com\/observatorio_igualdad_y_empleo\/wp-json\/wp\/v2\/categories?post=7085"},{"taxonomy":"post_tag","embeddable":true,"href":"https:\/\/activat9-cp344.wordpresstemporal.com\/observatorio_igualdad_y_empleo\/wp-json\/wp\/v2\/tags?post=7085"}],"curies":[{"name":"wp","href":"https:\/\/api.w.org\/{rel}","templated":true}]}}