{"id":7168,"date":"2018-11-13T08:35:23","date_gmt":"2018-11-13T07:35:23","guid":{"rendered":"https:\/\/observatorioigualdadyempleo.es\/?p=7168"},"modified":"2018-11-15T08:59:13","modified_gmt":"2018-11-15T07:59:13","slug":"estadisticas-emprendimiento-en-espana","status":"publish","type":"post","link":"https:\/\/activat9-cp344.wordpresstemporal.com\/observatorio_igualdad_y_empleo\/estadisticas-emprendimiento-en-espana\/","title":{"rendered":"Estad\u00edsticas: Emprendimiento en Espa\u00f1a"},"content":{"rendered":"<p>Con motivo de la campa\u00f1a <a href=\"http:\/\/www.circuloempresarias.net\/dia-de-la-mujer-emprendedora-19n-2018\/\" target=\"_blank\" rel=\"noopener\"><strong>#SoyEmprendedora,<\/strong><\/a> dentro del marco del \u00ab<a href=\"http:\/\/www.circuloempresarias.net\/dia-de-la-mujer-emprendedora-19n-2018\/\" target=\"_blank\" rel=\"noopener\">19N: D\u00eda Internacional de la Mujer Emprendedora<\/a>\u00ab, el Observatorio de Igualdad y Empleo busca visibilizar la situaci\u00f3n en la que se encuentran las mujeres emprendedoras en Espa\u00f1a.<\/p>\n<p>Como podemos observar en nuestra <a href=\"https:\/\/observatorioigualdadyempleo.es\/\" target=\"_blank\" rel=\"noopener\">p\u00e1gina principal<\/a>\u00a0<strong>una de cada tres personas trabajadoras por cuenta propia en Espa\u00f1a es mujer<\/strong> (<a href=\"https:\/\/www.ine.es\/dyngs\/INEbase\/es\/operacion.htm?c=Estadistica_C&amp;cid=1254736176918&amp;menu=ultiDatos&amp;idp=1254735976595\" target=\"_blank\" rel=\"noopener\">INE, EPA<\/a> 2018 T3).<\/p>\n<p><strong>Las mujeres que deciden emprender lo suelen hacer en el sector de servicios.<\/strong> El 85% de las mujeres que trabajan por cuenta propia lo hacen en el sector de servicios, en comparaci\u00f3n con el 65% de los hombres que trabajan por cuenta propia\u00a0(<a href=\"https:\/\/www.ine.es\/dyngs\/INEbase\/es\/operacion.htm?c=Estadistica_C&amp;cid=1254736176918&amp;menu=ultiDatos&amp;idp=1254735976595\" target=\"_blank\" rel=\"noopener\">INE, EPA<\/a> 2018 T3).<\/p>\n<p>Al desagregar los datos por Comunidades Aut\u00f3nomas, podemos observar que las brechas de g\u00e9nero entre las personas que trabajan por cuenta propia en Espa\u00f1a, son muy elevadas.\u00a0Melilla, con un 54% de brecha de g\u00e9nero entre mujeres y hombres que trabajan por cuenta propia, lidera la lista, seguida por Castilla-La Mancha, con un 45% de brecha, y Navarra y Extremadura, con un 42%\u00a0(<a href=\"https:\/\/www.ine.es\/dyngs\/INEbase\/es\/operacion.htm?c=Estadistica_C&amp;cid=1254736176918&amp;menu=ultiDatos&amp;idp=1254735976595\" target=\"_blank\" rel=\"noopener\">INE, EPA<\/a> 2018 T3).<\/p>\n<p>Asimismo, hemos incluido estad\u00edsticas sobre el emprendimiento en Espa\u00f1a provenientes de los <a href=\"https:\/\/observatorioigualdadyempleo.es\/search\/Informe+GEM\" target=\"_blank\" rel=\"noopener\">Informes GEM<\/a>. Estos informes proveen informaci\u00f3n sobre la \u00abTasa de Actividad Emprendedora\u00bb, o TEA, la cual analiza de forma integral diferentes componentes del proceso del emprendimiento, desde la idea de emprender hasta la consolidaci\u00f3n de empresa. Seg\u00fan el \u00faltimo Informe GEM disponible, <strong>en Espa\u00f1a, la brecha de g\u00e9nero entre las mujeres y los hombres en la Tasa de Actividad Emprendedora es de un 10,2%<\/strong>.<\/p>\n<p>Si analizamos las diferentes fases del proceso de emprendimiento podemos observar como las brechas de g\u00e9nero entre mujeres y hombres m\u00e1s elevadas se encuentran en las fases de \u00abemprendimiento naciente\u00bb, un 18%, y en \u00abempresa consolidada\u00bb, un 20%. Por su parte, la brecha de g\u00e9nero en la fase de \u00abemprendimiento potencial\u00bb (al comienzo del proceso de emprendimiento), la brecha de g\u00e9nero es casi nula. <strong>Tanto las mujeres como los hombres tienen intenci\u00f3n o una idea de emprender, la cual, en el caso de las mujeres, no se llega a materializar.<\/strong><\/p>\n<p>Esto se puede deber a que <strong>las mujeres perciben mayor miedo al fracaso que los hombres<\/strong>. Este obst\u00e1culo dificulta el que las mujeres tomen esa idea de negocio y la consoliden. Por su parte, los hombres se ven m\u00e1s preparados que las mujeres y sienten mayor reconocimiento social que las mujeres emprendedoras.<\/p>\n<p>En el <strong>Observatorio de Igualdad y Empleo<\/strong> podr\u00e1s acceder a estas y otras estad\u00edsticas que visibilizan, no solo la situaci\u00f3n actual en la que se encuentran las mujeres emprendedoras, si no que adem\u00e1s, queremos dar a conocer las diferentes dificultades y obst\u00e1culos a los que se enfrentan esas mujeres valientes que deciden encaminar su carrera profesional hacia el emprendimiento.<\/p>\n<p>Para conocer m\u00e1s informaci\u00f3n, puedes consultar el siguiente enlace:<\/p>\n<ul>\n<li>Observatorio de Igualdad y Empleo, <a href=\"https:\/\/observatorioigualdadyempleo.es\/search\/Emprendimiento\" target=\"_blank\" rel=\"noopener\">Emprendimiento<\/a><\/li>\n<\/ul>\n<p>&nbsp;<\/p>\n","protected":false},"excerpt":{"rendered":"<p>Con motivo de la campa\u00f1a #SoyEmprendedora, dentro del marco del \u00ab19N: D\u00eda Internacional de la Mujer Emprendedora\u00ab, el Observatorio de Igualdad y Empleo busca visibilizar la situaci\u00f3n en la que se encuentran las mujeres emprendedoras en Espa\u00f1a. Como podemos observar<span class=\"excerpt-hellip\"> [\u2026]<\/span><\/p>\n","protected":false},"author":1,"featured_media":0,"comment_status":"open","ping_status":"open","sticky":false,"template":"","format":"standard","meta":{"footnotes":""},"categories":[183],"tags":[132,62,69,38],"class_list":["post-7168","post","type-post","status-publish","format-standard","hentry","category-emprendimiento","tag-132","tag-emprendimiento","tag-espana","tag-igualdad-de-oportunidades"],"yoast_head":"<!-- This site is optimized with the Yoast SEO plugin v27.5 - https:\/\/yoast.com\/product\/yoast-seo-wordpress\/ -->\n<title>Estad\u00edsticas: Emprendimiento en Espa\u00f1a - Observatorio de Igualdad y Empleo<\/title>\n<meta name=\"robots\" content=\"index, follow, max-snippet:-1, max-image-preview:large, max-video-preview:-1\" \/>\n<link rel=\"canonical\" href=\"https:\/\/activat9-cp344.wordpresstemporal.com\/observatorio_igualdad_y_empleo\/estadisticas-emprendimiento-en-espana\/\" \/>\n<meta property=\"og:locale\" content=\"es_ES\" \/>\n<meta property=\"og:type\" content=\"article\" \/>\n<meta property=\"og:title\" content=\"Estad\u00edsticas: Emprendimiento en Espa\u00f1a - Observatorio de Igualdad y Empleo\" \/>\n<meta property=\"og:description\" content=\"Con motivo de la campa\u00f1a #SoyEmprendedora, dentro del marco del \u00ab19N: D\u00eda Internacional de la Mujer Emprendedora\u00ab, el Observatorio de Igualdad y Empleo busca visibilizar la situaci\u00f3n en la que se encuentran las mujeres emprendedoras en Espa\u00f1a. Como podemos observar [\u2026]\" \/>\n<meta property=\"og:url\" content=\"https:\/\/activat9-cp344.wordpresstemporal.com\/observatorio_igualdad_y_empleo\/estadisticas-emprendimiento-en-espana\/\" \/>\n<meta property=\"og:site_name\" content=\"Observatorio de Igualdad y Empleo\" \/>\n<meta property=\"article:publisher\" content=\"https:\/\/www.facebook.com\/fundacionmujeres\" \/>\n<meta property=\"article:published_time\" content=\"2018-11-13T07:35:23+00:00\" \/>\n<meta property=\"article:modified_time\" content=\"2018-11-15T07:59:13+00:00\" \/>\n<meta property=\"og:image\" content=\"https:\/\/activat9-cp344.wordpresstemporal.com\/observatorio_igualdad_y_empleo\/wp-content\/uploads\/2017\/12\/icono-web.png\" \/>\n\t<meta property=\"og:image:width\" content=\"512\" \/>\n\t<meta property=\"og:image:height\" content=\"512\" \/>\n\t<meta property=\"og:image:type\" content=\"image\/png\" \/>\n<meta name=\"author\" content=\"adminigemp\" \/>\n<meta name=\"twitter:card\" content=\"summary_large_image\" \/>\n<meta name=\"twitter:creator\" content=\"@fmujeres\" \/>\n<meta name=\"twitter:site\" content=\"@fmujeres\" \/>\n<meta name=\"twitter:label1\" content=\"Escrito por\" \/>\n\t<meta name=\"twitter:data1\" content=\"adminigemp\" \/>\n\t<meta name=\"twitter:label2\" content=\"Tiempo de lectura\" \/>\n\t<meta name=\"twitter:data2\" content=\"2 minutos\" \/>\n<script type=\"application\/ld+json\" class=\"yoast-schema-graph\">{\"@context\":\"https:\\\/\\\/schema.org\",\"@graph\":[{\"@type\":\"Article\",\"@id\":\"https:\\\/\\\/activat9-cp344.wordpresstemporal.com\\\/observatorio_igualdad_y_empleo\\\/estadisticas-emprendimiento-en-espana\\\/#article\",\"isPartOf\":{\"@id\":\"https:\\\/\\\/activat9-cp344.wordpresstemporal.com\\\/observatorio_igualdad_y_empleo\\\/estadisticas-emprendimiento-en-espana\\\/\"},\"author\":{\"name\":\"adminigemp\",\"@id\":\"https:\\\/\\\/observatorioigualdadyempleo.es\\\/#\\\/schema\\\/person\\\/041ae622a50c0db746d7ed6e688d6141\"},\"headline\":\"Estad\u00edsticas: Emprendimiento en Espa\u00f1a\",\"datePublished\":\"2018-11-13T07:35:23+00:00\",\"dateModified\":\"2018-11-15T07:59:13+00:00\",\"mainEntityOfPage\":{\"@id\":\"https:\\\/\\\/activat9-cp344.wordpresstemporal.com\\\/observatorio_igualdad_y_empleo\\\/estadisticas-emprendimiento-en-espana\\\/\"},\"wordCount\":495,\"commentCount\":0,\"keywords\":[\"2018\",\"Emprendimiento\",\"Espa\u00f1a\",\"Igualdad de Oportunidades\"],\"articleSection\":[\"Emprendimiento\"],\"inLanguage\":\"es\",\"potentialAction\":[{\"@type\":\"CommentAction\",\"name\":\"Comment\",\"target\":[\"https:\\\/\\\/activat9-cp344.wordpresstemporal.com\\\/observatorio_igualdad_y_empleo\\\/estadisticas-emprendimiento-en-espana\\\/#respond\"]}]},{\"@type\":\"WebPage\",\"@id\":\"https:\\\/\\\/activat9-cp344.wordpresstemporal.com\\\/observatorio_igualdad_y_empleo\\\/estadisticas-emprendimiento-en-espana\\\/\",\"url\":\"https:\\\/\\\/activat9-cp344.wordpresstemporal.com\\\/observatorio_igualdad_y_empleo\\\/estadisticas-emprendimiento-en-espana\\\/\",\"name\":\"Estad\u00edsticas: Emprendimiento en Espa\u00f1a - Observatorio de Igualdad y Empleo\",\"isPartOf\":{\"@id\":\"https:\\\/\\\/observatorioigualdadyempleo.es\\\/#website\"},\"datePublished\":\"2018-11-13T07:35:23+00:00\",\"dateModified\":\"2018-11-15T07:59:13+00:00\",\"author\":{\"@id\":\"https:\\\/\\\/observatorioigualdadyempleo.es\\\/#\\\/schema\\\/person\\\/041ae622a50c0db746d7ed6e688d6141\"},\"breadcrumb\":{\"@id\":\"https:\\\/\\\/activat9-cp344.wordpresstemporal.com\\\/observatorio_igualdad_y_empleo\\\/estadisticas-emprendimiento-en-espana\\\/#breadcrumb\"},\"inLanguage\":\"es\",\"potentialAction\":[{\"@type\":\"ReadAction\",\"target\":[\"https:\\\/\\\/activat9-cp344.wordpresstemporal.com\\\/observatorio_igualdad_y_empleo\\\/estadisticas-emprendimiento-en-espana\\\/\"]}]},{\"@type\":\"BreadcrumbList\",\"@id\":\"https:\\\/\\\/activat9-cp344.wordpresstemporal.com\\\/observatorio_igualdad_y_empleo\\\/estadisticas-emprendimiento-en-espana\\\/#breadcrumb\",\"itemListElement\":[{\"@type\":\"ListItem\",\"position\":1,\"name\":\"Portada\",\"item\":\"https:\\\/\\\/observatorioigualdadyempleo.es\\\/\"},{\"@type\":\"ListItem\",\"position\":2,\"name\":\"Estad\u00edsticas: Emprendimiento en Espa\u00f1a\"}]},{\"@type\":\"WebSite\",\"@id\":\"https:\\\/\\\/observatorioigualdadyempleo.es\\\/#website\",\"url\":\"https:\\\/\\\/observatorioigualdadyempleo.es\\\/\",\"name\":\"Observatorio de Igualdad y Empleo\",\"description\":\"Recopilatorio de conocimiento sobre igualdad  y empleo\",\"potentialAction\":[{\"@type\":\"SearchAction\",\"target\":{\"@type\":\"EntryPoint\",\"urlTemplate\":\"https:\\\/\\\/observatorioigualdadyempleo.es\\\/?s={search_term_string}\"},\"query-input\":{\"@type\":\"PropertyValueSpecification\",\"valueRequired\":true,\"valueName\":\"search_term_string\"}}],\"inLanguage\":\"es\"},{\"@type\":\"Person\",\"@id\":\"https:\\\/\\\/observatorioigualdadyempleo.es\\\/#\\\/schema\\\/person\\\/041ae622a50c0db746d7ed6e688d6141\",\"name\":\"adminigemp\",\"image\":{\"@type\":\"ImageObject\",\"inLanguage\":\"es\",\"@id\":\"https:\\\/\\\/secure.gravatar.com\\\/avatar\\\/cf076103850650f3e444b8c4446ee6f3f1efb3d7395463e7b84e7cbe4c8ec390?s=96&d=mm&r=g\",\"url\":\"https:\\\/\\\/secure.gravatar.com\\\/avatar\\\/cf076103850650f3e444b8c4446ee6f3f1efb3d7395463e7b84e7cbe4c8ec390?s=96&d=mm&r=g\",\"contentUrl\":\"https:\\\/\\\/secure.gravatar.com\\\/avatar\\\/cf076103850650f3e444b8c4446ee6f3f1efb3d7395463e7b84e7cbe4c8ec390?s=96&d=mm&r=g\",\"caption\":\"adminigemp\"},\"url\":\"https:\\\/\\\/activat9-cp344.wordpresstemporal.com\\\/observatorio_igualdad_y_empleo\\\/author\\\/adminigemp\\\/\"}]}<\/script>\n<!-- \/ Yoast SEO plugin. -->","yoast_head_json":{"title":"Estad\u00edsticas: Emprendimiento en Espa\u00f1a - Observatorio de Igualdad y Empleo","robots":{"index":"index","follow":"follow","max-snippet":"max-snippet:-1","max-image-preview":"max-image-preview:large","max-video-preview":"max-video-preview:-1"},"canonical":"https:\/\/activat9-cp344.wordpresstemporal.com\/observatorio_igualdad_y_empleo\/estadisticas-emprendimiento-en-espana\/","og_locale":"es_ES","og_type":"article","og_title":"Estad\u00edsticas: Emprendimiento en Espa\u00f1a - Observatorio de Igualdad y Empleo","og_description":"Con motivo de la campa\u00f1a #SoyEmprendedora, dentro del marco del \u00ab19N: D\u00eda Internacional de la Mujer Emprendedora\u00ab, el Observatorio de Igualdad y Empleo busca visibilizar la situaci\u00f3n en la que se encuentran las mujeres emprendedoras en Espa\u00f1a. Como podemos observar [\u2026]","og_url":"https:\/\/activat9-cp344.wordpresstemporal.com\/observatorio_igualdad_y_empleo\/estadisticas-emprendimiento-en-espana\/","og_site_name":"Observatorio de Igualdad y Empleo","article_publisher":"https:\/\/www.facebook.com\/fundacionmujeres","article_published_time":"2018-11-13T07:35:23+00:00","article_modified_time":"2018-11-15T07:59:13+00:00","og_image":[{"width":512,"height":512,"url":"https:\/\/activat9-cp344.wordpresstemporal.com\/observatorio_igualdad_y_empleo\/wp-content\/uploads\/2017\/12\/icono-web.png","type":"image\/png"}],"author":"adminigemp","twitter_card":"summary_large_image","twitter_creator":"@fmujeres","twitter_site":"@fmujeres","twitter_misc":{"Escrito por":"adminigemp","Tiempo de lectura":"2 minutos"},"schema":{"@context":"https:\/\/schema.org","@graph":[{"@type":"Article","@id":"https:\/\/activat9-cp344.wordpresstemporal.com\/observatorio_igualdad_y_empleo\/estadisticas-emprendimiento-en-espana\/#article","isPartOf":{"@id":"https:\/\/activat9-cp344.wordpresstemporal.com\/observatorio_igualdad_y_empleo\/estadisticas-emprendimiento-en-espana\/"},"author":{"name":"adminigemp","@id":"https:\/\/observatorioigualdadyempleo.es\/#\/schema\/person\/041ae622a50c0db746d7ed6e688d6141"},"headline":"Estad\u00edsticas: Emprendimiento en Espa\u00f1a","datePublished":"2018-11-13T07:35:23+00:00","dateModified":"2018-11-15T07:59:13+00:00","mainEntityOfPage":{"@id":"https:\/\/activat9-cp344.wordpresstemporal.com\/observatorio_igualdad_y_empleo\/estadisticas-emprendimiento-en-espana\/"},"wordCount":495,"commentCount":0,"keywords":["2018","Emprendimiento","Espa\u00f1a","Igualdad de Oportunidades"],"articleSection":["Emprendimiento"],"inLanguage":"es","potentialAction":[{"@type":"CommentAction","name":"Comment","target":["https:\/\/activat9-cp344.wordpresstemporal.com\/observatorio_igualdad_y_empleo\/estadisticas-emprendimiento-en-espana\/#respond"]}]},{"@type":"WebPage","@id":"https:\/\/activat9-cp344.wordpresstemporal.com\/observatorio_igualdad_y_empleo\/estadisticas-emprendimiento-en-espana\/","url":"https:\/\/activat9-cp344.wordpresstemporal.com\/observatorio_igualdad_y_empleo\/estadisticas-emprendimiento-en-espana\/","name":"Estad\u00edsticas: Emprendimiento en Espa\u00f1a - Observatorio de Igualdad y Empleo","isPartOf":{"@id":"https:\/\/observatorioigualdadyempleo.es\/#website"},"datePublished":"2018-11-13T07:35:23+00:00","dateModified":"2018-11-15T07:59:13+00:00","author":{"@id":"https:\/\/observatorioigualdadyempleo.es\/#\/schema\/person\/041ae622a50c0db746d7ed6e688d6141"},"breadcrumb":{"@id":"https:\/\/activat9-cp344.wordpresstemporal.com\/observatorio_igualdad_y_empleo\/estadisticas-emprendimiento-en-espana\/#breadcrumb"},"inLanguage":"es","potentialAction":[{"@type":"ReadAction","target":["https:\/\/activat9-cp344.wordpresstemporal.com\/observatorio_igualdad_y_empleo\/estadisticas-emprendimiento-en-espana\/"]}]},{"@type":"BreadcrumbList","@id":"https:\/\/activat9-cp344.wordpresstemporal.com\/observatorio_igualdad_y_empleo\/estadisticas-emprendimiento-en-espana\/#breadcrumb","itemListElement":[{"@type":"ListItem","position":1,"name":"Portada","item":"https:\/\/observatorioigualdadyempleo.es\/"},{"@type":"ListItem","position":2,"name":"Estad\u00edsticas: Emprendimiento en Espa\u00f1a"}]},{"@type":"WebSite","@id":"https:\/\/observatorioigualdadyempleo.es\/#website","url":"https:\/\/observatorioigualdadyempleo.es\/","name":"Observatorio de Igualdad y Empleo","description":"Recopilatorio de conocimiento sobre igualdad  y empleo","potentialAction":[{"@type":"SearchAction","target":{"@type":"EntryPoint","urlTemplate":"https:\/\/observatorioigualdadyempleo.es\/?s={search_term_string}"},"query-input":{"@type":"PropertyValueSpecification","valueRequired":true,"valueName":"search_term_string"}}],"inLanguage":"es"},{"@type":"Person","@id":"https:\/\/observatorioigualdadyempleo.es\/#\/schema\/person\/041ae622a50c0db746d7ed6e688d6141","name":"adminigemp","image":{"@type":"ImageObject","inLanguage":"es","@id":"https:\/\/secure.gravatar.com\/avatar\/cf076103850650f3e444b8c4446ee6f3f1efb3d7395463e7b84e7cbe4c8ec390?s=96&d=mm&r=g","url":"https:\/\/secure.gravatar.com\/avatar\/cf076103850650f3e444b8c4446ee6f3f1efb3d7395463e7b84e7cbe4c8ec390?s=96&d=mm&r=g","contentUrl":"https:\/\/secure.gravatar.com\/avatar\/cf076103850650f3e444b8c4446ee6f3f1efb3d7395463e7b84e7cbe4c8ec390?s=96&d=mm&r=g","caption":"adminigemp"},"url":"https:\/\/activat9-cp344.wordpresstemporal.com\/observatorio_igualdad_y_empleo\/author\/adminigemp\/"}]}},"_links":{"self":[{"href":"https:\/\/activat9-cp344.wordpresstemporal.com\/observatorio_igualdad_y_empleo\/wp-json\/wp\/v2\/posts\/7168","targetHints":{"allow":["GET"]}}],"collection":[{"href":"https:\/\/activat9-cp344.wordpresstemporal.com\/observatorio_igualdad_y_empleo\/wp-json\/wp\/v2\/posts"}],"about":[{"href":"https:\/\/activat9-cp344.wordpresstemporal.com\/observatorio_igualdad_y_empleo\/wp-json\/wp\/v2\/types\/post"}],"author":[{"embeddable":true,"href":"https:\/\/activat9-cp344.wordpresstemporal.com\/observatorio_igualdad_y_empleo\/wp-json\/wp\/v2\/users\/1"}],"replies":[{"embeddable":true,"href":"https:\/\/activat9-cp344.wordpresstemporal.com\/observatorio_igualdad_y_empleo\/wp-json\/wp\/v2\/comments?post=7168"}],"version-history":[{"count":4,"href":"https:\/\/activat9-cp344.wordpresstemporal.com\/observatorio_igualdad_y_empleo\/wp-json\/wp\/v2\/posts\/7168\/revisions"}],"predecessor-version":[{"id":7172,"href":"https:\/\/activat9-cp344.wordpresstemporal.com\/observatorio_igualdad_y_empleo\/wp-json\/wp\/v2\/posts\/7168\/revisions\/7172"}],"wp:attachment":[{"href":"https:\/\/activat9-cp344.wordpresstemporal.com\/observatorio_igualdad_y_empleo\/wp-json\/wp\/v2\/media?parent=7168"}],"wp:term":[{"taxonomy":"category","embeddable":true,"href":"https:\/\/activat9-cp344.wordpresstemporal.com\/observatorio_igualdad_y_empleo\/wp-json\/wp\/v2\/categories?post=7168"},{"taxonomy":"post_tag","embeddable":true,"href":"https:\/\/activat9-cp344.wordpresstemporal.com\/observatorio_igualdad_y_empleo\/wp-json\/wp\/v2\/tags?post=7168"}],"curies":[{"name":"wp","href":"https:\/\/api.w.org\/{rel}","templated":true}]}}