{"id":8401,"date":"2019-02-25T10:28:23","date_gmt":"2019-02-25T09:28:23","guid":{"rendered":"https:\/\/observatorioigualdadyempleo.es\/?p=8401"},"modified":"2020-03-10T16:13:15","modified_gmt":"2020-03-10T15:13:15","slug":"iii-festival-de-cortos-dirigidos-por-mujeres","status":"publish","type":"post","link":"https:\/\/activat9-cp344.wordpresstemporal.com\/observatorio_igualdad_y_empleo\/iii-festival-de-cortos-dirigidos-por-mujeres\/","title":{"rendered":"III Festival de Cortos dirigidos por mujeres"},"content":{"rendered":"<p>El <strong>III Festival de Cortos dirigidos por Mujeres<\/strong> <a href=\"https:\/\/www.europapress.es\/cantabria\/noticia-iii-festival-cortos-dirigido-mujeres-marzo-casyc-20190223144935.html\" target=\"_blank\" rel=\"noopener noreferrer\">se celebrar\u00e1<\/a> el pr\u00f3ximo 7 marzo en Santander. Esta iniciativa de la <a href=\"https:\/\/www.cortoespana.es\/\" target=\"_blank\" rel=\"noopener noreferrer\">plataforma Corto Espa\u00f1a<\/a> con el <a href=\"http:\/\/santander.es\/\" target=\"_blank\" rel=\"noopener noreferrer\">Ayuntamiento de Santander<\/a>, cuenta con la colaboraci\u00f3n de la <a href=\"https:\/\/fundacioncajacantabria.es\/\" target=\"_blank\" rel=\"noopener noreferrer\">Fundaci\u00f3n Caja Cantabria<\/a>, y conmemora el D\u00eda Internacional de las Mujeres.<\/p>\n<p>Tiene el objetivo de <strong>visibilizar el trabajo de las mujeres en este \u00e1mbito del cine<\/strong> con la proyecci\u00f3n de seis cortometrajes.<\/p>\n<p>Mar\u00eda Tejerina, la consejala de Familia y Servicios Sociales, <a href=\"http:\/\/santander.es\/noticia\/festival-cortos-dirigidos-por-mujeres-regresa-santander-7-marzo\" target=\"_blank\" rel=\"noopener noreferrer\">destac\u00f3<\/a> que esta iniciativa permite realizar una llamada de atenci\u00f3n a la ciudadan\u00eda y la necesidad de combartir la discriminaci\u00f3n por raz\u00f3n de sexo.<\/p>\n<p>Para conocer m\u00e1s informaci\u00f3n sobre la situaci\u00f3n de las mujeres en Cantabria, puedes acceder al siguiente <a href=\"https:\/\/observatorioigualdadyempleo.es\/search\/cantabria\" target=\"_blank\" rel=\"noopener noreferrer\">enlace<\/a> del <strong>Observatorio de Igualdad y Empleo<\/strong>. El\u00a0<strong>Observatorio de Igualdad y Empleo<\/strong>\u00a0es una\u00a0acci\u00f3n de divulgaci\u00f3n que forma parte del proyecto\u00a0<a href=\"https:\/\/observatorioigualdadyempleo.es\/proyecto-dana\/\" target=\"_blank\" rel=\"noopener noreferrer\">DANA<\/a>, financiado por el\u00a0<a href=\"https:\/\/ec.europa.eu\/social\/main.jsp?langId=es&amp;catId=325\" target=\"_blank\" rel=\"noopener noreferrer\">Fondo Social Europeo.<\/a><\/p>\n","protected":false},"excerpt":{"rendered":"<p>El III Festival de Cortos dirigidos por Mujeres se celebrar\u00e1 el pr\u00f3ximo 7 marzo en Santander. Esta iniciativa de la plataforma Corto Espa\u00f1a con el Ayuntamiento de Santander, cuenta con la colaboraci\u00f3n de la Fundaci\u00f3n Caja Cantabria, y conmemora el<span class=\"excerpt-hellip\"> [\u2026]<\/span><\/p>\n","protected":false},"author":1,"featured_media":0,"comment_status":"open","ping_status":"open","sticky":false,"template":"","format":"standard","meta":{"footnotes":""},"categories":[181],"tags":[195,333,146,38],"class_list":["post-8401","post","type-post","status-publish","format-standard","hentry","category-empleo","tag-195","tag-arte","tag-cantabria","tag-igualdad-de-oportunidades"],"yoast_head":"<!-- This site is optimized with the Yoast SEO plugin v27.5 - https:\/\/yoast.com\/product\/yoast-seo-wordpress\/ -->\n<title>III Festival de Cortos dirigidos por mujeres - Observatorio de Igualdad y Empleo<\/title>\n<meta name=\"robots\" content=\"index, follow, max-snippet:-1, max-image-preview:large, max-video-preview:-1\" \/>\n<link rel=\"canonical\" href=\"https:\/\/activat9-cp344.wordpresstemporal.com\/observatorio_igualdad_y_empleo\/iii-festival-de-cortos-dirigidos-por-mujeres\/\" \/>\n<meta property=\"og:locale\" content=\"es_ES\" \/>\n<meta property=\"og:type\" content=\"article\" \/>\n<meta property=\"og:title\" content=\"III Festival de Cortos dirigidos por mujeres - Observatorio de Igualdad y Empleo\" \/>\n<meta property=\"og:description\" content=\"El III Festival de Cortos dirigidos por Mujeres se celebrar\u00e1 el pr\u00f3ximo 7 marzo en Santander. Esta iniciativa de la plataforma Corto Espa\u00f1a con el Ayuntamiento de Santander, cuenta con la colaboraci\u00f3n de la Fundaci\u00f3n Caja Cantabria, y conmemora el [\u2026]\" \/>\n<meta property=\"og:url\" content=\"https:\/\/activat9-cp344.wordpresstemporal.com\/observatorio_igualdad_y_empleo\/iii-festival-de-cortos-dirigidos-por-mujeres\/\" \/>\n<meta property=\"og:site_name\" content=\"Observatorio de Igualdad y Empleo\" \/>\n<meta property=\"article:publisher\" content=\"https:\/\/www.facebook.com\/fundacionmujeres\" \/>\n<meta property=\"article:published_time\" content=\"2019-02-25T09:28:23+00:00\" \/>\n<meta property=\"article:modified_time\" content=\"2020-03-10T15:13:15+00:00\" \/>\n<meta property=\"og:image\" content=\"https:\/\/activat9-cp344.wordpresstemporal.com\/observatorio_igualdad_y_empleo\/wp-content\/uploads\/2017\/12\/icono-web.png\" \/>\n\t<meta property=\"og:image:width\" content=\"512\" \/>\n\t<meta property=\"og:image:height\" content=\"512\" \/>\n\t<meta property=\"og:image:type\" content=\"image\/png\" \/>\n<meta name=\"author\" content=\"adminigemp\" \/>\n<meta name=\"twitter:card\" content=\"summary_large_image\" \/>\n<meta name=\"twitter:creator\" content=\"@fmujeres\" \/>\n<meta name=\"twitter:site\" content=\"@fmujeres\" \/>\n<meta name=\"twitter:label1\" content=\"Escrito por\" \/>\n\t<meta name=\"twitter:data1\" content=\"adminigemp\" \/>\n\t<meta name=\"twitter:label2\" content=\"Tiempo de lectura\" \/>\n\t<meta name=\"twitter:data2\" content=\"1 minuto\" \/>\n<script type=\"application\/ld+json\" class=\"yoast-schema-graph\">{\"@context\":\"https:\\\/\\\/schema.org\",\"@graph\":[{\"@type\":\"Article\",\"@id\":\"https:\\\/\\\/activat9-cp344.wordpresstemporal.com\\\/observatorio_igualdad_y_empleo\\\/iii-festival-de-cortos-dirigidos-por-mujeres\\\/#article\",\"isPartOf\":{\"@id\":\"https:\\\/\\\/activat9-cp344.wordpresstemporal.com\\\/observatorio_igualdad_y_empleo\\\/iii-festival-de-cortos-dirigidos-por-mujeres\\\/\"},\"author\":{\"name\":\"adminigemp\",\"@id\":\"https:\\\/\\\/observatorioigualdadyempleo.es\\\/#\\\/schema\\\/person\\\/041ae622a50c0db746d7ed6e688d6141\"},\"headline\":\"III Festival de Cortos dirigidos por mujeres\",\"datePublished\":\"2019-02-25T09:28:23+00:00\",\"dateModified\":\"2020-03-10T15:13:15+00:00\",\"mainEntityOfPage\":{\"@id\":\"https:\\\/\\\/activat9-cp344.wordpresstemporal.com\\\/observatorio_igualdad_y_empleo\\\/iii-festival-de-cortos-dirigidos-por-mujeres\\\/\"},\"wordCount\":167,\"commentCount\":0,\"keywords\":[\"2019\",\"Arte\",\"Cantabria\",\"Igualdad de Oportunidades\"],\"articleSection\":[\"Empleo\"],\"inLanguage\":\"es\",\"potentialAction\":[{\"@type\":\"CommentAction\",\"name\":\"Comment\",\"target\":[\"https:\\\/\\\/activat9-cp344.wordpresstemporal.com\\\/observatorio_igualdad_y_empleo\\\/iii-festival-de-cortos-dirigidos-por-mujeres\\\/#respond\"]}]},{\"@type\":\"WebPage\",\"@id\":\"https:\\\/\\\/activat9-cp344.wordpresstemporal.com\\\/observatorio_igualdad_y_empleo\\\/iii-festival-de-cortos-dirigidos-por-mujeres\\\/\",\"url\":\"https:\\\/\\\/activat9-cp344.wordpresstemporal.com\\\/observatorio_igualdad_y_empleo\\\/iii-festival-de-cortos-dirigidos-por-mujeres\\\/\",\"name\":\"III Festival de Cortos dirigidos por mujeres - Observatorio de Igualdad y Empleo\",\"isPartOf\":{\"@id\":\"https:\\\/\\\/observatorioigualdadyempleo.es\\\/#website\"},\"datePublished\":\"2019-02-25T09:28:23+00:00\",\"dateModified\":\"2020-03-10T15:13:15+00:00\",\"author\":{\"@id\":\"https:\\\/\\\/observatorioigualdadyempleo.es\\\/#\\\/schema\\\/person\\\/041ae622a50c0db746d7ed6e688d6141\"},\"breadcrumb\":{\"@id\":\"https:\\\/\\\/activat9-cp344.wordpresstemporal.com\\\/observatorio_igualdad_y_empleo\\\/iii-festival-de-cortos-dirigidos-por-mujeres\\\/#breadcrumb\"},\"inLanguage\":\"es\",\"potentialAction\":[{\"@type\":\"ReadAction\",\"target\":[\"https:\\\/\\\/activat9-cp344.wordpresstemporal.com\\\/observatorio_igualdad_y_empleo\\\/iii-festival-de-cortos-dirigidos-por-mujeres\\\/\"]}]},{\"@type\":\"BreadcrumbList\",\"@id\":\"https:\\\/\\\/activat9-cp344.wordpresstemporal.com\\\/observatorio_igualdad_y_empleo\\\/iii-festival-de-cortos-dirigidos-por-mujeres\\\/#breadcrumb\",\"itemListElement\":[{\"@type\":\"ListItem\",\"position\":1,\"name\":\"Portada\",\"item\":\"https:\\\/\\\/observatorioigualdadyempleo.es\\\/\"},{\"@type\":\"ListItem\",\"position\":2,\"name\":\"III Festival de Cortos dirigidos por mujeres\"}]},{\"@type\":\"WebSite\",\"@id\":\"https:\\\/\\\/observatorioigualdadyempleo.es\\\/#website\",\"url\":\"https:\\\/\\\/observatorioigualdadyempleo.es\\\/\",\"name\":\"Observatorio de Igualdad y Empleo\",\"description\":\"Recopilatorio de conocimiento sobre igualdad  y empleo\",\"potentialAction\":[{\"@type\":\"SearchAction\",\"target\":{\"@type\":\"EntryPoint\",\"urlTemplate\":\"https:\\\/\\\/observatorioigualdadyempleo.es\\\/?s={search_term_string}\"},\"query-input\":{\"@type\":\"PropertyValueSpecification\",\"valueRequired\":true,\"valueName\":\"search_term_string\"}}],\"inLanguage\":\"es\"},{\"@type\":\"Person\",\"@id\":\"https:\\\/\\\/observatorioigualdadyempleo.es\\\/#\\\/schema\\\/person\\\/041ae622a50c0db746d7ed6e688d6141\",\"name\":\"adminigemp\",\"image\":{\"@type\":\"ImageObject\",\"inLanguage\":\"es\",\"@id\":\"https:\\\/\\\/secure.gravatar.com\\\/avatar\\\/cf076103850650f3e444b8c4446ee6f3f1efb3d7395463e7b84e7cbe4c8ec390?s=96&d=mm&r=g\",\"url\":\"https:\\\/\\\/secure.gravatar.com\\\/avatar\\\/cf076103850650f3e444b8c4446ee6f3f1efb3d7395463e7b84e7cbe4c8ec390?s=96&d=mm&r=g\",\"contentUrl\":\"https:\\\/\\\/secure.gravatar.com\\\/avatar\\\/cf076103850650f3e444b8c4446ee6f3f1efb3d7395463e7b84e7cbe4c8ec390?s=96&d=mm&r=g\",\"caption\":\"adminigemp\"},\"url\":\"https:\\\/\\\/activat9-cp344.wordpresstemporal.com\\\/observatorio_igualdad_y_empleo\\\/author\\\/adminigemp\\\/\"}]}<\/script>\n<!-- \/ Yoast SEO plugin. -->","yoast_head_json":{"title":"III Festival de Cortos dirigidos por mujeres - Observatorio de Igualdad y Empleo","robots":{"index":"index","follow":"follow","max-snippet":"max-snippet:-1","max-image-preview":"max-image-preview:large","max-video-preview":"max-video-preview:-1"},"canonical":"https:\/\/activat9-cp344.wordpresstemporal.com\/observatorio_igualdad_y_empleo\/iii-festival-de-cortos-dirigidos-por-mujeres\/","og_locale":"es_ES","og_type":"article","og_title":"III Festival de Cortos dirigidos por mujeres - Observatorio de Igualdad y Empleo","og_description":"El III Festival de Cortos dirigidos por Mujeres se celebrar\u00e1 el pr\u00f3ximo 7 marzo en Santander. Esta iniciativa de la plataforma Corto Espa\u00f1a con el Ayuntamiento de Santander, cuenta con la colaboraci\u00f3n de la Fundaci\u00f3n Caja Cantabria, y conmemora el [\u2026]","og_url":"https:\/\/activat9-cp344.wordpresstemporal.com\/observatorio_igualdad_y_empleo\/iii-festival-de-cortos-dirigidos-por-mujeres\/","og_site_name":"Observatorio de Igualdad y Empleo","article_publisher":"https:\/\/www.facebook.com\/fundacionmujeres","article_published_time":"2019-02-25T09:28:23+00:00","article_modified_time":"2020-03-10T15:13:15+00:00","og_image":[{"width":512,"height":512,"url":"https:\/\/activat9-cp344.wordpresstemporal.com\/observatorio_igualdad_y_empleo\/wp-content\/uploads\/2017\/12\/icono-web.png","type":"image\/png"}],"author":"adminigemp","twitter_card":"summary_large_image","twitter_creator":"@fmujeres","twitter_site":"@fmujeres","twitter_misc":{"Escrito por":"adminigemp","Tiempo de lectura":"1 minuto"},"schema":{"@context":"https:\/\/schema.org","@graph":[{"@type":"Article","@id":"https:\/\/activat9-cp344.wordpresstemporal.com\/observatorio_igualdad_y_empleo\/iii-festival-de-cortos-dirigidos-por-mujeres\/#article","isPartOf":{"@id":"https:\/\/activat9-cp344.wordpresstemporal.com\/observatorio_igualdad_y_empleo\/iii-festival-de-cortos-dirigidos-por-mujeres\/"},"author":{"name":"adminigemp","@id":"https:\/\/observatorioigualdadyempleo.es\/#\/schema\/person\/041ae622a50c0db746d7ed6e688d6141"},"headline":"III Festival de Cortos dirigidos por mujeres","datePublished":"2019-02-25T09:28:23+00:00","dateModified":"2020-03-10T15:13:15+00:00","mainEntityOfPage":{"@id":"https:\/\/activat9-cp344.wordpresstemporal.com\/observatorio_igualdad_y_empleo\/iii-festival-de-cortos-dirigidos-por-mujeres\/"},"wordCount":167,"commentCount":0,"keywords":["2019","Arte","Cantabria","Igualdad de Oportunidades"],"articleSection":["Empleo"],"inLanguage":"es","potentialAction":[{"@type":"CommentAction","name":"Comment","target":["https:\/\/activat9-cp344.wordpresstemporal.com\/observatorio_igualdad_y_empleo\/iii-festival-de-cortos-dirigidos-por-mujeres\/#respond"]}]},{"@type":"WebPage","@id":"https:\/\/activat9-cp344.wordpresstemporal.com\/observatorio_igualdad_y_empleo\/iii-festival-de-cortos-dirigidos-por-mujeres\/","url":"https:\/\/activat9-cp344.wordpresstemporal.com\/observatorio_igualdad_y_empleo\/iii-festival-de-cortos-dirigidos-por-mujeres\/","name":"III Festival de Cortos dirigidos por mujeres - Observatorio de Igualdad y Empleo","isPartOf":{"@id":"https:\/\/observatorioigualdadyempleo.es\/#website"},"datePublished":"2019-02-25T09:28:23+00:00","dateModified":"2020-03-10T15:13:15+00:00","author":{"@id":"https:\/\/observatorioigualdadyempleo.es\/#\/schema\/person\/041ae622a50c0db746d7ed6e688d6141"},"breadcrumb":{"@id":"https:\/\/activat9-cp344.wordpresstemporal.com\/observatorio_igualdad_y_empleo\/iii-festival-de-cortos-dirigidos-por-mujeres\/#breadcrumb"},"inLanguage":"es","potentialAction":[{"@type":"ReadAction","target":["https:\/\/activat9-cp344.wordpresstemporal.com\/observatorio_igualdad_y_empleo\/iii-festival-de-cortos-dirigidos-por-mujeres\/"]}]},{"@type":"BreadcrumbList","@id":"https:\/\/activat9-cp344.wordpresstemporal.com\/observatorio_igualdad_y_empleo\/iii-festival-de-cortos-dirigidos-por-mujeres\/#breadcrumb","itemListElement":[{"@type":"ListItem","position":1,"name":"Portada","item":"https:\/\/observatorioigualdadyempleo.es\/"},{"@type":"ListItem","position":2,"name":"III Festival de Cortos dirigidos por mujeres"}]},{"@type":"WebSite","@id":"https:\/\/observatorioigualdadyempleo.es\/#website","url":"https:\/\/observatorioigualdadyempleo.es\/","name":"Observatorio de Igualdad y Empleo","description":"Recopilatorio de conocimiento sobre igualdad  y empleo","potentialAction":[{"@type":"SearchAction","target":{"@type":"EntryPoint","urlTemplate":"https:\/\/observatorioigualdadyempleo.es\/?s={search_term_string}"},"query-input":{"@type":"PropertyValueSpecification","valueRequired":true,"valueName":"search_term_string"}}],"inLanguage":"es"},{"@type":"Person","@id":"https:\/\/observatorioigualdadyempleo.es\/#\/schema\/person\/041ae622a50c0db746d7ed6e688d6141","name":"adminigemp","image":{"@type":"ImageObject","inLanguage":"es","@id":"https:\/\/secure.gravatar.com\/avatar\/cf076103850650f3e444b8c4446ee6f3f1efb3d7395463e7b84e7cbe4c8ec390?s=96&d=mm&r=g","url":"https:\/\/secure.gravatar.com\/avatar\/cf076103850650f3e444b8c4446ee6f3f1efb3d7395463e7b84e7cbe4c8ec390?s=96&d=mm&r=g","contentUrl":"https:\/\/secure.gravatar.com\/avatar\/cf076103850650f3e444b8c4446ee6f3f1efb3d7395463e7b84e7cbe4c8ec390?s=96&d=mm&r=g","caption":"adminigemp"},"url":"https:\/\/activat9-cp344.wordpresstemporal.com\/observatorio_igualdad_y_empleo\/author\/adminigemp\/"}]}},"_links":{"self":[{"href":"https:\/\/activat9-cp344.wordpresstemporal.com\/observatorio_igualdad_y_empleo\/wp-json\/wp\/v2\/posts\/8401","targetHints":{"allow":["GET"]}}],"collection":[{"href":"https:\/\/activat9-cp344.wordpresstemporal.com\/observatorio_igualdad_y_empleo\/wp-json\/wp\/v2\/posts"}],"about":[{"href":"https:\/\/activat9-cp344.wordpresstemporal.com\/observatorio_igualdad_y_empleo\/wp-json\/wp\/v2\/types\/post"}],"author":[{"embeddable":true,"href":"https:\/\/activat9-cp344.wordpresstemporal.com\/observatorio_igualdad_y_empleo\/wp-json\/wp\/v2\/users\/1"}],"replies":[{"embeddable":true,"href":"https:\/\/activat9-cp344.wordpresstemporal.com\/observatorio_igualdad_y_empleo\/wp-json\/wp\/v2\/comments?post=8401"}],"version-history":[{"count":2,"href":"https:\/\/activat9-cp344.wordpresstemporal.com\/observatorio_igualdad_y_empleo\/wp-json\/wp\/v2\/posts\/8401\/revisions"}],"predecessor-version":[{"id":10657,"href":"https:\/\/activat9-cp344.wordpresstemporal.com\/observatorio_igualdad_y_empleo\/wp-json\/wp\/v2\/posts\/8401\/revisions\/10657"}],"wp:attachment":[{"href":"https:\/\/activat9-cp344.wordpresstemporal.com\/observatorio_igualdad_y_empleo\/wp-json\/wp\/v2\/media?parent=8401"}],"wp:term":[{"taxonomy":"category","embeddable":true,"href":"https:\/\/activat9-cp344.wordpresstemporal.com\/observatorio_igualdad_y_empleo\/wp-json\/wp\/v2\/categories?post=8401"},{"taxonomy":"post_tag","embeddable":true,"href":"https:\/\/activat9-cp344.wordpresstemporal.com\/observatorio_igualdad_y_empleo\/wp-json\/wp\/v2\/tags?post=8401"}],"curies":[{"name":"wp","href":"https:\/\/api.w.org\/{rel}","templated":true}]}}