{"id":8538,"date":"2019-03-12T09:51:25","date_gmt":"2019-03-12T08:51:25","guid":{"rendered":"https:\/\/observatorioigualdadyempleo.es\/?p=8538"},"modified":"2020-03-10T16:34:09","modified_gmt":"2020-03-10T15:34:09","slug":"onu-mujeres-8-de-marzo","status":"publish","type":"post","link":"https:\/\/activat9-cp344.wordpresstemporal.com\/observatorio_igualdad_y_empleo\/onu-mujeres-8-de-marzo\/","title":{"rendered":"ONU Mujeres: 8 de marzo"},"content":{"rendered":"<p><strong>Palabras de Phumzile M\u00f1ambo-Ngcuka, Secretaria General Adjunta de las Naciones Unidas y Directora Ejecutiva de ONU Mujeres, en el D\u00eda Internacional de la Mujer en la ciudad de Nueva York<\/strong><\/p>\n<p>Fecha: viernes 8 de marzo de 2019<\/p>\n<p>(Discurso pronunciado)<\/p>\n<p>\u00ab<em>Hoy celebramos el poder y el potencial de las mujeres y las ni\u00f1as como innovadoras. Celebramos su creatividad en un mundo caracterizado por la velocidad y el cambio a gran escala. Queremos que la innovaci\u00f3n\u00a0y el cambio beneficien intencionalmente a las mujeres y a las ni\u00f1as. Queremos, adem\u00e1s, que las mujeres y las ni\u00f1as se inspiren para innovar e influir en todo el ecosistema de la innovaci\u00f3n.<\/em><\/p>\n<p><em>Las mujeres no son simplemente consumidoras de soluciones ya prescritas. Tambi\u00e9n dise\u00f1an soluciones para toda la sociedad. Est\u00e1n equipadas para abordar los problemas, especialmente aquellos que afectan sus vidas. Esto incluye la falta de instalaciones de saneamiento e higiene, la poca iluminaci\u00f3n en los espacios p\u00fablicos donde es probable\u00a0que se produzcan agresiones sexuales y violentas, la exclusi\u00f3n financiera y el dura trabajo manual en una era en la que ya existe la automatizaci\u00f3n y los drones.<\/em><\/p>\n<p><em>Estos son temas en los que las mujeres quieren abordar la innovaci\u00f3n. No todas las personas aceptan que tomar\u00e1 m\u00e1s de 200 a\u00f1os lograr la igualdad de g\u00e9nero, por lo que solo las nietas y los nietos de las nietas y los nietos de las nietas y los nietos lograr\u00e1n la igualdad de g\u00e9nero. Esto, no lo vamos a permitir.<\/em><\/p>\n<p><em>Sin embargo, sin tomar acci\u00f3n a nivel internacional, este ritmo lento y contin\u00fae\u00a0es un riesgo real.<\/em><\/p>\n<p><em>Necesitamos aquel salto gigante que aporta la innovaci\u00f3n al siglo XXI, lo haga tambi\u00e9n hacia el cambio para que podamos celebrar el 25 aniversario de la Plataforma de Acci\u00f3n de Beijing. Tenemos que asegurarnos de que estamos pensando en grande y siendo audaces para poder dar ese salto.<\/em><\/p>\n<p><em>Necesitamos utilizar big data, dinero\u00a0m\u00f3vil, tecnolog\u00edas inteligentes para la agricultura y para el acceso a agua limpia, adem\u00e1s de\u00a0 aplicaciones que protejan los derechos de las mujeres y faciliten el acceso a la justicia.<\/em>\u00bb<\/p>\n<p>Para conocer el resto del discurso y acceder a la noticia en la fuente original, puedes consultar el siguiente <a href=\"http:\/\/www.unwomen.org\/en\/news\/stories\/2019\/3\/speech-ed-phumzile-international-womens-day\" target=\"_blank\" rel=\"noopener noreferrer\">enlace<\/a>.<\/p>\n<p>El\u00a0<strong>Observatorio de Igualdad y Empleo<\/strong>\u00a0es una\u00a0acci\u00f3n de divulgaci\u00f3n que forma parte del proyecto\u00a0<a href=\"https:\/\/observatorioigualdadyempleo.es\/proyecto-dana\/\" target=\"_blank\" rel=\"noopener noreferrer\">DANA<\/a>, financiado por el\u00a0<a href=\"https:\/\/ec.europa.eu\/social\/main.jsp?langId=es&amp;catId=325\" target=\"_blank\" rel=\"noopener noreferrer\">Fondo Social Europeo.<\/a><\/p>\n","protected":false},"excerpt":{"rendered":"<p>Palabras de Phumzile M\u00f1ambo-Ngcuka, Secretaria General Adjunta de las Naciones Unidas y Directora Ejecutiva de ONU Mujeres, en el D\u00eda Internacional de la Mujer en la ciudad de Nueva York Fecha: viernes 8 de marzo de 2019 (Discurso pronunciado) \u00abHoy<span class=\"excerpt-hellip\"> [\u2026]<\/span><\/p>\n","protected":false},"author":1,"featured_media":0,"comment_status":"closed","ping_status":"open","sticky":false,"template":"","format":"standard","meta":{"footnotes":""},"categories":[181],"tags":[195,38,172,129,128],"class_list":["post-8538","post","type-post","status-publish","format-standard","hentry","category-empleo","tag-195","tag-igualdad-de-oportunidades","tag-internacional","tag-onu-mujeres","tag-sector-tic"],"yoast_head":"<!-- This site is optimized with the Yoast SEO plugin v27.5 - https:\/\/yoast.com\/product\/yoast-seo-wordpress\/ -->\n<title>ONU Mujeres: 8 de marzo - Observatorio de Igualdad y Empleo<\/title>\n<meta name=\"robots\" content=\"index, follow, max-snippet:-1, max-image-preview:large, max-video-preview:-1\" \/>\n<link rel=\"canonical\" href=\"https:\/\/observatorioigualdadyempleo.es\/onu-mujeres-8-de-marzo\/\" \/>\n<meta property=\"og:locale\" content=\"es_ES\" \/>\n<meta property=\"og:type\" content=\"article\" \/>\n<meta property=\"og:title\" content=\"ONU Mujeres: 8 de marzo - Observatorio de Igualdad y Empleo\" \/>\n<meta property=\"og:description\" content=\"Palabras de Phumzile M\u00f1ambo-Ngcuka, Secretaria General Adjunta de las Naciones Unidas y Directora Ejecutiva de ONU Mujeres, en el D\u00eda Internacional de la Mujer en la ciudad de Nueva York Fecha: viernes 8 de marzo de 2019 (Discurso pronunciado) \u00abHoy [\u2026]\" \/>\n<meta property=\"og:url\" content=\"https:\/\/observatorioigualdadyempleo.es\/onu-mujeres-8-de-marzo\/\" \/>\n<meta property=\"og:site_name\" content=\"Observatorio de Igualdad y Empleo\" \/>\n<meta property=\"article:publisher\" content=\"https:\/\/www.facebook.com\/fundacionmujeres\" \/>\n<meta property=\"article:published_time\" content=\"2019-03-12T08:51:25+00:00\" \/>\n<meta property=\"article:modified_time\" content=\"2020-03-10T15:34:09+00:00\" \/>\n<meta property=\"og:image\" content=\"https:\/\/activat9-cp344.wordpresstemporal.com\/observatorio_igualdad_y_empleo\/wp-content\/uploads\/2017\/12\/icono-web.png\" \/>\n\t<meta property=\"og:image:width\" content=\"512\" \/>\n\t<meta property=\"og:image:height\" content=\"512\" \/>\n\t<meta property=\"og:image:type\" content=\"image\/png\" \/>\n<meta name=\"author\" content=\"adminigemp\" \/>\n<meta name=\"twitter:card\" content=\"summary_large_image\" \/>\n<meta name=\"twitter:creator\" content=\"@fmujeres\" \/>\n<meta name=\"twitter:site\" content=\"@fmujeres\" \/>\n<meta name=\"twitter:label1\" content=\"Escrito por\" \/>\n\t<meta name=\"twitter:data1\" content=\"adminigemp\" \/>\n\t<meta name=\"twitter:label2\" content=\"Tiempo de lectura\" \/>\n\t<meta name=\"twitter:data2\" content=\"2 minutos\" \/>\n<script type=\"application\/ld+json\" class=\"yoast-schema-graph\">{\"@context\":\"https:\\\/\\\/schema.org\",\"@graph\":[{\"@type\":\"Article\",\"@id\":\"https:\\\/\\\/observatorioigualdadyempleo.es\\\/onu-mujeres-8-de-marzo\\\/#article\",\"isPartOf\":{\"@id\":\"https:\\\/\\\/observatorioigualdadyempleo.es\\\/onu-mujeres-8-de-marzo\\\/\"},\"author\":{\"name\":\"adminigemp\",\"@id\":\"https:\\\/\\\/observatorioigualdadyempleo.es\\\/#\\\/schema\\\/person\\\/041ae622a50c0db746d7ed6e688d6141\"},\"headline\":\"ONU Mujeres: 8 de marzo\",\"datePublished\":\"2019-03-12T08:51:25+00:00\",\"dateModified\":\"2020-03-10T15:34:09+00:00\",\"mainEntityOfPage\":{\"@id\":\"https:\\\/\\\/observatorioigualdadyempleo.es\\\/onu-mujeres-8-de-marzo\\\/\"},\"wordCount\":418,\"keywords\":[\"2019\",\"Igualdad de Oportunidades\",\"Internacional\",\"ONU Mujeres\",\"Sector TIC\"],\"articleSection\":[\"Empleo\"],\"inLanguage\":\"es\"},{\"@type\":\"WebPage\",\"@id\":\"https:\\\/\\\/observatorioigualdadyempleo.es\\\/onu-mujeres-8-de-marzo\\\/\",\"url\":\"https:\\\/\\\/observatorioigualdadyempleo.es\\\/onu-mujeres-8-de-marzo\\\/\",\"name\":\"ONU Mujeres: 8 de marzo - Observatorio de Igualdad y Empleo\",\"isPartOf\":{\"@id\":\"https:\\\/\\\/observatorioigualdadyempleo.es\\\/#website\"},\"datePublished\":\"2019-03-12T08:51:25+00:00\",\"dateModified\":\"2020-03-10T15:34:09+00:00\",\"author\":{\"@id\":\"https:\\\/\\\/observatorioigualdadyempleo.es\\\/#\\\/schema\\\/person\\\/041ae622a50c0db746d7ed6e688d6141\"},\"breadcrumb\":{\"@id\":\"https:\\\/\\\/observatorioigualdadyempleo.es\\\/onu-mujeres-8-de-marzo\\\/#breadcrumb\"},\"inLanguage\":\"es\",\"potentialAction\":[{\"@type\":\"ReadAction\",\"target\":[\"https:\\\/\\\/observatorioigualdadyempleo.es\\\/onu-mujeres-8-de-marzo\\\/\"]}]},{\"@type\":\"BreadcrumbList\",\"@id\":\"https:\\\/\\\/observatorioigualdadyempleo.es\\\/onu-mujeres-8-de-marzo\\\/#breadcrumb\",\"itemListElement\":[{\"@type\":\"ListItem\",\"position\":1,\"name\":\"Portada\",\"item\":\"https:\\\/\\\/observatorioigualdadyempleo.es\\\/\"},{\"@type\":\"ListItem\",\"position\":2,\"name\":\"ONU Mujeres: 8 de marzo\"}]},{\"@type\":\"WebSite\",\"@id\":\"https:\\\/\\\/observatorioigualdadyempleo.es\\\/#website\",\"url\":\"https:\\\/\\\/observatorioigualdadyempleo.es\\\/\",\"name\":\"Observatorio de Igualdad y Empleo\",\"description\":\"Recopilatorio de conocimiento sobre igualdad  y empleo\",\"potentialAction\":[{\"@type\":\"SearchAction\",\"target\":{\"@type\":\"EntryPoint\",\"urlTemplate\":\"https:\\\/\\\/observatorioigualdadyempleo.es\\\/?s={search_term_string}\"},\"query-input\":{\"@type\":\"PropertyValueSpecification\",\"valueRequired\":true,\"valueName\":\"search_term_string\"}}],\"inLanguage\":\"es\"},{\"@type\":\"Person\",\"@id\":\"https:\\\/\\\/observatorioigualdadyempleo.es\\\/#\\\/schema\\\/person\\\/041ae622a50c0db746d7ed6e688d6141\",\"name\":\"adminigemp\",\"image\":{\"@type\":\"ImageObject\",\"inLanguage\":\"es\",\"@id\":\"https:\\\/\\\/secure.gravatar.com\\\/avatar\\\/cf076103850650f3e444b8c4446ee6f3f1efb3d7395463e7b84e7cbe4c8ec390?s=96&d=mm&r=g\",\"url\":\"https:\\\/\\\/secure.gravatar.com\\\/avatar\\\/cf076103850650f3e444b8c4446ee6f3f1efb3d7395463e7b84e7cbe4c8ec390?s=96&d=mm&r=g\",\"contentUrl\":\"https:\\\/\\\/secure.gravatar.com\\\/avatar\\\/cf076103850650f3e444b8c4446ee6f3f1efb3d7395463e7b84e7cbe4c8ec390?s=96&d=mm&r=g\",\"caption\":\"adminigemp\"},\"url\":\"https:\\\/\\\/activat9-cp344.wordpresstemporal.com\\\/observatorio_igualdad_y_empleo\\\/author\\\/adminigemp\\\/\"}]}<\/script>\n<!-- \/ Yoast SEO plugin. -->","yoast_head_json":{"title":"ONU Mujeres: 8 de marzo - Observatorio de Igualdad y Empleo","robots":{"index":"index","follow":"follow","max-snippet":"max-snippet:-1","max-image-preview":"max-image-preview:large","max-video-preview":"max-video-preview:-1"},"canonical":"https:\/\/observatorioigualdadyempleo.es\/onu-mujeres-8-de-marzo\/","og_locale":"es_ES","og_type":"article","og_title":"ONU Mujeres: 8 de marzo - Observatorio de Igualdad y Empleo","og_description":"Palabras de Phumzile M\u00f1ambo-Ngcuka, Secretaria General Adjunta de las Naciones Unidas y Directora Ejecutiva de ONU Mujeres, en el D\u00eda Internacional de la Mujer en la ciudad de Nueva York Fecha: viernes 8 de marzo de 2019 (Discurso pronunciado) \u00abHoy [\u2026]","og_url":"https:\/\/observatorioigualdadyempleo.es\/onu-mujeres-8-de-marzo\/","og_site_name":"Observatorio de Igualdad y Empleo","article_publisher":"https:\/\/www.facebook.com\/fundacionmujeres","article_published_time":"2019-03-12T08:51:25+00:00","article_modified_time":"2020-03-10T15:34:09+00:00","og_image":[{"width":512,"height":512,"url":"https:\/\/activat9-cp344.wordpresstemporal.com\/observatorio_igualdad_y_empleo\/wp-content\/uploads\/2017\/12\/icono-web.png","type":"image\/png"}],"author":"adminigemp","twitter_card":"summary_large_image","twitter_creator":"@fmujeres","twitter_site":"@fmujeres","twitter_misc":{"Escrito por":"adminigemp","Tiempo de lectura":"2 minutos"},"schema":{"@context":"https:\/\/schema.org","@graph":[{"@type":"Article","@id":"https:\/\/observatorioigualdadyempleo.es\/onu-mujeres-8-de-marzo\/#article","isPartOf":{"@id":"https:\/\/observatorioigualdadyempleo.es\/onu-mujeres-8-de-marzo\/"},"author":{"name":"adminigemp","@id":"https:\/\/observatorioigualdadyempleo.es\/#\/schema\/person\/041ae622a50c0db746d7ed6e688d6141"},"headline":"ONU Mujeres: 8 de marzo","datePublished":"2019-03-12T08:51:25+00:00","dateModified":"2020-03-10T15:34:09+00:00","mainEntityOfPage":{"@id":"https:\/\/observatorioigualdadyempleo.es\/onu-mujeres-8-de-marzo\/"},"wordCount":418,"keywords":["2019","Igualdad de Oportunidades","Internacional","ONU Mujeres","Sector TIC"],"articleSection":["Empleo"],"inLanguage":"es"},{"@type":"WebPage","@id":"https:\/\/observatorioigualdadyempleo.es\/onu-mujeres-8-de-marzo\/","url":"https:\/\/observatorioigualdadyempleo.es\/onu-mujeres-8-de-marzo\/","name":"ONU Mujeres: 8 de marzo - Observatorio de Igualdad y Empleo","isPartOf":{"@id":"https:\/\/observatorioigualdadyempleo.es\/#website"},"datePublished":"2019-03-12T08:51:25+00:00","dateModified":"2020-03-10T15:34:09+00:00","author":{"@id":"https:\/\/observatorioigualdadyempleo.es\/#\/schema\/person\/041ae622a50c0db746d7ed6e688d6141"},"breadcrumb":{"@id":"https:\/\/observatorioigualdadyempleo.es\/onu-mujeres-8-de-marzo\/#breadcrumb"},"inLanguage":"es","potentialAction":[{"@type":"ReadAction","target":["https:\/\/observatorioigualdadyempleo.es\/onu-mujeres-8-de-marzo\/"]}]},{"@type":"BreadcrumbList","@id":"https:\/\/observatorioigualdadyempleo.es\/onu-mujeres-8-de-marzo\/#breadcrumb","itemListElement":[{"@type":"ListItem","position":1,"name":"Portada","item":"https:\/\/observatorioigualdadyempleo.es\/"},{"@type":"ListItem","position":2,"name":"ONU Mujeres: 8 de marzo"}]},{"@type":"WebSite","@id":"https:\/\/observatorioigualdadyempleo.es\/#website","url":"https:\/\/observatorioigualdadyempleo.es\/","name":"Observatorio de Igualdad y Empleo","description":"Recopilatorio de conocimiento sobre igualdad  y empleo","potentialAction":[{"@type":"SearchAction","target":{"@type":"EntryPoint","urlTemplate":"https:\/\/observatorioigualdadyempleo.es\/?s={search_term_string}"},"query-input":{"@type":"PropertyValueSpecification","valueRequired":true,"valueName":"search_term_string"}}],"inLanguage":"es"},{"@type":"Person","@id":"https:\/\/observatorioigualdadyempleo.es\/#\/schema\/person\/041ae622a50c0db746d7ed6e688d6141","name":"adminigemp","image":{"@type":"ImageObject","inLanguage":"es","@id":"https:\/\/secure.gravatar.com\/avatar\/cf076103850650f3e444b8c4446ee6f3f1efb3d7395463e7b84e7cbe4c8ec390?s=96&d=mm&r=g","url":"https:\/\/secure.gravatar.com\/avatar\/cf076103850650f3e444b8c4446ee6f3f1efb3d7395463e7b84e7cbe4c8ec390?s=96&d=mm&r=g","contentUrl":"https:\/\/secure.gravatar.com\/avatar\/cf076103850650f3e444b8c4446ee6f3f1efb3d7395463e7b84e7cbe4c8ec390?s=96&d=mm&r=g","caption":"adminigemp"},"url":"https:\/\/activat9-cp344.wordpresstemporal.com\/observatorio_igualdad_y_empleo\/author\/adminigemp\/"}]}},"_links":{"self":[{"href":"https:\/\/activat9-cp344.wordpresstemporal.com\/observatorio_igualdad_y_empleo\/wp-json\/wp\/v2\/posts\/8538","targetHints":{"allow":["GET"]}}],"collection":[{"href":"https:\/\/activat9-cp344.wordpresstemporal.com\/observatorio_igualdad_y_empleo\/wp-json\/wp\/v2\/posts"}],"about":[{"href":"https:\/\/activat9-cp344.wordpresstemporal.com\/observatorio_igualdad_y_empleo\/wp-json\/wp\/v2\/types\/post"}],"author":[{"embeddable":true,"href":"https:\/\/activat9-cp344.wordpresstemporal.com\/observatorio_igualdad_y_empleo\/wp-json\/wp\/v2\/users\/1"}],"replies":[{"embeddable":true,"href":"https:\/\/activat9-cp344.wordpresstemporal.com\/observatorio_igualdad_y_empleo\/wp-json\/wp\/v2\/comments?post=8538"}],"version-history":[{"count":2,"href":"https:\/\/activat9-cp344.wordpresstemporal.com\/observatorio_igualdad_y_empleo\/wp-json\/wp\/v2\/posts\/8538\/revisions"}],"predecessor-version":[{"id":10690,"href":"https:\/\/activat9-cp344.wordpresstemporal.com\/observatorio_igualdad_y_empleo\/wp-json\/wp\/v2\/posts\/8538\/revisions\/10690"}],"wp:attachment":[{"href":"https:\/\/activat9-cp344.wordpresstemporal.com\/observatorio_igualdad_y_empleo\/wp-json\/wp\/v2\/media?parent=8538"}],"wp:term":[{"taxonomy":"category","embeddable":true,"href":"https:\/\/activat9-cp344.wordpresstemporal.com\/observatorio_igualdad_y_empleo\/wp-json\/wp\/v2\/categories?post=8538"},{"taxonomy":"post_tag","embeddable":true,"href":"https:\/\/activat9-cp344.wordpresstemporal.com\/observatorio_igualdad_y_empleo\/wp-json\/wp\/v2\/tags?post=8538"}],"curies":[{"name":"wp","href":"https:\/\/api.w.org\/{rel}","templated":true}]}}