{"id":8574,"date":"2019-03-15T10:00:41","date_gmt":"2019-03-15T09:00:41","guid":{"rendered":"https:\/\/observatorioigualdadyempleo.es\/?p=8574"},"modified":"2020-03-10T16:36:56","modified_gmt":"2020-03-10T15:36:56","slug":"feria-de-la-mujer-emprendedora-en-leon","status":"publish","type":"post","link":"https:\/\/activat9-cp344.wordpresstemporal.com\/observatorio_igualdad_y_empleo\/feria-de-la-mujer-emprendedora-en-leon\/","title":{"rendered":"Feria de la Mujer Emprendedora en Le\u00f3n"},"content":{"rendered":"<p>La <strong>Feria de la Mujer Emprendedora<\/strong> celebrada este mes en Le\u00f3n busca promover y celebrar los <strong>proyectos empresariales de las mujeres de la regi\u00f3n<\/strong>.<\/p>\n<p>Este a\u00f1o, el evento cont\u00f3 con la participaci\u00f3n de Antonio Silv\u00e1n, alcalde de Le\u00f3n, Julio C\u00e9sar \u00c1lvarez, presidente del C\u00edrculo Empresarial Leon\u00e9s (CEL), Manuela Gonz\u00e1lez, vicepresidenta del CEL, Marta Mej\u00edas, concejala de Igualdad y Aurora Baza, concejala de Servicios Sociales.<\/p>\n<p>Se han destacado <strong>26 proyectos empresariales impulsados por mujeres empresarias<\/strong>.<\/p>\n<p>Para conocer m\u00e1s informaci\u00f3n sobre el evento, puedes consultar el siguiente <a href=\"https:\/\/www.ileon.com\/actualidad\/095314\/arranca-la-feria-de-la-mujer-emprendedora-en-leon-con-26-proyectos-empresariales\" target=\"_blank\" rel=\"noopener noreferrer\">enlace<\/a>.<\/p>\n<p>En el <strong>Observatorio de Igualdad y Empleo<\/strong> podr\u00e1s acceder a noticias, estudios e informes donde podr\u00e1s encontrar m\u00e1s informaci\u00f3n sobre la situaci\u00f3n de las mujeres en Castilla y Le\u00f3n, a trav\u00e9s del siguiente <a href=\"https:\/\/observatorioigualdadyempleo.es\/search\/Castilla+y+Le%C3%B3n\" target=\"_blank\" rel=\"noopener noreferrer\">enlace<\/a>. El\u00a0<strong>Observatorio de Igualdad y Empleo<\/strong>\u00a0es una\u00a0acci\u00f3n de divulgaci\u00f3n que forma parte del proyecto\u00a0<a href=\"https:\/\/observatorioigualdadyempleo.es\/proyecto-dana\/\" target=\"_blank\" rel=\"noopener noreferrer\">DANA<\/a>, financiado por el\u00a0<a href=\"https:\/\/ec.europa.eu\/social\/main.jsp?langId=es&amp;catId=325\" target=\"_blank\" rel=\"noopener noreferrer\">Fondo Social Europeo.<\/a><\/p>\n","protected":false},"excerpt":{"rendered":"<p>La Feria de la Mujer Emprendedora celebrada este mes en Le\u00f3n busca promover y celebrar los proyectos empresariales de las mujeres de la regi\u00f3n. Este a\u00f1o, el evento cont\u00f3 con la participaci\u00f3n de Antonio Silv\u00e1n, alcalde de Le\u00f3n, Julio C\u00e9sar<span class=\"excerpt-hellip\"> [\u2026]<\/span><\/p>\n","protected":false},"author":1,"featured_media":0,"comment_status":"closed","ping_status":"open","sticky":false,"template":"","format":"standard","meta":{"footnotes":""},"categories":[183],"tags":[195,154,47,38],"class_list":["post-8574","post","type-post","status-publish","format-standard","hentry","category-emprendimiento","tag-195","tag-castilla-y-leon","tag-empresa","tag-igualdad-de-oportunidades"],"yoast_head":"<!-- This site is optimized with the Yoast SEO plugin v27.5 - https:\/\/yoast.com\/product\/yoast-seo-wordpress\/ -->\n<title>Feria de la Mujer Emprendedora en Le\u00f3n - Observatorio de Igualdad y Empleo<\/title>\n<meta name=\"robots\" content=\"index, follow, max-snippet:-1, max-image-preview:large, max-video-preview:-1\" \/>\n<link rel=\"canonical\" href=\"https:\/\/activat9-cp344.wordpresstemporal.com\/observatorio_igualdad_y_empleo\/feria-de-la-mujer-emprendedora-en-leon\/\" \/>\n<meta property=\"og:locale\" content=\"es_ES\" \/>\n<meta property=\"og:type\" content=\"article\" \/>\n<meta property=\"og:title\" content=\"Feria de la Mujer Emprendedora en Le\u00f3n - Observatorio de Igualdad y Empleo\" \/>\n<meta property=\"og:description\" content=\"La Feria de la Mujer Emprendedora celebrada este mes en Le\u00f3n busca promover y celebrar los proyectos empresariales de las mujeres de la regi\u00f3n. Este a\u00f1o, el evento cont\u00f3 con la participaci\u00f3n de Antonio Silv\u00e1n, alcalde de Le\u00f3n, Julio C\u00e9sar [\u2026]\" \/>\n<meta property=\"og:url\" content=\"https:\/\/activat9-cp344.wordpresstemporal.com\/observatorio_igualdad_y_empleo\/feria-de-la-mujer-emprendedora-en-leon\/\" \/>\n<meta property=\"og:site_name\" content=\"Observatorio de Igualdad y Empleo\" \/>\n<meta property=\"article:publisher\" content=\"https:\/\/www.facebook.com\/fundacionmujeres\" \/>\n<meta property=\"article:published_time\" content=\"2019-03-15T09:00:41+00:00\" \/>\n<meta property=\"article:modified_time\" content=\"2020-03-10T15:36:56+00:00\" \/>\n<meta property=\"og:image\" content=\"https:\/\/activat9-cp344.wordpresstemporal.com\/observatorio_igualdad_y_empleo\/wp-content\/uploads\/2017\/12\/icono-web.png\" \/>\n\t<meta property=\"og:image:width\" content=\"512\" \/>\n\t<meta property=\"og:image:height\" content=\"512\" \/>\n\t<meta property=\"og:image:type\" content=\"image\/png\" \/>\n<meta name=\"author\" content=\"adminigemp\" \/>\n<meta name=\"twitter:card\" content=\"summary_large_image\" \/>\n<meta name=\"twitter:creator\" content=\"@fmujeres\" \/>\n<meta name=\"twitter:site\" content=\"@fmujeres\" \/>\n<meta name=\"twitter:label1\" content=\"Escrito por\" \/>\n\t<meta name=\"twitter:data1\" content=\"adminigemp\" \/>\n\t<meta name=\"twitter:label2\" content=\"Tiempo de lectura\" \/>\n\t<meta name=\"twitter:data2\" content=\"1 minuto\" \/>\n<script type=\"application\/ld+json\" class=\"yoast-schema-graph\">{\"@context\":\"https:\\\/\\\/schema.org\",\"@graph\":[{\"@type\":\"Article\",\"@id\":\"https:\\\/\\\/activat9-cp344.wordpresstemporal.com\\\/observatorio_igualdad_y_empleo\\\/feria-de-la-mujer-emprendedora-en-leon\\\/#article\",\"isPartOf\":{\"@id\":\"https:\\\/\\\/activat9-cp344.wordpresstemporal.com\\\/observatorio_igualdad_y_empleo\\\/feria-de-la-mujer-emprendedora-en-leon\\\/\"},\"author\":{\"name\":\"adminigemp\",\"@id\":\"https:\\\/\\\/observatorioigualdadyempleo.es\\\/#\\\/schema\\\/person\\\/041ae622a50c0db746d7ed6e688d6141\"},\"headline\":\"Feria de la Mujer Emprendedora en Le\u00f3n\",\"datePublished\":\"2019-03-15T09:00:41+00:00\",\"dateModified\":\"2020-03-10T15:36:56+00:00\",\"mainEntityOfPage\":{\"@id\":\"https:\\\/\\\/activat9-cp344.wordpresstemporal.com\\\/observatorio_igualdad_y_empleo\\\/feria-de-la-mujer-emprendedora-en-leon\\\/\"},\"wordCount\":172,\"keywords\":[\"2019\",\"Castilla y Le\u00f3n\",\"Empresa\",\"Igualdad de Oportunidades\"],\"articleSection\":[\"Emprendimiento\"],\"inLanguage\":\"es\"},{\"@type\":\"WebPage\",\"@id\":\"https:\\\/\\\/activat9-cp344.wordpresstemporal.com\\\/observatorio_igualdad_y_empleo\\\/feria-de-la-mujer-emprendedora-en-leon\\\/\",\"url\":\"https:\\\/\\\/activat9-cp344.wordpresstemporal.com\\\/observatorio_igualdad_y_empleo\\\/feria-de-la-mujer-emprendedora-en-leon\\\/\",\"name\":\"Feria de la Mujer Emprendedora en Le\u00f3n - Observatorio de Igualdad y Empleo\",\"isPartOf\":{\"@id\":\"https:\\\/\\\/observatorioigualdadyempleo.es\\\/#website\"},\"datePublished\":\"2019-03-15T09:00:41+00:00\",\"dateModified\":\"2020-03-10T15:36:56+00:00\",\"author\":{\"@id\":\"https:\\\/\\\/observatorioigualdadyempleo.es\\\/#\\\/schema\\\/person\\\/041ae622a50c0db746d7ed6e688d6141\"},\"breadcrumb\":{\"@id\":\"https:\\\/\\\/activat9-cp344.wordpresstemporal.com\\\/observatorio_igualdad_y_empleo\\\/feria-de-la-mujer-emprendedora-en-leon\\\/#breadcrumb\"},\"inLanguage\":\"es\",\"potentialAction\":[{\"@type\":\"ReadAction\",\"target\":[\"https:\\\/\\\/activat9-cp344.wordpresstemporal.com\\\/observatorio_igualdad_y_empleo\\\/feria-de-la-mujer-emprendedora-en-leon\\\/\"]}]},{\"@type\":\"BreadcrumbList\",\"@id\":\"https:\\\/\\\/activat9-cp344.wordpresstemporal.com\\\/observatorio_igualdad_y_empleo\\\/feria-de-la-mujer-emprendedora-en-leon\\\/#breadcrumb\",\"itemListElement\":[{\"@type\":\"ListItem\",\"position\":1,\"name\":\"Portada\",\"item\":\"https:\\\/\\\/observatorioigualdadyempleo.es\\\/\"},{\"@type\":\"ListItem\",\"position\":2,\"name\":\"Feria de la Mujer Emprendedora en Le\u00f3n\"}]},{\"@type\":\"WebSite\",\"@id\":\"https:\\\/\\\/observatorioigualdadyempleo.es\\\/#website\",\"url\":\"https:\\\/\\\/observatorioigualdadyempleo.es\\\/\",\"name\":\"Observatorio de Igualdad y Empleo\",\"description\":\"Recopilatorio de conocimiento sobre igualdad  y empleo\",\"potentialAction\":[{\"@type\":\"SearchAction\",\"target\":{\"@type\":\"EntryPoint\",\"urlTemplate\":\"https:\\\/\\\/observatorioigualdadyempleo.es\\\/?s={search_term_string}\"},\"query-input\":{\"@type\":\"PropertyValueSpecification\",\"valueRequired\":true,\"valueName\":\"search_term_string\"}}],\"inLanguage\":\"es\"},{\"@type\":\"Person\",\"@id\":\"https:\\\/\\\/observatorioigualdadyempleo.es\\\/#\\\/schema\\\/person\\\/041ae622a50c0db746d7ed6e688d6141\",\"name\":\"adminigemp\",\"image\":{\"@type\":\"ImageObject\",\"inLanguage\":\"es\",\"@id\":\"https:\\\/\\\/secure.gravatar.com\\\/avatar\\\/cf076103850650f3e444b8c4446ee6f3f1efb3d7395463e7b84e7cbe4c8ec390?s=96&d=mm&r=g\",\"url\":\"https:\\\/\\\/secure.gravatar.com\\\/avatar\\\/cf076103850650f3e444b8c4446ee6f3f1efb3d7395463e7b84e7cbe4c8ec390?s=96&d=mm&r=g\",\"contentUrl\":\"https:\\\/\\\/secure.gravatar.com\\\/avatar\\\/cf076103850650f3e444b8c4446ee6f3f1efb3d7395463e7b84e7cbe4c8ec390?s=96&d=mm&r=g\",\"caption\":\"adminigemp\"},\"url\":\"https:\\\/\\\/activat9-cp344.wordpresstemporal.com\\\/observatorio_igualdad_y_empleo\\\/author\\\/adminigemp\\\/\"}]}<\/script>\n<!-- \/ Yoast SEO plugin. -->","yoast_head_json":{"title":"Feria de la Mujer Emprendedora en Le\u00f3n - Observatorio de Igualdad y Empleo","robots":{"index":"index","follow":"follow","max-snippet":"max-snippet:-1","max-image-preview":"max-image-preview:large","max-video-preview":"max-video-preview:-1"},"canonical":"https:\/\/activat9-cp344.wordpresstemporal.com\/observatorio_igualdad_y_empleo\/feria-de-la-mujer-emprendedora-en-leon\/","og_locale":"es_ES","og_type":"article","og_title":"Feria de la Mujer Emprendedora en Le\u00f3n - Observatorio de Igualdad y Empleo","og_description":"La Feria de la Mujer Emprendedora celebrada este mes en Le\u00f3n busca promover y celebrar los proyectos empresariales de las mujeres de la regi\u00f3n. Este a\u00f1o, el evento cont\u00f3 con la participaci\u00f3n de Antonio Silv\u00e1n, alcalde de Le\u00f3n, Julio C\u00e9sar [\u2026]","og_url":"https:\/\/activat9-cp344.wordpresstemporal.com\/observatorio_igualdad_y_empleo\/feria-de-la-mujer-emprendedora-en-leon\/","og_site_name":"Observatorio de Igualdad y Empleo","article_publisher":"https:\/\/www.facebook.com\/fundacionmujeres","article_published_time":"2019-03-15T09:00:41+00:00","article_modified_time":"2020-03-10T15:36:56+00:00","og_image":[{"width":512,"height":512,"url":"https:\/\/activat9-cp344.wordpresstemporal.com\/observatorio_igualdad_y_empleo\/wp-content\/uploads\/2017\/12\/icono-web.png","type":"image\/png"}],"author":"adminigemp","twitter_card":"summary_large_image","twitter_creator":"@fmujeres","twitter_site":"@fmujeres","twitter_misc":{"Escrito por":"adminigemp","Tiempo de lectura":"1 minuto"},"schema":{"@context":"https:\/\/schema.org","@graph":[{"@type":"Article","@id":"https:\/\/activat9-cp344.wordpresstemporal.com\/observatorio_igualdad_y_empleo\/feria-de-la-mujer-emprendedora-en-leon\/#article","isPartOf":{"@id":"https:\/\/activat9-cp344.wordpresstemporal.com\/observatorio_igualdad_y_empleo\/feria-de-la-mujer-emprendedora-en-leon\/"},"author":{"name":"adminigemp","@id":"https:\/\/observatorioigualdadyempleo.es\/#\/schema\/person\/041ae622a50c0db746d7ed6e688d6141"},"headline":"Feria de la Mujer Emprendedora en Le\u00f3n","datePublished":"2019-03-15T09:00:41+00:00","dateModified":"2020-03-10T15:36:56+00:00","mainEntityOfPage":{"@id":"https:\/\/activat9-cp344.wordpresstemporal.com\/observatorio_igualdad_y_empleo\/feria-de-la-mujer-emprendedora-en-leon\/"},"wordCount":172,"keywords":["2019","Castilla y Le\u00f3n","Empresa","Igualdad de Oportunidades"],"articleSection":["Emprendimiento"],"inLanguage":"es"},{"@type":"WebPage","@id":"https:\/\/activat9-cp344.wordpresstemporal.com\/observatorio_igualdad_y_empleo\/feria-de-la-mujer-emprendedora-en-leon\/","url":"https:\/\/activat9-cp344.wordpresstemporal.com\/observatorio_igualdad_y_empleo\/feria-de-la-mujer-emprendedora-en-leon\/","name":"Feria de la Mujer Emprendedora en Le\u00f3n - Observatorio de Igualdad y Empleo","isPartOf":{"@id":"https:\/\/observatorioigualdadyempleo.es\/#website"},"datePublished":"2019-03-15T09:00:41+00:00","dateModified":"2020-03-10T15:36:56+00:00","author":{"@id":"https:\/\/observatorioigualdadyempleo.es\/#\/schema\/person\/041ae622a50c0db746d7ed6e688d6141"},"breadcrumb":{"@id":"https:\/\/activat9-cp344.wordpresstemporal.com\/observatorio_igualdad_y_empleo\/feria-de-la-mujer-emprendedora-en-leon\/#breadcrumb"},"inLanguage":"es","potentialAction":[{"@type":"ReadAction","target":["https:\/\/activat9-cp344.wordpresstemporal.com\/observatorio_igualdad_y_empleo\/feria-de-la-mujer-emprendedora-en-leon\/"]}]},{"@type":"BreadcrumbList","@id":"https:\/\/activat9-cp344.wordpresstemporal.com\/observatorio_igualdad_y_empleo\/feria-de-la-mujer-emprendedora-en-leon\/#breadcrumb","itemListElement":[{"@type":"ListItem","position":1,"name":"Portada","item":"https:\/\/observatorioigualdadyempleo.es\/"},{"@type":"ListItem","position":2,"name":"Feria de la Mujer Emprendedora en Le\u00f3n"}]},{"@type":"WebSite","@id":"https:\/\/observatorioigualdadyempleo.es\/#website","url":"https:\/\/observatorioigualdadyempleo.es\/","name":"Observatorio de Igualdad y Empleo","description":"Recopilatorio de conocimiento sobre igualdad  y empleo","potentialAction":[{"@type":"SearchAction","target":{"@type":"EntryPoint","urlTemplate":"https:\/\/observatorioigualdadyempleo.es\/?s={search_term_string}"},"query-input":{"@type":"PropertyValueSpecification","valueRequired":true,"valueName":"search_term_string"}}],"inLanguage":"es"},{"@type":"Person","@id":"https:\/\/observatorioigualdadyempleo.es\/#\/schema\/person\/041ae622a50c0db746d7ed6e688d6141","name":"adminigemp","image":{"@type":"ImageObject","inLanguage":"es","@id":"https:\/\/secure.gravatar.com\/avatar\/cf076103850650f3e444b8c4446ee6f3f1efb3d7395463e7b84e7cbe4c8ec390?s=96&d=mm&r=g","url":"https:\/\/secure.gravatar.com\/avatar\/cf076103850650f3e444b8c4446ee6f3f1efb3d7395463e7b84e7cbe4c8ec390?s=96&d=mm&r=g","contentUrl":"https:\/\/secure.gravatar.com\/avatar\/cf076103850650f3e444b8c4446ee6f3f1efb3d7395463e7b84e7cbe4c8ec390?s=96&d=mm&r=g","caption":"adminigemp"},"url":"https:\/\/activat9-cp344.wordpresstemporal.com\/observatorio_igualdad_y_empleo\/author\/adminigemp\/"}]}},"_links":{"self":[{"href":"https:\/\/activat9-cp344.wordpresstemporal.com\/observatorio_igualdad_y_empleo\/wp-json\/wp\/v2\/posts\/8574","targetHints":{"allow":["GET"]}}],"collection":[{"href":"https:\/\/activat9-cp344.wordpresstemporal.com\/observatorio_igualdad_y_empleo\/wp-json\/wp\/v2\/posts"}],"about":[{"href":"https:\/\/activat9-cp344.wordpresstemporal.com\/observatorio_igualdad_y_empleo\/wp-json\/wp\/v2\/types\/post"}],"author":[{"embeddable":true,"href":"https:\/\/activat9-cp344.wordpresstemporal.com\/observatorio_igualdad_y_empleo\/wp-json\/wp\/v2\/users\/1"}],"replies":[{"embeddable":true,"href":"https:\/\/activat9-cp344.wordpresstemporal.com\/observatorio_igualdad_y_empleo\/wp-json\/wp\/v2\/comments?post=8574"}],"version-history":[{"count":2,"href":"https:\/\/activat9-cp344.wordpresstemporal.com\/observatorio_igualdad_y_empleo\/wp-json\/wp\/v2\/posts\/8574\/revisions"}],"predecessor-version":[{"id":10697,"href":"https:\/\/activat9-cp344.wordpresstemporal.com\/observatorio_igualdad_y_empleo\/wp-json\/wp\/v2\/posts\/8574\/revisions\/10697"}],"wp:attachment":[{"href":"https:\/\/activat9-cp344.wordpresstemporal.com\/observatorio_igualdad_y_empleo\/wp-json\/wp\/v2\/media?parent=8574"}],"wp:term":[{"taxonomy":"category","embeddable":true,"href":"https:\/\/activat9-cp344.wordpresstemporal.com\/observatorio_igualdad_y_empleo\/wp-json\/wp\/v2\/categories?post=8574"},{"taxonomy":"post_tag","embeddable":true,"href":"https:\/\/activat9-cp344.wordpresstemporal.com\/observatorio_igualdad_y_empleo\/wp-json\/wp\/v2\/tags?post=8574"}],"curies":[{"name":"wp","href":"https:\/\/api.w.org\/{rel}","templated":true}]}}