{"id":8594,"date":"2019-03-19T10:42:52","date_gmt":"2019-03-19T09:42:52","guid":{"rendered":"https:\/\/observatorioigualdadyempleo.es\/?p=8594"},"modified":"2020-03-10T16:38:29","modified_gmt":"2020-03-10T15:38:29","slug":"diferencias-de-genero-relacionadas-con-el-trabajo","status":"publish","type":"post","link":"https:\/\/activat9-cp344.wordpresstemporal.com\/observatorio_igualdad_y_empleo\/diferencias-de-genero-relacionadas-con-el-trabajo\/","title":{"rendered":"Diferencias de g\u00e9nero relacionadas con el trabajo"},"content":{"rendered":"<h3 class=\"long-title\" lang=\"es\" style=\"text-align: center;\">Las diferencias de g\u00e9nero relacionadas con el trabajo persisten, pero las soluciones son evidentes, se\u00f1ala un nuevo informe de la OIT<\/h3>\n<p><em>Las diferencias de g\u00e9nero relacionadas con el trabajo no han experimentado una mejora significativa durante 20 a\u00f1os, pero un nuevo informe de la OIT afirma que el camino del progreso es claro.<\/em><\/p>\n<p>7 de marzo, 2019<\/p>\n<p>GINEBRA (OIT Noticias) \u2013 Un\u00a0<a href=\"https:\/\/www.ilo.org\/global\/topics\/future-of-work\/lang--es\/index.htm\" target=\"\" rel=\"noopener noreferrer\">futuro del trabajo\u00a0<\/a>\u00a0en el cual las mujeres ya no est\u00e9n rezagadas con respecto a los hombres puede ser una realidad, pero es necesario dar un gran salto, no solo t\u00edmidos pasos graduales, seg\u00fan un nuevo informe de la Organizaci\u00f3n Internacional del Trabajo (OIT) que ser\u00e1 publicado en el\u00a0<a href=\"https:\/\/www.ilo.org\/global\/topics\/equality-and-discrimination\/gender-equality\/WCMS_672992\/lang--es\/index.htm\" target=\"\" rel=\"noopener noreferrer\">D\u00eda Internacional de la Mujer\u00a0<\/a>\u00a0el 8 de marzo.<\/p>\n<p>\u201cTenemos que hacerlo realidad, y el informe\u00a0<em><a href=\"https:\/\/www.ilo.org\/global\/publications\/books\/WCMS_674751\/lang--es\/index.htm\" target=\"\" rel=\"noopener noreferrer\">Un paso decisivo hacia la igualdad de g\u00e9nero: En pos de un mejor futuro del trabajo para todos\u00a0<\/a><\/em>, nos indica el camino a seguir\u201d, afirm\u00f3 Manuela Tomei, Directora del Departamento Condiciones de Trabajo e Igualdad de la OIT.<\/p>\n<p>El informe es fruto de cinco a\u00f1os de trabajo en el marco de la\u00a0<a href=\"https:\/\/www.ilo.org\/global\/about-the-ilo\/history\/centenary\/WCMS_502362\/lang--es\/index.htm\" target=\"\" rel=\"noopener noreferrer\">Iniciativa del centenario relacionado con las mujeres en el trabajo\u00a0<\/a>.<\/p>\n<p>El informe muestra que en los \u00faltimos cinco a\u00f1os, la diferencia entre las tasas de empleo de los hombres y las mujeres ha disminuido menos de dos puntos porcentuales. En 2018, las mujeres ten\u00edan 26 puntos porcentuales menos de probabilidad de trabajar que los hombres. Esto contrasta con las conclusiones de un\u00a0<a href=\"https:\/\/www.ilo.org\/global\/about-the-ilo\/newsroom\/news\/WCMS_546281\/lang--es\/index.htm\" target=\"\" rel=\"noopener noreferrer\">informe mundial Gallup-OIT de 2017\u00a0<\/a>\u00a0sobre las preferencias de las mujeres y de los hombres en la participaci\u00f3n de las mujeres en el empleo asalariado, el cual constat\u00f3 que 70 por ciento de las mujeres prefieren tener un empleo en vez que quedarse en la casa y que los hombres est\u00e1n de acuerdo con ellas.<\/p>\n<p>Adem\u00e1s, entre 2005 y 2015, \u201cla penalizaci\u00f3n profesional de la maternidad\u201d, la diferencia entre la proporci\u00f3n de mujeres adultas con hijos menores de seis a\u00f1os que trabajan frente a las mujeres sin hijos, aument\u00f3 significativamente, en un 38 por ciento.<\/p>\n<p>Por otra parte, las mujeres siguen estando poco representadas en los puestos m\u00e1s altos, una situaci\u00f3n que ha cambiado muy poco a lo largo de los \u00faltimos 30 a\u00f1os. Menos de una tercera parte de los directivos son mujeres, a pesar de que suelen tener un nivel de educaci\u00f3n m\u00e1s alto que sus colegas hombres. El informe muestra que, en general, la educaci\u00f3n no es la causa principal de tasas de empleo m\u00e1s bajas y salarios inferiores de las mujeres, pero m\u00e1s bien que las mujeres no reciben los mismos dividendos de la educaci\u00f3n que los hombres.<\/p>\n<p>Existe adem\u00e1s una \u201cpenalizaci\u00f3n de la maternidad en t\u00e9rminos de liderazgo\u201d, solo 25 por ciento de los gerentes con hijos menores de seis a\u00f1os son mujeres. La proporci\u00f3n de mujeres en cargos directivos aumenta a 31 por ciento cuando no tienen hijos peque\u00f1os.<\/p>\n<p>La diferencia de remuneraci\u00f3n entre hombres y mujeres permanece en un 20 por ciento a nivel mundial. Las madres experimentan una \u2018penalizaci\u00f3n salarial relacionada con la maternidad\u2019 que las perjudica a lo largo de su vida laboral, mientras que los padres se benefician de una prima salarial.<\/p>\n<p>\u201cDiversos factores obstaculizan la igualdad en el empleo, y el que desempe\u00f1a el papel m\u00e1s importante es el cuidado de los ni\u00f1os\u201d, se\u00f1al\u00f3 Manuela Tomei. \u201cEn los \u00faltimos 20 a\u00f1os la cantidad de tiempo que las mujeres dedican al cuidado y al trabajo dom\u00e9stico no remunerado apenas ha disminuido, y el tiempo que le dedican los hombres ha aumentado solo en ocho minutos al d\u00eda. A este ritmo, ser\u00e1n necesarios m\u00e1s de 200 a\u00f1os para alcanzar la igualdad en el tiempo dedicado al trabajo de cuidado no remunerado.\u201d El informe presenta las leyes y las pr\u00e1cticas que est\u00e1n cambiando esta din\u00e1mica, para una distribuci\u00f3n equitativa del cuidado dentro de la familia, y entre la familia y el Estado. \u201cCuando los hombres comparten el trabajo de cuidado no remunerado de manera m\u00e1s equitativa, encontramos un mayor n\u00famero de mujeres en cargos directivos\u201d, agreg\u00f3 Manuela Tomei, al destacar el papel que pueden desempe\u00f1ar los hombres en la creaci\u00f3n de un mundo de trabajo m\u00e1s igualitario.<\/p>\n<p>El informe incluye adem\u00e1s conclusiones derivadas de datos en \u201ctiempo real\u201d recopilados por la red profesional LinkedIn en m\u00e1s de cinco pa\u00edses, que abarcan 22 por ciento de la poblaci\u00f3n empleada en el mundo en tres regiones diferentes. Esta colaboraci\u00f3n entre la OIT y LinkedIn permiti\u00f3 constatar que las mujeres que poseen competencias digitales \u2013 en la actualidad un requisito para los empleos asalariados m\u00e1s solicitados y mejor pagados en las ciencias, la tecnolog\u00eda, la ingenier\u00eda y las matem\u00e1ticas \u2013 representan solo entre una tercera y cuarta parte de los miembros de LinkedIn con esas competencias. Sin embargo, tambi\u00e9n revel\u00f3 que las mujeres que llegan a cargos de direcci\u00f3n lo hacen m\u00e1s r\u00e1pido, m\u00e1s de un a\u00f1o antes que sus colegas hombres.<\/p>\n<p>El informe Un paso decisivo muestra que alcanzar la igualdad de g\u00e9nero implica un cambio de las pol\u00edticas y las acciones en una serie de \u00e1mbitos que se refuerzan mutuamente, e indica medidas que pueden llevar hacia un programa de transformaci\u00f3n cuantificable a favor de la igualdad entre hombres y mujeres. El camino de respeto de los derechos es la base para un mundo del trabajo m\u00e1s equitativo, y abarca el derecho a la igualdad de oportunidades, el derecho a estar protegidos contra la discriminaci\u00f3n, la violencia y el acoso, y el derecho a un salario igual por un trabajo de igual valor.<\/p>\n<p>Adem\u00e1s, el informe recomienda vivamente un futuro del trabajo donde todos podamos dedicar m\u00e1s atenci\u00f3n a los otros, con tiempo para el cuidado y pol\u00edticas y estructuras de cuidado inclusivas. Un futuro del trabajo m\u00e1s solidario tambi\u00e9n significar\u00e1 una importante fuente de empleo. La necesidad de la protecci\u00f3n social universal y un s\u00f3lido marco econ\u00f3mico tambi\u00e9n es abordada. Al considerar las grandes transformaciones en curso a nivel mundial \u2013 tecnol\u00f3gica, demogr\u00e1fica y clim\u00e1tica \u2013 el informe insta a desplegar mayores esfuerzos para movilizar y apoyar a las mujeres durante los per\u00edodos de transici\u00f3n en el trabajo. Tambi\u00e9n ser\u00e1 necesario mejorar la participaci\u00f3n y la representaci\u00f3n de las mujeres a fin de garantizar que todos los otros caminos sean verdaderamente eficaces.<\/p>\n<p>\u201cSolo lograremos el futuro del trabajo con justicia social que necesitamos cuando aceleremos la toma de medidas para mejorar el progreso en la igualdad de g\u00e9nero en el trabajo. Ya sabemos lo que hay que hacer\u201d, afirm\u00f3 el Director General de la OIT, Guy Ryder. \u201cNecesitamos implementar una agenda transformadora que incluya el cumplimiento de leyes y normas, que quiz\u00e1s tendremos que revisar, respaldadas por la inversi\u00f3n en servicios que establezcan condiciones de igualdad para las mujeres, como cuidado y protecci\u00f3n social, y un enfoque m\u00e1s flexible tanto para las horas de trabajo como para las carreras profesionales. Tambi\u00e9n existe el continuo desaf\u00edo del cambio de actitud. M\u00e1s que nada, necesitamos un cambio en las actitudes hacia las mujeres que se unen a la fuerza laboral y hacia el lugar que ocupan en ella.\u00bb<\/p>\n<p>\u201cSabemos ahora mucho m\u00e1s sobre las diferencias de g\u00e9nero y los factores que las generan, y lo que es necesario hacer para lograr progresos m\u00e1s significativos en materia de igualdad de g\u00e9nero en el mundo del trabajo; el camino est\u00e1 trazado\u201d, declar\u00f3 Shauna Olney, Jefa del Servicio de G\u00e9nero, Igualdad y Diversidad de la OIT y de OITSIDA. \u201cCon determinaci\u00f3n y decisiones valientes, podemos dar un paso decisivo, de manera que el futuro del trabajo no refuerce las desigualdades del pasado. Esto beneficiar\u00e1 todos.\u201d<\/p>\n<p>Ver noticia en\u00a0<a href=\"https:\/\/www.ilo.org\/global\/about-the-ilo\/newsroom\/news\/WCMS_674833\/lang--es\/index.htm\" target=\"_blank\" rel=\"noopener noreferrer\">fuente original.<\/a><\/p>\n<p>Para m\u00e1s informaci\u00f3n, puedes consultar el siguiente enlace:<\/p>\n<ul>\n<li><a href=\"https:\/\/www.ilo.org\/global\/lang--es\/index.htm\" target=\"_blank\" rel=\"noopener noreferrer\">Organizaci\u00f3n Internacional del Trabajo<\/a><\/li>\n<\/ul>\n<p>El\u00a0<strong>Observatorio de Igualdad y Empleo<\/strong>\u00a0es una\u00a0acci\u00f3n de divulgaci\u00f3n que forma parte del proyecto\u00a0<a href=\"https:\/\/observatorioigualdadyempleo.es\/proyecto-dana\/\" target=\"_blank\" rel=\"noopener noreferrer\">DANA<\/a>, financiado por el\u00a0<a href=\"https:\/\/ec.europa.eu\/social\/main.jsp?langId=es&amp;catId=325\" target=\"_blank\" rel=\"noopener noreferrer\">Fondo Social Europeo.<\/a><\/p>\n","protected":false},"excerpt":{"rendered":"<p>Las diferencias de g\u00e9nero relacionadas con el trabajo persisten, pero las soluciones son evidentes, se\u00f1ala un nuevo informe de la OIT Las diferencias de g\u00e9nero relacionadas con el trabajo no han experimentado una mejora significativa durante 20 a\u00f1os, pero un<span class=\"excerpt-hellip\"> [\u2026]<\/span><\/p>\n","protected":false},"author":1,"featured_media":0,"comment_status":"closed","ping_status":"open","sticky":false,"template":"","format":"standard","meta":{"footnotes":""},"categories":[181],"tags":[195,55,38,172,68],"class_list":["post-8594","post","type-post","status-publish","format-standard","hentry","category-empleo","tag-195","tag-empleo","tag-igualdad-de-oportunidades","tag-internacional","tag-oit"],"yoast_head":"<!-- This site is optimized with the Yoast SEO plugin v27.5 - https:\/\/yoast.com\/product\/yoast-seo-wordpress\/ -->\n<title>Diferencias de g\u00e9nero relacionadas con el trabajo - Observatorio de Igualdad y Empleo<\/title>\n<meta name=\"robots\" content=\"index, follow, max-snippet:-1, max-image-preview:large, max-video-preview:-1\" \/>\n<link rel=\"canonical\" href=\"https:\/\/observatorioigualdadyempleo.es\/diferencias-de-genero-relacionadas-con-el-trabajo\/\" \/>\n<meta property=\"og:locale\" content=\"es_ES\" \/>\n<meta property=\"og:type\" content=\"article\" \/>\n<meta property=\"og:title\" content=\"Diferencias de g\u00e9nero relacionadas con el trabajo - Observatorio de Igualdad y Empleo\" \/>\n<meta property=\"og:description\" content=\"Las diferencias de g\u00e9nero relacionadas con el trabajo persisten, pero las soluciones son evidentes, se\u00f1ala un nuevo informe de la OIT Las diferencias de g\u00e9nero relacionadas con el trabajo no han experimentado una mejora significativa durante 20 a\u00f1os, pero un [\u2026]\" \/>\n<meta property=\"og:url\" content=\"https:\/\/observatorioigualdadyempleo.es\/diferencias-de-genero-relacionadas-con-el-trabajo\/\" \/>\n<meta property=\"og:site_name\" content=\"Observatorio de Igualdad y Empleo\" \/>\n<meta property=\"article:publisher\" content=\"https:\/\/www.facebook.com\/fundacionmujeres\" \/>\n<meta property=\"article:published_time\" content=\"2019-03-19T09:42:52+00:00\" \/>\n<meta property=\"article:modified_time\" content=\"2020-03-10T15:38:29+00:00\" \/>\n<meta property=\"og:image\" content=\"https:\/\/activat9-cp344.wordpresstemporal.com\/observatorio_igualdad_y_empleo\/wp-content\/uploads\/2017\/12\/icono-web.png\" \/>\n\t<meta property=\"og:image:width\" content=\"512\" \/>\n\t<meta property=\"og:image:height\" content=\"512\" \/>\n\t<meta property=\"og:image:type\" content=\"image\/png\" \/>\n<meta name=\"author\" content=\"adminigemp\" \/>\n<meta name=\"twitter:card\" content=\"summary_large_image\" \/>\n<meta name=\"twitter:creator\" content=\"@fmujeres\" \/>\n<meta name=\"twitter:site\" content=\"@fmujeres\" \/>\n<meta name=\"twitter:label1\" content=\"Escrito por\" \/>\n\t<meta name=\"twitter:data1\" content=\"adminigemp\" \/>\n\t<meta name=\"twitter:label2\" content=\"Tiempo de lectura\" \/>\n\t<meta name=\"twitter:data2\" content=\"7 minutos\" \/>\n<script type=\"application\/ld+json\" class=\"yoast-schema-graph\">{\"@context\":\"https:\\\/\\\/schema.org\",\"@graph\":[{\"@type\":\"Article\",\"@id\":\"https:\\\/\\\/observatorioigualdadyempleo.es\\\/diferencias-de-genero-relacionadas-con-el-trabajo\\\/#article\",\"isPartOf\":{\"@id\":\"https:\\\/\\\/observatorioigualdadyempleo.es\\\/diferencias-de-genero-relacionadas-con-el-trabajo\\\/\"},\"author\":{\"name\":\"adminigemp\",\"@id\":\"https:\\\/\\\/observatorioigualdadyempleo.es\\\/#\\\/schema\\\/person\\\/041ae622a50c0db746d7ed6e688d6141\"},\"headline\":\"Diferencias de g\u00e9nero relacionadas con el trabajo\",\"datePublished\":\"2019-03-19T09:42:52+00:00\",\"dateModified\":\"2020-03-10T15:38:29+00:00\",\"mainEntityOfPage\":{\"@id\":\"https:\\\/\\\/observatorioigualdadyempleo.es\\\/diferencias-de-genero-relacionadas-con-el-trabajo\\\/\"},\"wordCount\":1386,\"keywords\":[\"2019\",\"Empleo\",\"Igualdad de Oportunidades\",\"Internacional\",\"OIT\"],\"articleSection\":[\"Empleo\"],\"inLanguage\":\"es\"},{\"@type\":\"WebPage\",\"@id\":\"https:\\\/\\\/observatorioigualdadyempleo.es\\\/diferencias-de-genero-relacionadas-con-el-trabajo\\\/\",\"url\":\"https:\\\/\\\/observatorioigualdadyempleo.es\\\/diferencias-de-genero-relacionadas-con-el-trabajo\\\/\",\"name\":\"Diferencias de g\u00e9nero relacionadas con el trabajo - Observatorio de Igualdad y Empleo\",\"isPartOf\":{\"@id\":\"https:\\\/\\\/observatorioigualdadyempleo.es\\\/#website\"},\"datePublished\":\"2019-03-19T09:42:52+00:00\",\"dateModified\":\"2020-03-10T15:38:29+00:00\",\"author\":{\"@id\":\"https:\\\/\\\/observatorioigualdadyempleo.es\\\/#\\\/schema\\\/person\\\/041ae622a50c0db746d7ed6e688d6141\"},\"breadcrumb\":{\"@id\":\"https:\\\/\\\/observatorioigualdadyempleo.es\\\/diferencias-de-genero-relacionadas-con-el-trabajo\\\/#breadcrumb\"},\"inLanguage\":\"es\",\"potentialAction\":[{\"@type\":\"ReadAction\",\"target\":[\"https:\\\/\\\/observatorioigualdadyempleo.es\\\/diferencias-de-genero-relacionadas-con-el-trabajo\\\/\"]}]},{\"@type\":\"BreadcrumbList\",\"@id\":\"https:\\\/\\\/observatorioigualdadyempleo.es\\\/diferencias-de-genero-relacionadas-con-el-trabajo\\\/#breadcrumb\",\"itemListElement\":[{\"@type\":\"ListItem\",\"position\":1,\"name\":\"Portada\",\"item\":\"https:\\\/\\\/observatorioigualdadyempleo.es\\\/\"},{\"@type\":\"ListItem\",\"position\":2,\"name\":\"Diferencias de g\u00e9nero relacionadas con el trabajo\"}]},{\"@type\":\"WebSite\",\"@id\":\"https:\\\/\\\/observatorioigualdadyempleo.es\\\/#website\",\"url\":\"https:\\\/\\\/observatorioigualdadyempleo.es\\\/\",\"name\":\"Observatorio de Igualdad y Empleo\",\"description\":\"Recopilatorio de conocimiento sobre igualdad  y empleo\",\"potentialAction\":[{\"@type\":\"SearchAction\",\"target\":{\"@type\":\"EntryPoint\",\"urlTemplate\":\"https:\\\/\\\/observatorioigualdadyempleo.es\\\/?s={search_term_string}\"},\"query-input\":{\"@type\":\"PropertyValueSpecification\",\"valueRequired\":true,\"valueName\":\"search_term_string\"}}],\"inLanguage\":\"es\"},{\"@type\":\"Person\",\"@id\":\"https:\\\/\\\/observatorioigualdadyempleo.es\\\/#\\\/schema\\\/person\\\/041ae622a50c0db746d7ed6e688d6141\",\"name\":\"adminigemp\",\"image\":{\"@type\":\"ImageObject\",\"inLanguage\":\"es\",\"@id\":\"https:\\\/\\\/secure.gravatar.com\\\/avatar\\\/cf076103850650f3e444b8c4446ee6f3f1efb3d7395463e7b84e7cbe4c8ec390?s=96&d=mm&r=g\",\"url\":\"https:\\\/\\\/secure.gravatar.com\\\/avatar\\\/cf076103850650f3e444b8c4446ee6f3f1efb3d7395463e7b84e7cbe4c8ec390?s=96&d=mm&r=g\",\"contentUrl\":\"https:\\\/\\\/secure.gravatar.com\\\/avatar\\\/cf076103850650f3e444b8c4446ee6f3f1efb3d7395463e7b84e7cbe4c8ec390?s=96&d=mm&r=g\",\"caption\":\"adminigemp\"},\"url\":\"https:\\\/\\\/activat9-cp344.wordpresstemporal.com\\\/observatorio_igualdad_y_empleo\\\/author\\\/adminigemp\\\/\"}]}<\/script>\n<!-- \/ Yoast SEO plugin. -->","yoast_head_json":{"title":"Diferencias de g\u00e9nero relacionadas con el trabajo - Observatorio de Igualdad y Empleo","robots":{"index":"index","follow":"follow","max-snippet":"max-snippet:-1","max-image-preview":"max-image-preview:large","max-video-preview":"max-video-preview:-1"},"canonical":"https:\/\/observatorioigualdadyempleo.es\/diferencias-de-genero-relacionadas-con-el-trabajo\/","og_locale":"es_ES","og_type":"article","og_title":"Diferencias de g\u00e9nero relacionadas con el trabajo - Observatorio de Igualdad y Empleo","og_description":"Las diferencias de g\u00e9nero relacionadas con el trabajo persisten, pero las soluciones son evidentes, se\u00f1ala un nuevo informe de la OIT Las diferencias de g\u00e9nero relacionadas con el trabajo no han experimentado una mejora significativa durante 20 a\u00f1os, pero un [\u2026]","og_url":"https:\/\/observatorioigualdadyempleo.es\/diferencias-de-genero-relacionadas-con-el-trabajo\/","og_site_name":"Observatorio de Igualdad y Empleo","article_publisher":"https:\/\/www.facebook.com\/fundacionmujeres","article_published_time":"2019-03-19T09:42:52+00:00","article_modified_time":"2020-03-10T15:38:29+00:00","og_image":[{"width":512,"height":512,"url":"https:\/\/activat9-cp344.wordpresstemporal.com\/observatorio_igualdad_y_empleo\/wp-content\/uploads\/2017\/12\/icono-web.png","type":"image\/png"}],"author":"adminigemp","twitter_card":"summary_large_image","twitter_creator":"@fmujeres","twitter_site":"@fmujeres","twitter_misc":{"Escrito por":"adminigemp","Tiempo de lectura":"7 minutos"},"schema":{"@context":"https:\/\/schema.org","@graph":[{"@type":"Article","@id":"https:\/\/observatorioigualdadyempleo.es\/diferencias-de-genero-relacionadas-con-el-trabajo\/#article","isPartOf":{"@id":"https:\/\/observatorioigualdadyempleo.es\/diferencias-de-genero-relacionadas-con-el-trabajo\/"},"author":{"name":"adminigemp","@id":"https:\/\/observatorioigualdadyempleo.es\/#\/schema\/person\/041ae622a50c0db746d7ed6e688d6141"},"headline":"Diferencias de g\u00e9nero relacionadas con el trabajo","datePublished":"2019-03-19T09:42:52+00:00","dateModified":"2020-03-10T15:38:29+00:00","mainEntityOfPage":{"@id":"https:\/\/observatorioigualdadyempleo.es\/diferencias-de-genero-relacionadas-con-el-trabajo\/"},"wordCount":1386,"keywords":["2019","Empleo","Igualdad de Oportunidades","Internacional","OIT"],"articleSection":["Empleo"],"inLanguage":"es"},{"@type":"WebPage","@id":"https:\/\/observatorioigualdadyempleo.es\/diferencias-de-genero-relacionadas-con-el-trabajo\/","url":"https:\/\/observatorioigualdadyempleo.es\/diferencias-de-genero-relacionadas-con-el-trabajo\/","name":"Diferencias de g\u00e9nero relacionadas con el trabajo - Observatorio de Igualdad y Empleo","isPartOf":{"@id":"https:\/\/observatorioigualdadyempleo.es\/#website"},"datePublished":"2019-03-19T09:42:52+00:00","dateModified":"2020-03-10T15:38:29+00:00","author":{"@id":"https:\/\/observatorioigualdadyempleo.es\/#\/schema\/person\/041ae622a50c0db746d7ed6e688d6141"},"breadcrumb":{"@id":"https:\/\/observatorioigualdadyempleo.es\/diferencias-de-genero-relacionadas-con-el-trabajo\/#breadcrumb"},"inLanguage":"es","potentialAction":[{"@type":"ReadAction","target":["https:\/\/observatorioigualdadyempleo.es\/diferencias-de-genero-relacionadas-con-el-trabajo\/"]}]},{"@type":"BreadcrumbList","@id":"https:\/\/observatorioigualdadyempleo.es\/diferencias-de-genero-relacionadas-con-el-trabajo\/#breadcrumb","itemListElement":[{"@type":"ListItem","position":1,"name":"Portada","item":"https:\/\/observatorioigualdadyempleo.es\/"},{"@type":"ListItem","position":2,"name":"Diferencias de g\u00e9nero relacionadas con el trabajo"}]},{"@type":"WebSite","@id":"https:\/\/observatorioigualdadyempleo.es\/#website","url":"https:\/\/observatorioigualdadyempleo.es\/","name":"Observatorio de Igualdad y Empleo","description":"Recopilatorio de conocimiento sobre igualdad  y empleo","potentialAction":[{"@type":"SearchAction","target":{"@type":"EntryPoint","urlTemplate":"https:\/\/observatorioigualdadyempleo.es\/?s={search_term_string}"},"query-input":{"@type":"PropertyValueSpecification","valueRequired":true,"valueName":"search_term_string"}}],"inLanguage":"es"},{"@type":"Person","@id":"https:\/\/observatorioigualdadyempleo.es\/#\/schema\/person\/041ae622a50c0db746d7ed6e688d6141","name":"adminigemp","image":{"@type":"ImageObject","inLanguage":"es","@id":"https:\/\/secure.gravatar.com\/avatar\/cf076103850650f3e444b8c4446ee6f3f1efb3d7395463e7b84e7cbe4c8ec390?s=96&d=mm&r=g","url":"https:\/\/secure.gravatar.com\/avatar\/cf076103850650f3e444b8c4446ee6f3f1efb3d7395463e7b84e7cbe4c8ec390?s=96&d=mm&r=g","contentUrl":"https:\/\/secure.gravatar.com\/avatar\/cf076103850650f3e444b8c4446ee6f3f1efb3d7395463e7b84e7cbe4c8ec390?s=96&d=mm&r=g","caption":"adminigemp"},"url":"https:\/\/activat9-cp344.wordpresstemporal.com\/observatorio_igualdad_y_empleo\/author\/adminigemp\/"}]}},"_links":{"self":[{"href":"https:\/\/activat9-cp344.wordpresstemporal.com\/observatorio_igualdad_y_empleo\/wp-json\/wp\/v2\/posts\/8594","targetHints":{"allow":["GET"]}}],"collection":[{"href":"https:\/\/activat9-cp344.wordpresstemporal.com\/observatorio_igualdad_y_empleo\/wp-json\/wp\/v2\/posts"}],"about":[{"href":"https:\/\/activat9-cp344.wordpresstemporal.com\/observatorio_igualdad_y_empleo\/wp-json\/wp\/v2\/types\/post"}],"author":[{"embeddable":true,"href":"https:\/\/activat9-cp344.wordpresstemporal.com\/observatorio_igualdad_y_empleo\/wp-json\/wp\/v2\/users\/1"}],"replies":[{"embeddable":true,"href":"https:\/\/activat9-cp344.wordpresstemporal.com\/observatorio_igualdad_y_empleo\/wp-json\/wp\/v2\/comments?post=8594"}],"version-history":[{"count":2,"href":"https:\/\/activat9-cp344.wordpresstemporal.com\/observatorio_igualdad_y_empleo\/wp-json\/wp\/v2\/posts\/8594\/revisions"}],"predecessor-version":[{"id":10701,"href":"https:\/\/activat9-cp344.wordpresstemporal.com\/observatorio_igualdad_y_empleo\/wp-json\/wp\/v2\/posts\/8594\/revisions\/10701"}],"wp:attachment":[{"href":"https:\/\/activat9-cp344.wordpresstemporal.com\/observatorio_igualdad_y_empleo\/wp-json\/wp\/v2\/media?parent=8594"}],"wp:term":[{"taxonomy":"category","embeddable":true,"href":"https:\/\/activat9-cp344.wordpresstemporal.com\/observatorio_igualdad_y_empleo\/wp-json\/wp\/v2\/categories?post=8594"},{"taxonomy":"post_tag","embeddable":true,"href":"https:\/\/activat9-cp344.wordpresstemporal.com\/observatorio_igualdad_y_empleo\/wp-json\/wp\/v2\/tags?post=8594"}],"curies":[{"name":"wp","href":"https:\/\/api.w.org\/{rel}","templated":true}]}}