{"id":8600,"date":"2019-03-20T11:09:57","date_gmt":"2019-03-20T10:09:57","guid":{"rendered":"https:\/\/observatorioigualdadyempleo.es\/?p=8600"},"modified":"2020-03-10T16:40:09","modified_gmt":"2020-03-10T15:40:09","slug":"trabajo-domestico-en-aragon","status":"publish","type":"post","link":"https:\/\/activat9-cp344.wordpresstemporal.com\/observatorio_igualdad_y_empleo\/trabajo-domestico-en-aragon\/","title":{"rendered":"Trabajo dom\u00e9stico en Arag\u00f3n"},"content":{"rendered":"<p>El Departamento de Migraciones de <a href=\"http:\/\/www.ugtaragon.es\/\" target=\"_blank\" rel=\"noopener noreferrer\">UGT de Arag\u00f3n<\/a> ha publicado <a href=\"https:\/\/www.20minutos.es\/noticia\/3590867\/0\/empleo-domestico-sector-agricola-dos-ocupaciones-donde-mas-extranjeros-trabajan-situacion-precaria\/\" target=\"_blank\" rel=\"noopener noreferrer\">esta semana<\/a> el informe \u00ab<strong>Abusos laborales. Atrapados en la precariedad<\/strong>\u00bb con motivo del\u00a0D\u00eda Internacional contra el racismo y la xenofobia, el pr\u00f3ximo 21 de marzo.<\/p>\n<p>El informe visibiliza la alta representaci\u00f3n de las personas extranjeras en el sector agrario y en el trabajo dom\u00e9stico en Arag\u00f3n y la precariedad de las condiciones en las que se encuentran actualmente trabajando.<\/p>\n<p>Alrededor del 97% de las personas que trabajan en el \u00e1mbito dom\u00e9stico son mujeres. Del total, m\u00e1s de la mitad de las mujeres son extranjeras. Por su parte, los hombres se concentran en el sector agrario.<\/p>\n<p>Para conocer m\u00e1s informaci\u00f3n sobre el tema, puedes consultar el siguiente <a href=\"http:\/\/www.ugtaragon.es\/el-trabajo-agricola-y-el-empleo-domestico-sectores-con-mayor-poblacion-extranjera\" target=\"_blank\" rel=\"noopener noreferrer\">enlace<\/a>. En el <strong>Observatorio de Igualdad y Empleo<\/strong>, podr\u00e1s encontrar m\u00e1s informaci\u00f3n sobre la situaci\u00f3n de las mujeres en el mercado laboral de Arag\u00f3n a trav\u00e9s del siguiente <a href=\"https:\/\/observatorioigualdadyempleo.es\/search\/aragon\" target=\"_blank\" rel=\"noopener noreferrer\">enlace<\/a>. El\u00a0<strong>Observatorio de Igualdad y Empleo<\/strong>\u00a0es una\u00a0acci\u00f3n de divulgaci\u00f3n que forma parte del proyecto\u00a0<a href=\"https:\/\/observatorioigualdadyempleo.es\/proyecto-dana\/\" target=\"_blank\" rel=\"noopener noreferrer\">DANA<\/a>, financiado por el\u00a0<a href=\"https:\/\/ec.europa.eu\/social\/main.jsp?langId=es&amp;catId=325\" target=\"_blank\" rel=\"noopener noreferrer\">Fondo Social Europeo.<\/a><\/p>\n","protected":false},"excerpt":{"rendered":"<p>El Departamento de Migraciones de UGT de Arag\u00f3n ha publicado esta semana el informe \u00abAbusos laborales. Atrapados en la precariedad\u00bb con motivo del\u00a0D\u00eda Internacional contra el racismo y la xenofobia, el pr\u00f3ximo 21 de marzo. El informe visibiliza la alta<span class=\"excerpt-hellip\"> [\u2026]<\/span><\/p>\n","protected":false},"author":1,"featured_media":0,"comment_status":"closed","ping_status":"open","sticky":false,"template":"","format":"standard","meta":{"footnotes":""},"categories":[181],"tags":[195,145,133,130,72,92],"class_list":["post-8600","post","type-post","status-publish","format-standard","hentry","category-empleo","tag-195","tag-aragon","tag-migracion","tag-sector-agrario","tag-trabajo-domestico","tag-ugt"],"yoast_head":"<!-- This site is optimized with the Yoast SEO plugin v27.5 - https:\/\/yoast.com\/product\/yoast-seo-wordpress\/ -->\n<title>Trabajo dom\u00e9stico en Arag\u00f3n - Observatorio de Igualdad y Empleo<\/title>\n<meta name=\"robots\" content=\"index, follow, max-snippet:-1, max-image-preview:large, max-video-preview:-1\" \/>\n<link rel=\"canonical\" href=\"https:\/\/observatorioigualdadyempleo.es\/trabajo-domestico-en-aragon\/\" \/>\n<meta property=\"og:locale\" content=\"es_ES\" \/>\n<meta property=\"og:type\" content=\"article\" \/>\n<meta property=\"og:title\" content=\"Trabajo dom\u00e9stico en Arag\u00f3n - Observatorio de Igualdad y Empleo\" \/>\n<meta property=\"og:description\" content=\"El Departamento de Migraciones de UGT de Arag\u00f3n ha publicado esta semana el informe \u00abAbusos laborales. Atrapados en la precariedad\u00bb con motivo del\u00a0D\u00eda Internacional contra el racismo y la xenofobia, el pr\u00f3ximo 21 de marzo. El informe visibiliza la alta [\u2026]\" \/>\n<meta property=\"og:url\" content=\"https:\/\/observatorioigualdadyempleo.es\/trabajo-domestico-en-aragon\/\" \/>\n<meta property=\"og:site_name\" content=\"Observatorio de Igualdad y Empleo\" \/>\n<meta property=\"article:publisher\" content=\"https:\/\/www.facebook.com\/fundacionmujeres\" \/>\n<meta property=\"article:published_time\" content=\"2019-03-20T10:09:57+00:00\" \/>\n<meta property=\"article:modified_time\" content=\"2020-03-10T15:40:09+00:00\" \/>\n<meta property=\"og:image\" content=\"https:\/\/activat9-cp344.wordpresstemporal.com\/observatorio_igualdad_y_empleo\/wp-content\/uploads\/2017\/12\/icono-web.png\" \/>\n\t<meta property=\"og:image:width\" content=\"512\" \/>\n\t<meta property=\"og:image:height\" content=\"512\" \/>\n\t<meta property=\"og:image:type\" content=\"image\/png\" \/>\n<meta name=\"author\" content=\"adminigemp\" \/>\n<meta name=\"twitter:card\" content=\"summary_large_image\" \/>\n<meta name=\"twitter:creator\" content=\"@fmujeres\" \/>\n<meta name=\"twitter:site\" content=\"@fmujeres\" \/>\n<meta name=\"twitter:label1\" content=\"Escrito por\" \/>\n\t<meta name=\"twitter:data1\" content=\"adminigemp\" \/>\n\t<meta name=\"twitter:label2\" content=\"Tiempo de lectura\" \/>\n\t<meta name=\"twitter:data2\" content=\"1 minuto\" \/>\n<script type=\"application\/ld+json\" class=\"yoast-schema-graph\">{\"@context\":\"https:\\\/\\\/schema.org\",\"@graph\":[{\"@type\":\"Article\",\"@id\":\"https:\\\/\\\/observatorioigualdadyempleo.es\\\/trabajo-domestico-en-aragon\\\/#article\",\"isPartOf\":{\"@id\":\"https:\\\/\\\/observatorioigualdadyempleo.es\\\/trabajo-domestico-en-aragon\\\/\"},\"author\":{\"name\":\"adminigemp\",\"@id\":\"https:\\\/\\\/observatorioigualdadyempleo.es\\\/#\\\/schema\\\/person\\\/041ae622a50c0db746d7ed6e688d6141\"},\"headline\":\"Trabajo dom\u00e9stico en Arag\u00f3n\",\"datePublished\":\"2019-03-20T10:09:57+00:00\",\"dateModified\":\"2020-03-10T15:40:09+00:00\",\"mainEntityOfPage\":{\"@id\":\"https:\\\/\\\/observatorioigualdadyempleo.es\\\/trabajo-domestico-en-aragon\\\/\"},\"wordCount\":191,\"keywords\":[\"2019\",\"Arag\u00f3n\",\"Migraci\u00f3n\",\"Sector agrario\",\"Trabajo dom\u00e9stico\",\"UGT\"],\"articleSection\":[\"Empleo\"],\"inLanguage\":\"es\"},{\"@type\":\"WebPage\",\"@id\":\"https:\\\/\\\/observatorioigualdadyempleo.es\\\/trabajo-domestico-en-aragon\\\/\",\"url\":\"https:\\\/\\\/observatorioigualdadyempleo.es\\\/trabajo-domestico-en-aragon\\\/\",\"name\":\"Trabajo dom\u00e9stico en Arag\u00f3n - Observatorio de Igualdad y Empleo\",\"isPartOf\":{\"@id\":\"https:\\\/\\\/observatorioigualdadyempleo.es\\\/#website\"},\"datePublished\":\"2019-03-20T10:09:57+00:00\",\"dateModified\":\"2020-03-10T15:40:09+00:00\",\"author\":{\"@id\":\"https:\\\/\\\/observatorioigualdadyempleo.es\\\/#\\\/schema\\\/person\\\/041ae622a50c0db746d7ed6e688d6141\"},\"breadcrumb\":{\"@id\":\"https:\\\/\\\/observatorioigualdadyempleo.es\\\/trabajo-domestico-en-aragon\\\/#breadcrumb\"},\"inLanguage\":\"es\",\"potentialAction\":[{\"@type\":\"ReadAction\",\"target\":[\"https:\\\/\\\/observatorioigualdadyempleo.es\\\/trabajo-domestico-en-aragon\\\/\"]}]},{\"@type\":\"BreadcrumbList\",\"@id\":\"https:\\\/\\\/observatorioigualdadyempleo.es\\\/trabajo-domestico-en-aragon\\\/#breadcrumb\",\"itemListElement\":[{\"@type\":\"ListItem\",\"position\":1,\"name\":\"Portada\",\"item\":\"https:\\\/\\\/observatorioigualdadyempleo.es\\\/\"},{\"@type\":\"ListItem\",\"position\":2,\"name\":\"Trabajo dom\u00e9stico en Arag\u00f3n\"}]},{\"@type\":\"WebSite\",\"@id\":\"https:\\\/\\\/observatorioigualdadyempleo.es\\\/#website\",\"url\":\"https:\\\/\\\/observatorioigualdadyempleo.es\\\/\",\"name\":\"Observatorio de Igualdad y Empleo\",\"description\":\"Recopilatorio de conocimiento sobre igualdad  y empleo\",\"potentialAction\":[{\"@type\":\"SearchAction\",\"target\":{\"@type\":\"EntryPoint\",\"urlTemplate\":\"https:\\\/\\\/observatorioigualdadyempleo.es\\\/?s={search_term_string}\"},\"query-input\":{\"@type\":\"PropertyValueSpecification\",\"valueRequired\":true,\"valueName\":\"search_term_string\"}}],\"inLanguage\":\"es\"},{\"@type\":\"Person\",\"@id\":\"https:\\\/\\\/observatorioigualdadyempleo.es\\\/#\\\/schema\\\/person\\\/041ae622a50c0db746d7ed6e688d6141\",\"name\":\"adminigemp\",\"image\":{\"@type\":\"ImageObject\",\"inLanguage\":\"es\",\"@id\":\"https:\\\/\\\/secure.gravatar.com\\\/avatar\\\/cf076103850650f3e444b8c4446ee6f3f1efb3d7395463e7b84e7cbe4c8ec390?s=96&d=mm&r=g\",\"url\":\"https:\\\/\\\/secure.gravatar.com\\\/avatar\\\/cf076103850650f3e444b8c4446ee6f3f1efb3d7395463e7b84e7cbe4c8ec390?s=96&d=mm&r=g\",\"contentUrl\":\"https:\\\/\\\/secure.gravatar.com\\\/avatar\\\/cf076103850650f3e444b8c4446ee6f3f1efb3d7395463e7b84e7cbe4c8ec390?s=96&d=mm&r=g\",\"caption\":\"adminigemp\"},\"url\":\"https:\\\/\\\/activat9-cp344.wordpresstemporal.com\\\/observatorio_igualdad_y_empleo\\\/author\\\/adminigemp\\\/\"}]}<\/script>\n<!-- \/ Yoast SEO plugin. -->","yoast_head_json":{"title":"Trabajo dom\u00e9stico en Arag\u00f3n - Observatorio de Igualdad y Empleo","robots":{"index":"index","follow":"follow","max-snippet":"max-snippet:-1","max-image-preview":"max-image-preview:large","max-video-preview":"max-video-preview:-1"},"canonical":"https:\/\/observatorioigualdadyempleo.es\/trabajo-domestico-en-aragon\/","og_locale":"es_ES","og_type":"article","og_title":"Trabajo dom\u00e9stico en Arag\u00f3n - Observatorio de Igualdad y Empleo","og_description":"El Departamento de Migraciones de UGT de Arag\u00f3n ha publicado esta semana el informe \u00abAbusos laborales. Atrapados en la precariedad\u00bb con motivo del\u00a0D\u00eda Internacional contra el racismo y la xenofobia, el pr\u00f3ximo 21 de marzo. El informe visibiliza la alta [\u2026]","og_url":"https:\/\/observatorioigualdadyempleo.es\/trabajo-domestico-en-aragon\/","og_site_name":"Observatorio de Igualdad y Empleo","article_publisher":"https:\/\/www.facebook.com\/fundacionmujeres","article_published_time":"2019-03-20T10:09:57+00:00","article_modified_time":"2020-03-10T15:40:09+00:00","og_image":[{"width":512,"height":512,"url":"https:\/\/activat9-cp344.wordpresstemporal.com\/observatorio_igualdad_y_empleo\/wp-content\/uploads\/2017\/12\/icono-web.png","type":"image\/png"}],"author":"adminigemp","twitter_card":"summary_large_image","twitter_creator":"@fmujeres","twitter_site":"@fmujeres","twitter_misc":{"Escrito por":"adminigemp","Tiempo de lectura":"1 minuto"},"schema":{"@context":"https:\/\/schema.org","@graph":[{"@type":"Article","@id":"https:\/\/observatorioigualdadyempleo.es\/trabajo-domestico-en-aragon\/#article","isPartOf":{"@id":"https:\/\/observatorioigualdadyempleo.es\/trabajo-domestico-en-aragon\/"},"author":{"name":"adminigemp","@id":"https:\/\/observatorioigualdadyempleo.es\/#\/schema\/person\/041ae622a50c0db746d7ed6e688d6141"},"headline":"Trabajo dom\u00e9stico en Arag\u00f3n","datePublished":"2019-03-20T10:09:57+00:00","dateModified":"2020-03-10T15:40:09+00:00","mainEntityOfPage":{"@id":"https:\/\/observatorioigualdadyempleo.es\/trabajo-domestico-en-aragon\/"},"wordCount":191,"keywords":["2019","Arag\u00f3n","Migraci\u00f3n","Sector agrario","Trabajo dom\u00e9stico","UGT"],"articleSection":["Empleo"],"inLanguage":"es"},{"@type":"WebPage","@id":"https:\/\/observatorioigualdadyempleo.es\/trabajo-domestico-en-aragon\/","url":"https:\/\/observatorioigualdadyempleo.es\/trabajo-domestico-en-aragon\/","name":"Trabajo dom\u00e9stico en Arag\u00f3n - Observatorio de Igualdad y Empleo","isPartOf":{"@id":"https:\/\/observatorioigualdadyempleo.es\/#website"},"datePublished":"2019-03-20T10:09:57+00:00","dateModified":"2020-03-10T15:40:09+00:00","author":{"@id":"https:\/\/observatorioigualdadyempleo.es\/#\/schema\/person\/041ae622a50c0db746d7ed6e688d6141"},"breadcrumb":{"@id":"https:\/\/observatorioigualdadyempleo.es\/trabajo-domestico-en-aragon\/#breadcrumb"},"inLanguage":"es","potentialAction":[{"@type":"ReadAction","target":["https:\/\/observatorioigualdadyempleo.es\/trabajo-domestico-en-aragon\/"]}]},{"@type":"BreadcrumbList","@id":"https:\/\/observatorioigualdadyempleo.es\/trabajo-domestico-en-aragon\/#breadcrumb","itemListElement":[{"@type":"ListItem","position":1,"name":"Portada","item":"https:\/\/observatorioigualdadyempleo.es\/"},{"@type":"ListItem","position":2,"name":"Trabajo dom\u00e9stico en Arag\u00f3n"}]},{"@type":"WebSite","@id":"https:\/\/observatorioigualdadyempleo.es\/#website","url":"https:\/\/observatorioigualdadyempleo.es\/","name":"Observatorio de Igualdad y Empleo","description":"Recopilatorio de conocimiento sobre igualdad  y empleo","potentialAction":[{"@type":"SearchAction","target":{"@type":"EntryPoint","urlTemplate":"https:\/\/observatorioigualdadyempleo.es\/?s={search_term_string}"},"query-input":{"@type":"PropertyValueSpecification","valueRequired":true,"valueName":"search_term_string"}}],"inLanguage":"es"},{"@type":"Person","@id":"https:\/\/observatorioigualdadyempleo.es\/#\/schema\/person\/041ae622a50c0db746d7ed6e688d6141","name":"adminigemp","image":{"@type":"ImageObject","inLanguage":"es","@id":"https:\/\/secure.gravatar.com\/avatar\/cf076103850650f3e444b8c4446ee6f3f1efb3d7395463e7b84e7cbe4c8ec390?s=96&d=mm&r=g","url":"https:\/\/secure.gravatar.com\/avatar\/cf076103850650f3e444b8c4446ee6f3f1efb3d7395463e7b84e7cbe4c8ec390?s=96&d=mm&r=g","contentUrl":"https:\/\/secure.gravatar.com\/avatar\/cf076103850650f3e444b8c4446ee6f3f1efb3d7395463e7b84e7cbe4c8ec390?s=96&d=mm&r=g","caption":"adminigemp"},"url":"https:\/\/activat9-cp344.wordpresstemporal.com\/observatorio_igualdad_y_empleo\/author\/adminigemp\/"}]}},"_links":{"self":[{"href":"https:\/\/activat9-cp344.wordpresstemporal.com\/observatorio_igualdad_y_empleo\/wp-json\/wp\/v2\/posts\/8600","targetHints":{"allow":["GET"]}}],"collection":[{"href":"https:\/\/activat9-cp344.wordpresstemporal.com\/observatorio_igualdad_y_empleo\/wp-json\/wp\/v2\/posts"}],"about":[{"href":"https:\/\/activat9-cp344.wordpresstemporal.com\/observatorio_igualdad_y_empleo\/wp-json\/wp\/v2\/types\/post"}],"author":[{"embeddable":true,"href":"https:\/\/activat9-cp344.wordpresstemporal.com\/observatorio_igualdad_y_empleo\/wp-json\/wp\/v2\/users\/1"}],"replies":[{"embeddable":true,"href":"https:\/\/activat9-cp344.wordpresstemporal.com\/observatorio_igualdad_y_empleo\/wp-json\/wp\/v2\/comments?post=8600"}],"version-history":[{"count":2,"href":"https:\/\/activat9-cp344.wordpresstemporal.com\/observatorio_igualdad_y_empleo\/wp-json\/wp\/v2\/posts\/8600\/revisions"}],"predecessor-version":[{"id":10704,"href":"https:\/\/activat9-cp344.wordpresstemporal.com\/observatorio_igualdad_y_empleo\/wp-json\/wp\/v2\/posts\/8600\/revisions\/10704"}],"wp:attachment":[{"href":"https:\/\/activat9-cp344.wordpresstemporal.com\/observatorio_igualdad_y_empleo\/wp-json\/wp\/v2\/media?parent=8600"}],"wp:term":[{"taxonomy":"category","embeddable":true,"href":"https:\/\/activat9-cp344.wordpresstemporal.com\/observatorio_igualdad_y_empleo\/wp-json\/wp\/v2\/categories?post=8600"},{"taxonomy":"post_tag","embeddable":true,"href":"https:\/\/activat9-cp344.wordpresstemporal.com\/observatorio_igualdad_y_empleo\/wp-json\/wp\/v2\/tags?post=8600"}],"curies":[{"name":"wp","href":"https:\/\/api.w.org\/{rel}","templated":true}]}}